{"id":120917,"date":"2025-05-23T02:32:13","date_gmt":"2025-05-23T02:32:13","guid":{"rendered":"https:\/\/www.europesays.com\/fr\/120917\/"},"modified":"2025-05-23T02:32:13","modified_gmt":"2025-05-23T02:32:13","slug":"les-pink-rockets-exigent-la-demission-immediate-du-directeur-sportif-de-toutes-ses-fonctions-au-sein-du-stade-francais-apres-des-propos-homophobes","status":"publish","type":"post","link":"https:\/\/www.europesays.com\/fr\/120917\/","title":{"rendered":"les Pink Rockets exigent la \u00abd\u00e9mission imm\u00e9diate du directeur sportif de toutes ses fonctions au sein du Stade fran\u00e7ais\u00bb apr\u00e8s des propos homophobes"},"content":{"rendered":"<p>Dans un communiqu\u00e9 publi\u00e9 ce jeudi, les joueuses parisiennes ont d\u00e9nonc\u00e9 des paroles qui participent \u00e0 \u00abun syst\u00e8me de domination et d\u2019exclusion\u00bb.<\/p>\n<p class=\"fig-paragraph\">Les joueuses du Stade fran\u00e7ais ont appel\u00e9 jeudi \u00e0 la d\u00e9mission du directeur sportif de la section f\u00e9minine du club, vis\u00e9 par des accusations de propos lesbophobes et sexistes contre plusieurs joueuses et une dirigeante, apr\u00e8s\u00a0<a href=\"https:\/\/www.mediapart.fr\/journal\/france\/160525\/rugby-au-stade-francais-sexisme-et-lesbophobie-ne-sont-pas-penalises\" target=\"_blank\" rel=\"nofollow noopener\" data-gtm-custom-categorie=\"navigation\" data-gtm-custom-action=\"crossclick\" data-gtm-custom-label=\"Contextuel\" data-gtm-event=\"customEventSPE\">des r\u00e9v\u00e9lations de Mediapart<\/a>. \u00abCes paroles (&#8230;) ne sont pas de simples d\u00e9rapages\u00a0: elles participent \u00e0 un syst\u00e8me de domination et d&rsquo;exclusion\u00bb, d\u00e9nonce le communiqu\u00e9 des joueuses publi\u00e9 sur les r\u00e9seaux sociaux, qui appelle \u00e0 la \u00abd\u00e9mission imm\u00e9diate du directeur sportif de toutes ses fonctions au sein du Stade fran\u00e7ais\u00bb et critiquent \u00abl&rsquo;inaction et les tentatives de dissimulation\u00bb du bureau de l&rsquo;association.<\/p>\n<p class=\"fig-paragraph\">Les t\u00e9moignages, qui proviennent de diff\u00e9rentes joueuses mais aussi de Laura, ancienne joueuse de 27 ans et directrice b\u00e9n\u00e9vole de l&rsquo;\u00e9quipe f\u00e9minine, font \u00e9tat d&rsquo;insultes homophobes, d\u00e9nigrant la sexualit\u00e9 des joueuses. Apr\u00e8s avoir subi ce qu&rsquo;elle dit \u00eatre une \u00abnouvelle humiliation\u00bb \u00e0 l&rsquo;automne dernier, Laura a d\u00e9pos\u00e9 plainte dans un commissariat, et a r\u00e9alis\u00e9\u00a0<a href=\"http:\/\/www.lefigaro.fr\/sports\/rugby\/top-14\/propos-humiliants-et-homophobes-dans-la-section-feminine-le-stade-francais-repond-aux-accusations-de-mediapart-20250517\" data-fig-type=\"NewsFlash\" data-gtm-custom-categorie=\"navigation\" data-gtm-custom-action=\"crossclick\" data-gtm-custom-label=\"Contextuel\" data-gtm-event=\"customEventSPE\" data-fig-domain=\"LEFIGARO\" target=\"_blank\" rel=\"noopener\">un signalement aupr\u00e8s de la F\u00e9d\u00e9ration Fran\u00e7aise de Rugby (FFR) en d\u00e9cembre<\/a>.<\/p>\n<p>Un bl\u00e2me a \u00e9t\u00e9 adress\u00e9 au directeur sportif<\/p>\n<p class=\"fig-paragraph\">La FFR a confirm\u00e9 \u00e0 l&rsquo;AFP avoir re\u00e7u ce signalement sur sa plateforme d\u00e9di\u00e9e et que le conseil de discipline du rugby fran\u00e7ais a \u00e9t\u00e9 saisi. Le Stade fran\u00e7ais a indiqu\u00e9 samedi dernier avoir adress\u00e9 un bl\u00e2me au directeur sportif, \u00e0 l&rsquo;issue d&rsquo;une enqu\u00eate interne, et d\u00e9clar\u00e9 \u00abde nouveau et sans retenue, tout notre soutien \u00e0 la victime de ces faits\u00bb. Suspendu de ses fonctions aupr\u00e8s de l&rsquo;\u00e9quipe f\u00e9minine depuis d\u00e9but janvier et la conclusion de l&rsquo;enqu\u00eate interne, le directeur sportif a cependant conserv\u00e9 le reste de ses pr\u00e9rogatives au sein de l&rsquo;association sportive du club parisien.<\/p>\n<p class=\"fig-paragraph\">\u00abNous avons pris connaissance de la sanction &#8211; un bl\u00e2me &#8211; par l&rsquo;interm\u00e9diaire d&rsquo;un communiqu\u00e9 intervenu plus de 5 mois apr\u00e8s la d\u00e9nonciation des faits\u00bb, regrettent les joueuses. \u00abNous sommes dans l&rsquo;incompr\u00e9hension totale face au manque de soutien de la part du bureau de l&rsquo;association. Aucune communication, ni r\u00e9union d&rsquo;information n&rsquo;ont \u00e9t\u00e9 faites sur le sujet\u00bb, d\u00e9nonce le communiqu\u00e9 des Pink Rockets, l&rsquo;\u00e9quipe f\u00e9minine du Stade fran\u00e7ais.<\/p>\n","protected":false},"excerpt":{"rendered":"Dans un communiqu\u00e9 publi\u00e9 ce jeudi, les joueuses parisiennes ont d\u00e9nonc\u00e9 des paroles qui participent \u00e0 \u00abun syst\u00e8me&hellip;\n","protected":false},"author":2,"featured_media":120918,"comment_status":"","ping_status":"","sticky":false,"template":"","format":"standard","meta":{"footnotes":""},"categories":[1412],"tags":[2306,525,2309,1981,2313,1089,451,814,1451,1452,1453,1454,1455,1011,27,955,2308,2311,1980,479,2259,2307,60,2558,478,2310,2312,513],"class_list":{"0":"post-120917","1":"post","2":"type-post","3":"status-publish","4":"format-standard","5":"has-post-thumbnail","7":"category-f1","8":"tag-6-nations","9":"tag-calendrier","10":"tag-challenge-europeen","11":"tag-classement","12":"tag-clermont","13":"tag-coupe-deurope","14":"tag-coupe-du-monde","15":"tag-direct","16":"tag-f1","17":"tag-formula-1","18":"tag-formula1","19":"tag-formule-1","20":"tag-formule1","21":"tag-fr","22":"tag-france","23":"tag-match","24":"tag-pro-d2","25":"tag-racing","26":"tag-resultats","27":"tag-rugby","28":"tag-score","29":"tag-six-nations","30":"tag-sports","31":"tag-stade-francais","32":"tag-top-14","33":"tag-toulon","34":"tag-toulouse","35":"tag-xv-de-france"},"share_on_mastodon":{"url":"https:\/\/pubeurope.com\/@fr\/114554807564375779","error":""},"_links":{"self":[{"href":"https:\/\/www.europesays.com\/fr\/wp-json\/wp\/v2\/posts\/120917","targetHints":{"allow":["GET"]}}],"collection":[{"href":"https:\/\/www.europesays.com\/fr\/wp-json\/wp\/v2\/posts"}],"about":[{"href":"https:\/\/www.europesays.com\/fr\/wp-json\/wp\/v2\/types\/post"}],"author":[{"embeddable":true,"href":"https:\/\/www.europesays.com\/fr\/wp-json\/wp\/v2\/users\/2"}],"replies":[{"embeddable":true,"href":"https:\/\/www.europesays.com\/fr\/wp-json\/wp\/v2\/comments?post=120917"}],"version-history":[{"count":0,"href":"https:\/\/www.europesays.com\/fr\/wp-json\/wp\/v2\/posts\/120917\/revisions"}],"wp:featuredmedia":[{"embeddable":true,"href":"https:\/\/www.europesays.com\/fr\/wp-json\/wp\/v2\/media\/120918"}],"wp:attachment":[{"href":"https:\/\/www.europesays.com\/fr\/wp-json\/wp\/v2\/media?parent=120917"}],"wp:term":[{"taxonomy":"category","embeddable":true,"href":"https:\/\/www.europesays.com\/fr\/wp-json\/wp\/v2\/categories?post=120917"},{"taxonomy":"post_tag","embeddable":true,"href":"https:\/\/www.europesays.com\/fr\/wp-json\/wp\/v2\/tags?post=120917"}],"curies":[{"name":"wp","href":"https:\/\/api.w.org\/{rel}","templated":true}]}}