{"id":120925,"date":"2025-05-23T02:36:14","date_gmt":"2025-05-23T02:36:14","guid":{"rendered":"https:\/\/www.europesays.com\/fr\/120925\/"},"modified":"2025-05-23T02:36:14","modified_gmt":"2025-05-23T02:36:14","slug":"giacometti-grand-sculpteur-du-xxe-siecle-sexpose-au-musee-de-valence","status":"publish","type":"post","link":"https:\/\/www.europesays.com\/fr\/120925\/","title":{"rendered":"Giacometti, grand sculpteur du XXe si\u00e8cle, s\u2019expose au mus\u00e9e de Valence"},"content":{"rendered":"<p>Gants blancs enfil\u00e9s, concentration \u00e0 son maximum\u2026 B\u00e9atrice Roussel, r\u00e9gisseuse des expositions et son coll\u00e8gue prennent mille pr\u00e9cautions pour sortir de sa caisse, faite sur mesure, une sculpture de bronze \u00e0 la silhouette longiligne sign\u00e9e du grand Alberto Giacometti.<\/p>\n<p>Les yeux\u00a0d\u2019Ingrid Jurzak, la directrice du mus\u00e9e de Valence, brillent un peu. Pour l\u2019heure, il s\u2019agit d\u2019agencer la pi\u00e8ce mais, d\u00e8s le 31\u00a0mai, le public pourra&#8230;<\/p>\n","protected":false},"excerpt":{"rendered":"Gants blancs enfil\u00e9s, concentration \u00e0 son maximum\u2026 B\u00e9atrice Roussel, r\u00e9gisseuse des expositions et son coll\u00e8gue prennent mille pr\u00e9cautions&hellip;\n","protected":false},"author":2,"featured_media":120926,"comment_status":"","ping_status":"","sticky":false,"template":"","format":"standard","meta":{"footnotes":""},"categories":[1358],"tags":[1348,1384,1385,1687,1386,58,2730,2735,59,2271,1011,27,2733,2734],"class_list":{"0":"post-120925","1":"post","2":"type-post","3":"status-publish","4":"format-standard","5":"has-post-thumbnail","7":"category-arts-et-design","8":"tag-arts","9":"tag-arts-and-design","10":"tag-arts-et-design","11":"tag-culture-loisirs","12":"tag-design","13":"tag-divertissement","14":"tag-drome","15":"tag-edition-valence-rhone-crussol-vallee-de-la-drome","16":"tag-entertainment","17":"tag-exposition-arts-plastiques","18":"tag-fr","19":"tag-france","20":"tag-valence","21":"tag-valence-bassin"},"share_on_mastodon":{"url":"https:\/\/pubeurope.com\/@fr\/114554823371550306","error":""},"_links":{"self":[{"href":"https:\/\/www.europesays.com\/fr\/wp-json\/wp\/v2\/posts\/120925","targetHints":{"allow":["GET"]}}],"collection":[{"href":"https:\/\/www.europesays.com\/fr\/wp-json\/wp\/v2\/posts"}],"about":[{"href":"https:\/\/www.europesays.com\/fr\/wp-json\/wp\/v2\/types\/post"}],"author":[{"embeddable":true,"href":"https:\/\/www.europesays.com\/fr\/wp-json\/wp\/v2\/users\/2"}],"replies":[{"embeddable":true,"href":"https:\/\/www.europesays.com\/fr\/wp-json\/wp\/v2\/comments?post=120925"}],"version-history":[{"count":0,"href":"https:\/\/www.europesays.com\/fr\/wp-json\/wp\/v2\/posts\/120925\/revisions"}],"wp:featuredmedia":[{"embeddable":true,"href":"https:\/\/www.europesays.com\/fr\/wp-json\/wp\/v2\/media\/120926"}],"wp:attachment":[{"href":"https:\/\/www.europesays.com\/fr\/wp-json\/wp\/v2\/media?parent=120925"}],"wp:term":[{"taxonomy":"category","embeddable":true,"href":"https:\/\/www.europesays.com\/fr\/wp-json\/wp\/v2\/categories?post=120925"},{"taxonomy":"post_tag","embeddable":true,"href":"https:\/\/www.europesays.com\/fr\/wp-json\/wp\/v2\/tags?post=120925"}],"curies":[{"name":"wp","href":"https:\/\/api.w.org\/{rel}","templated":true}]}}