{"id":120943,"date":"2025-05-23T02:45:10","date_gmt":"2025-05-23T02:45:10","guid":{"rendered":"https:\/\/www.europesays.com\/fr\/120943\/"},"modified":"2025-05-23T02:45:10","modified_gmt":"2025-05-23T02:45:10","slug":"les-terres-rares-un-enjeu-existentiel-au-coeur-de-laffrontement-entre-donald-trump-et-xi-jinping","status":"publish","type":"post","link":"https:\/\/www.europesays.com\/fr\/120943\/","title":{"rendered":"Les terres rares, un \u00abenjeu existentiel\u00bb au c\u0153ur de l\u2019affrontement entre Donald Trump et Xi Jinping"},"content":{"rendered":"<p><strong>R\u00c9CIT &#8211;<\/strong> Les \u00c9tats-Unis sont pr\u00eats \u00e0 tout pour mettre la main sur ces m\u00e9taux tr\u00e8s critiques dont la Chine d\u00e9tient pour l\u2019instant le quasi-monopole mondial.<\/p>\n<p class=\"fig-paragraph\">Les terres rares. Il y a quelques ann\u00e9es, personne en dehors des sp\u00e9cialistes n\u2019en avait entendu parler. Et pourtant, ces minerais sont aujourd\u2019hui au c\u0153ur des guerres \u00e9conomiques et commerciales qui d\u00e9chirent la plan\u00e8te.\u00a0<a href=\"http:\/\/www.lefigaro.fr\/international\/avec-son-dome-d-or-antimissile-donald-trump-veut-relancer-la-guerre-des-etoiles-20250521\" data-fig-type=\"Article\" data-gtm-custom-categorie=\"navigation\" data-gtm-custom-action=\"crossclick\" data-gtm-custom-label=\"Contextuel\" data-gtm-event=\"customEventSPE\" data-fig-domain=\"LEFIGARO\" target=\"_blank\" rel=\"noopener\">Donald Trump<\/a>\u00a0n\u2019a modul\u00e9 son attitude plut\u00f4t hostile envers Kiev qu\u2019apr\u00e8s \u00eatre parvenu \u00e0 un accord sur l\u2019exploitation des minerais critiques de l\u2019Ukraine, qui d\u00e9tiendrait 5\u00a0% des r\u00e9serves mondiales de terres rares. Le pr\u00e9sident am\u00e9ricain n\u2019a, par ailleurs, pas h\u00e9sit\u00e9 \u00e0\u00a0<a href=\"http:\/\/www.lefigaro.fr\/conjoncture\/terres-rares-uranium-graphite-ces-richesses-du-groenland-que-convoite-donald-trump-20250107\" data-fig-type=\"Article\" data-gtm-custom-categorie=\"navigation\" data-gtm-custom-action=\"crossclick\" data-gtm-custom-label=\"Contextuel\" data-gtm-event=\"customEventSPE\" data-fig-domain=\"LEFIGARO\" target=\"_blank\" rel=\"noopener\">menacer de recourir \u00e0 la force pour mettre la main sur le Groenland<\/a>, l\u2019immense \u00eele arctique aux sous-sols riches en terres rares et autres m\u00e9taux critiques.<\/p>\n<p class=\"fig-paragraph\"><a href=\"http:\/\/www.lefigaro.fr\/societes\/le-chimiste-belge-solvay-renforce-la-souverainete-de-l-europe-dans-les-terres-rares-20250408\" data-fig-type=\"Article\" data-gtm-custom-categorie=\"navigation\" data-gtm-custom-action=\"crossclick\" data-gtm-custom-label=\"Contextuel\" data-gtm-event=\"customEventSPE\" data-fig-domain=\"LEFIGARO\" target=\"_blank\" rel=\"noopener\">Les terres rares<\/a>, c\u2019est aussi le levier actionn\u00e9 par la Chine d\u00e8s le 4\u00a0avril, deux jours apr\u00e8s que Donald Trump lui a impos\u00e9 des droits de douane exorbitants. P\u00e9kin a d\u00e9cid\u00e9 de restreindre les exportations des plus indispensables parmi ces m\u00e9taux. Et s\u2019est bien gard\u00e9 de revenir clairement en arri\u00e8re sur ce sujet lors de la tr\u00eave sign\u00e9e le 12\u00a0mai avec Washington<\/p>\n<p class=\"fig-premium-paywall__infos\">\n        Cet article est r\u00e9serv\u00e9 aux abonn\u00e9s.        Il vous reste 88% \u00e0 d\u00e9couvrir.\n    <\/p>\n<p>                <img  data- alt=\"Le Figaro\" class=\"fig-img--complete fig-img\"\/><\/p>\n<p class=\"fig-premium-paywall__title\">Vente Flash<\/p>\n<p class=\"fig-premium-paywall__subtitle\">4,99\u20ac par mois pendant 12 mois. Sans engagement.<\/p>\n<p class=\"fig-premium-paywall__connect\">\n                D\u00e9j\u00e0 abonn\u00e9\u00a0?                <a class=\"fig-premium-paywall__connect-link\" href=\"https:\/\/connect.lefigaro.fr\/login?client=horizon_web&amp;type=main&amp;redirect_uri=https%3A%2F%2Fwww.lefigaro.fr%2Fconjoncture%2Fles-terres-rares-un-enjeu-existentiel-au-coeur-de-l-affrontement-entre-donald-trump-et-xi-jinping-20250522\" data-js-gtm=\"{&quot;customCategorie&quot;: &quot;conversion&quot;, &quot;customAction&quot;: &quot;before_Landing_Connexion_paywall_auto&quot;, &quot;customLabel&quot;: &quot;bGVmaWdhcm8uZnJfXzFmMDI3MzA1LTkxODMtNjFmMC1iNzYyLWU5MGNkNzJlNGU0YV9fQXJ0aWNsZQ==_Les terres rares, un \u00abenjeu existentiel\u00bb au c\u0153ur de l\u2019affrontement entre Donald Trump et Xi Jinping_353&quot;, &quot;customIDSPE&quot;: &quot;bGVmaWdhcm8uZnJfXzFmMDI3MzA1LTkxODMtNjFmMC1iNzYyLWU5MGNkNzJlNGU0YV9fQXJ0aWNsZQ==&quot;, &quot;event&quot;: &quot;customEventSPE&quot;}\" target=\"_blank\" rel=\"noopener\"><br \/>\n                    Connectez-vous<br \/>\n                <\/a>\n            <\/p>\n","protected":false},"excerpt":{"rendered":"R\u00c9CIT &#8211; Les \u00c9tats-Unis sont pr\u00eats \u00e0 tout pour mettre la main sur ces m\u00e9taux tr\u00e8s critiques dont&hellip;\n","protected":false},"author":2,"featured_media":120944,"comment_status":"","ping_status":"","sticky":false,"template":"","format":"standard","meta":{"footnotes":""},"categories":[6],"tags":[339,340,35,343,345,350,130,344,352,349,75,33,34,341,313,1011,27,346,342,353,351,347,348,20566,354],"class_list":{"0":"post-120943","1":"post","2":"type-post","3":"status-publish","4":"format-standard","5":"has-post-thumbnail","7":"category-economie","8":"tag-actualite-economique","9":"tag-bourse","10":"tag-business","11":"tag-cac-40","12":"tag-chef-dentreprise","13":"tag-concurrence","14":"tag-consommation","15":"tag-creation-dentreprise","16":"tag-crise","17":"tag-delocalisations","18":"tag-donald-trump","19":"tag-economie","20":"tag-economy","21":"tag-emploi","22":"tag-entreprises","23":"tag-fr","24":"tag-france","25":"tag-grands-patrons","26":"tag-impots","27":"tag-licenciements","28":"tag-monopole","29":"tag-multinationales","30":"tag-privatisation","31":"tag-terres-rares","32":"tag-unio"},"share_on_mastodon":{"url":"https:\/\/pubeurope.com\/@fr\/114554858571474804","error":""},"_links":{"self":[{"href":"https:\/\/www.europesays.com\/fr\/wp-json\/wp\/v2\/posts\/120943","targetHints":{"allow":["GET"]}}],"collection":[{"href":"https:\/\/www.europesays.com\/fr\/wp-json\/wp\/v2\/posts"}],"about":[{"href":"https:\/\/www.europesays.com\/fr\/wp-json\/wp\/v2\/types\/post"}],"author":[{"embeddable":true,"href":"https:\/\/www.europesays.com\/fr\/wp-json\/wp\/v2\/users\/2"}],"replies":[{"embeddable":true,"href":"https:\/\/www.europesays.com\/fr\/wp-json\/wp\/v2\/comments?post=120943"}],"version-history":[{"count":0,"href":"https:\/\/www.europesays.com\/fr\/wp-json\/wp\/v2\/posts\/120943\/revisions"}],"wp:featuredmedia":[{"embeddable":true,"href":"https:\/\/www.europesays.com\/fr\/wp-json\/wp\/v2\/media\/120944"}],"wp:attachment":[{"href":"https:\/\/www.europesays.com\/fr\/wp-json\/wp\/v2\/media?parent=120943"}],"wp:term":[{"taxonomy":"category","embeddable":true,"href":"https:\/\/www.europesays.com\/fr\/wp-json\/wp\/v2\/categories?post=120943"},{"taxonomy":"post_tag","embeddable":true,"href":"https:\/\/www.europesays.com\/fr\/wp-json\/wp\/v2\/tags?post=120943"}],"curies":[{"name":"wp","href":"https:\/\/api.w.org\/{rel}","templated":true}]}}