{"id":120982,"date":"2025-05-23T03:10:10","date_gmt":"2025-05-23T03:10:10","guid":{"rendered":"https:\/\/www.europesays.com\/fr\/120982\/"},"modified":"2025-05-23T03:10:10","modified_gmt":"2025-05-23T03:10:10","slug":"adolescent-tue-a-bordeaux-verdict-attendu-au-terme-dun-proces-sous-tension-actualites","status":"publish","type":"post","link":"https:\/\/www.europesays.com\/fr\/120982\/","title":{"rendered":"Adolescent tu\u00e9 \u00e0 Bordeaux: verdict attendu au terme d&rsquo;un proc\u00e8s sous tension : Actualit\u00e9s"},"content":{"rendered":"<p class=\"lead \">Son ouverture, il y a deux semaines, a donn\u00e9 lieu \u00e0 une bagarre dans le palais de justice. Le proc\u00e8s tendu du meurtre d&rsquo;un adolescent \u00e0 Bordeaux, sur fond de rivalit\u00e9 entre quartiers, s&rsquo;ach\u00e8ve vendredi devant la cour d&rsquo;assises de la Gironde.<\/p>\n<p class=\"lead \">Trente ans de r\u00e9clusion criminelle ont \u00e9t\u00e9 requis contre deux jeunes hommes accus\u00e9s d&rsquo;avoir tir\u00e9 mortellement sur Lionel, 16 ans, et bless\u00e9 trois mineurs et un adulte aux Aubiers, quartier populaire du nord de Bordeaux, le 2 janvier 2021.<\/p>\n<p class=\"lead \">Une peine de 20 ans a \u00e9t\u00e9 requise contre le chauffeur pr\u00e9sum\u00e9 du commando. Les trois nient leur participation aux faits.<\/p>\n<p class=\"lead \">\u00ab\u00a0Ils n&rsquo;ont pas h\u00e9sit\u00e9 \u00e0 +rafaler+ dans le dos des enfants qui s&rsquo;enfuyaient\u00a0\u00bb, a d\u00e9nonc\u00e9 mercredi l&rsquo;avocat g\u00e9n\u00e9ral, Jean-Luc Gadaud, fustigeant un mobile \u00ab\u00a0pitoyable\u00a0\u00bb, \u00ab\u00a0une simple bataille de rap entre deux quartiers\u00a0\u00bb, \u00ab\u00a0seul d\u00e9clencheur de ce carnage\u00a0\u00bb.<\/p>\n<p class=\"lead \">\u00ab\u00a0Le premier jour d&rsquo;audience a montr\u00e9 le niveau de haine\u00a0\u00bb, a poursuivi le magistrat dans son r\u00e9quisitoire, \u00e9voquant \u00ab\u00a0ces hommes en noir venus pour en d\u00e9coudre\u00a0\u00bb le soir du 12 mai.<\/p>\n<p class=\"lead \">Tandis que la salle d&rsquo;audience se vidait, une rixe avait \u00e9clat\u00e9 entre soutiens des victimes et partisans des accus\u00e9s. Le dispositif policier a depuis \u00e9t\u00e9 renforc\u00e9, la jauge de l&rsquo;assistance r\u00e9duite.<\/p>\n<p class=\"lead \">\u00ab\u00a0M\u00eame la mort d&rsquo;un gamin n&rsquo;a pas un instant gu\u00e9ri les quartiers de leur haine. C&rsquo;est une violence revendiqu\u00e9e et d\u00e9sinhib\u00e9e\u00a0\u00bb, a cingl\u00e9 l&rsquo;avocat g\u00e9n\u00e9ral, en voyant l\u00e0 \u00ab\u00a0une photographie de notre temps\u00a0\u00bb.<\/p>\n<p class=\"lead \">&#8211; Intimidations et menaces &#8211;<\/p>\n<p class=\"lead \">La tension est rest\u00e9e palpable durant le proc\u00e8s, des t\u00e9moins exprimant leur \u00ab\u00a0peur\u00a0\u00bb de repr\u00e9sailles. \u00ab\u00a0Il y a des v\u00e9rit\u00e9s que je ne dirai pas\u00a0\u00bb, a d\u00e9clar\u00e9 l&rsquo;un d&rsquo;eux, deux femmes refusant de venir d\u00e9poser devant la cour apr\u00e8s des \u00ab\u00a0intimidations\u00a0\u00bb.<\/p>\n<p class=\"lead \">\u00ab\u00a0Vous avez des accus\u00e9s qui gardent le silence, qui mentent, des \u00e9l\u00e9ments de preuves qui disparaissent, des t\u00e9moins menac\u00e9s\u00a0\u00bb, a r\u00e9sum\u00e9 Jean-Luc Gadaud.<\/p>\n<p class=\"lead \">Il a requis des peines allant de trois ans (dont deux avec sursis) \u00e0 cinq ans de prison \u00e0 l&rsquo;encontre des cinq autres mis en cause, jug\u00e9s pour association de malfaiteurs &#8211; tous nient aussi les faits.<\/p>\n<p class=\"lead \">Le 2 janvier 2021 en fin de journ\u00e9e, tandis que Lionel et un ami vendaient des p\u00e2tisseries au pied d&rsquo;un immeuble, des t\u00e9moins ont vu deux hommes cagoul\u00e9s surgir d&rsquo;une Clio noire conduite par un troisi\u00e8me.<\/p>\n<p class=\"lead \">L&rsquo;accusation s&rsquo;appuie aussi sur des \u00e9l\u00e9ments de t\u00e9l\u00e9phonie, des appareils ayant \u00e9t\u00e9 \u00e9teints puis rallum\u00e9s avant et apr\u00e8s les tirs, ainsi que sur l&rsquo;achat, quelques heures avant la fusillade, de cagoules et de gants en latex &#8211; pour faire de la motocross et du m\u00e9nage, selon les accus\u00e9s.<\/p>\n<p class=\"lead \">&#8211; \u00ab\u00a0Faire taire les d\u00e9tonations\u00a0\u00bb &#8211;<\/p>\n<p class=\"lead \">\u00ab\u00a0Ces achats signent le crime\u00a0\u00bb, a tonn\u00e9 mercredi Me Jean Gonthier, l&rsquo;un des avocats des parties civiles. Mais pour la d\u00e9fense, qui plaide l&rsquo;acquittement g\u00e9n\u00e9ral, rien ne prouve la culpabilit\u00e9 des mis en cause, tous issus de la cit\u00e9 Chantecrit.<\/p>\n<p class=\"lead \">\u00ab\u00a0On a retrouv\u00e9 l&rsquo;arme? Non. ADN? Non. Empreintes? Non. T\u00e9moin objectif? Non. Lien avec le v\u00e9hicule vol\u00e9? Non. Vid\u00e9osurveillance? Non plus\u00a0\u00bb, a \u00e9num\u00e9r\u00e9 jeudi \u00e0 la barre Me Sa\u00efd Harir, avocat d&rsquo;un des tireurs pr\u00e9sum\u00e9s.<\/p>\n<p class=\"lead \">Me Christian Blazy, qui d\u00e9fend l&rsquo;autre, rappelle que selon les douilles saisies sur les lieux, l&rsquo;arme utilis\u00e9e le 2 janvier 2021 avait d\u00e9j\u00e0 \u00e9t\u00e9 utilis\u00e9e en 2019, mais cette fois contre les accus\u00e9s. Ce qui accr\u00e9dite, selon lui, la piste d&rsquo;un r\u00e8glement de comptes impliquant d&rsquo;autres tireurs, qui serait li\u00e9 au trafic de stup\u00e9fiants.<\/p>\n<p class=\"lead \">La rivalit\u00e9 entre les Aubiers et Chantecrit s&rsquo;\u00e9tait exacerb\u00e9e les semaines pr\u00e9c\u00e9dentes. Apr\u00e8s une bagarre dans un bar entre jeunes des deux quartiers, une tentative de meurtre avait eu le 14 d\u00e9cembre 2021 sur un mineur des Aubiers, appel\u00e9 \u00e0 la rescousse par un autre qui s&rsquo;\u00e9tait fait tabasser.<\/p>\n<p class=\"lead \">Et la veille des faits, le fr\u00e8re d&rsquo;un des principaux accus\u00e9s avait \u00e9t\u00e9 bless\u00e9 par balle.<\/p>\n<p class=\"lead \">\u00ab\u00a0La famille vous demande \u00e0 jamais de faire taire les d\u00e9tonations, dans leur t\u00eate mais aussi dans les quartiers\u00a0\u00bb, a lanc\u00e9 aux jur\u00e9s Me Yann Herrera, l&rsquo;avocat des parents de Lionel.<\/p>\n<p class=\"lead \">Le verdict est attendu en fin de journ\u00e9e.<\/p>\n<p class=\"small font-weight-bold text-gray3 \"> publi\u00e9 le 23 mai \u00e0 05h07, AFP<\/p>\n<p>                             Partager<\/p>\n","protected":false},"excerpt":{"rendered":"Son ouverture, il y a deux semaines, a donn\u00e9 lieu \u00e0 une bagarre dans le palais de justice.&hellip;\n","protected":false},"author":2,"featured_media":120983,"comment_status":"","ping_status":"","sticky":false,"template":"","format":"standard","meta":{"footnotes":""},"categories":[2817],"tags":[24275,1111,11,3959,14584,1997,8268,1777,674,1011,27,2683,12,2219,4780,25],"class_list":{"0":"post-120982","1":"post","2":"type-post","3":"status-publish","4":"format-standard","5":"has-post-thumbnail","7":"category-bordeaux","8":"tag-24275","9":"tag-actu","10":"tag-actualites","11":"tag-adolescents","12":"tag-assises","13":"tag-bordeaux","14":"tag-dlinquance","15":"tag-eu","16":"tag-europe","17":"tag-fr","18":"tag-france","19":"tag-homicide","20":"tag-news","21":"tag-nouvelle-aquitaine","22":"tag-procs","23":"tag-republique-francaise"},"share_on_mastodon":{"url":"https:\/\/pubeurope.com\/@fr\/114554956908269777","error":""},"_links":{"self":[{"href":"https:\/\/www.europesays.com\/fr\/wp-json\/wp\/v2\/posts\/120982","targetHints":{"allow":["GET"]}}],"collection":[{"href":"https:\/\/www.europesays.com\/fr\/wp-json\/wp\/v2\/posts"}],"about":[{"href":"https:\/\/www.europesays.com\/fr\/wp-json\/wp\/v2\/types\/post"}],"author":[{"embeddable":true,"href":"https:\/\/www.europesays.com\/fr\/wp-json\/wp\/v2\/users\/2"}],"replies":[{"embeddable":true,"href":"https:\/\/www.europesays.com\/fr\/wp-json\/wp\/v2\/comments?post=120982"}],"version-history":[{"count":0,"href":"https:\/\/www.europesays.com\/fr\/wp-json\/wp\/v2\/posts\/120982\/revisions"}],"wp:featuredmedia":[{"embeddable":true,"href":"https:\/\/www.europesays.com\/fr\/wp-json\/wp\/v2\/media\/120983"}],"wp:attachment":[{"href":"https:\/\/www.europesays.com\/fr\/wp-json\/wp\/v2\/media?parent=120982"}],"wp:term":[{"taxonomy":"category","embeddable":true,"href":"https:\/\/www.europesays.com\/fr\/wp-json\/wp\/v2\/categories?post=120982"},{"taxonomy":"post_tag","embeddable":true,"href":"https:\/\/www.europesays.com\/fr\/wp-json\/wp\/v2\/tags?post=120982"}],"curies":[{"name":"wp","href":"https:\/\/api.w.org\/{rel}","templated":true}]}}