{"id":120984,"date":"2025-05-23T03:11:11","date_gmt":"2025-05-23T03:11:11","guid":{"rendered":"https:\/\/www.europesays.com\/fr\/120984\/"},"modified":"2025-05-23T03:11:11","modified_gmt":"2025-05-23T03:11:11","slug":"maman-va-danser-la-soiree-festive-reservee-aux-femmes-et-qui-permet-de-se-coucher-tot-debarque-a-toulouse","status":"publish","type":"post","link":"https:\/\/www.europesays.com\/fr\/120984\/","title":{"rendered":"\u00ab\u00a0Maman va danser\u00a0\u00bb, la soir\u00e9e festive, r\u00e9serv\u00e9e aux femmes et qui permet de se coucher t\u00f4t d\u00e9barque \u00e0 Toulouse"},"content":{"rendered":"<p>            Par<br \/>\n        <strong><br \/>\n            <a href=\"https:\/\/actu.fr\/auteur\/lucie-2\" title=\"Consulter tous les articles de Lucie Fraisse\" rel=\"nofollow noopener\" target=\"_blank\">Lucie Fraisse<\/a><br \/>\n        <\/strong><\/p>\n<p>        Publi\u00e9 le<\/p>\n<p>            22 mai 2025 \u00e0 15h32        <\/p>\n<p>\u00c0 deux jours de la f\u00eate des M\u00e8res, c\u2019est une soir\u00e9e qui devrait ravir de nombreuses mamans \u00e0 <a href=\"https:\/\/actu.fr\/toulouse\/\" rel=\"nofollow noopener\" target=\"_blank\">Toulouse<\/a>. Vendredi 23\u00a0mai 2025, le Barricot, restaurant de l\u2019h\u00f4tel Mercure Toulouse Centre compans, accueille la premi\u00e8re soir\u00e9e <strong>\u00ab\u2009Maman va danser\u2009\u00bb<\/strong> de la Ville rose.<\/p>\n<p>Un concept n\u00e9 en Allemagne<\/p>\n<p class=\" wall-content\">Le concept est n\u00e9 en Allemagne et<a href=\"https:\/\/actu.fr\/normandie\/rouen_76540\/une-soiree-festive-reservee-aux-mamans-et-aux-femmes-se-prepare-a-rouen_62228782.html\" rel=\"nofollow noopener\" target=\"_blank\"> essaime en France depuis le d\u00e9but de l\u2019ann\u00e9e 2025<\/a>.<\/p>\n<p class=\" wall-content\">\u00ab\u2009La premi\u00e8re soir\u00e9e fran\u00e7aise a eu lieu \u00e0 <strong>Rouen<\/strong> en f\u00e9vrier, explique Marina Audino qui organise le rendez-vous toulousain. On a \u00e9t\u00e9 plusieurs femmes dans toute la France \u00e0 trouver le concept g\u00e9nial et on a cr\u00e9\u00e9 un groupe de b\u00e9n\u00e9voles pour organiser des soir\u00e9es dans nos villes respectives.\u2009\u00bb<\/p>\n<p>Faire la f\u00eate entre femmes et se coucher t\u00f4t\u2009!<\/p>\n<p class=\" wall-content\">L\u2019id\u00e9e\u2009: proposer des <strong>soir\u00e9es dansantes r\u00e9serv\u00e9es aux femmes<\/strong>, qu\u2019elles soient m\u00e8res ou non, et qui se terminent t\u00f4t.<\/p>\n<p class=\" wall-content\">\u00ab\u2009C\u2019est r\u00e9serv\u00e9 aux femmes pour qu\u2019elles puissent sortir tranquilles parce qu\u2019il y a toujours un pourcentage d\u2019hommes qui peuvent rendre les soir\u00e9es inconfortables, surtout quand il y a de l\u2019alcool, constate Marina Audino. Et les soir\u00e9es se terminent t\u00f4t pour qu\u2019on puisse se coucher pas trop tard et ne pas trop souffrir le lendemain, surtout quand on a des enfants.\u2009\u00bb<\/p>\n<p>Vid\u00e9os : en ce moment sur ActuUne soir\u00e9e pour la bonne cause<\/p>\n<p class=\" wall-content\">Ce vendredi 23\u00a0mai, la soir\u00e9e au Barricot d\u00e9bute ainsi \u00e0 19\u00a0heures et s\u2019ach\u00e8vera \u00e0 minuit. Un DJ sera pr\u00e9sent toute la soir\u00e9e. C\u00f4t\u00e9 nourriture, un <strong>foodcourt<\/strong> permettra de se restaurer et de trinquer.<\/p>\n<p class=\" wall-content\">\u00c0 noter, comme toutes les autres soir\u00e9es \u00ab\u2009Maman va danser\u2009\u00bb, l\u2019\u00e9v\u00e9nement se veut aussi solidaire. Les participantes sont ainsi invit\u00e9es \u00e0 faire des dons de produits d\u2019hygi\u00e8ne au profit de<a href=\"https:\/\/www.espoir31.org\/\" rel=\"nofollow noopener\" target=\"_blank\"> l\u2019association Espoir 31<\/a> qui \u0153uvre notamment pour les femmes victimes de violences conjugales et en situation de pr\u00e9carit\u00e9.<\/p>\n<p><strong>Infos pratiques\u2009:<\/strong><br \/>\nSoir\u00e9e Maman va danser au restaurant Barricot, 8 esplanade Compans-Caffarelli. Entr\u00e9e 10\u00a0euros avec 2 jetons de consommation inclus. R\u00e9servation<a href=\"https:\/\/www.barricot.fr\/\" rel=\"nofollow noopener\" target=\"_blank\"> sur le site du Barricot<\/a>.<\/p>\n<p class=\" wall-content\">Suivez toute l\u2019actualit\u00e9 de vos villes et m\u00e9dias favoris en vous inscrivant \u00e0 <a href=\"https:\/\/moncompte.actu.fr\" title=\"D\u00e9couvez Mon Actu\" rel=\"nofollow noopener\" data-trk=\"{&quot;cta&quot;:{&quot;action&quot;:&quot;https:\\\/\\\/moncompte.actu.fr&quot;,&quot;category&quot;:&quot;mon compte&quot;,&quot;from&quot;:&quot;article footer&quot;,&quot;name&quot;:&quot;Mon actu&quot;,&quot;type&quot;:&quot;cta&quot;}}\" target=\"_blank\">Mon Actu<\/a>.<\/p>\n","protected":false},"excerpt":{"rendered":"Par Lucie Fraisse Publi\u00e9 le 22 mai 2025 \u00e0 15h32 \u00c0 deux jours de la f\u00eate des M\u00e8res,&hellip;\n","protected":false},"author":2,"featured_media":120985,"comment_status":"","ping_status":"","sticky":false,"template":"","format":"standard","meta":{"footnotes":""},"categories":[2816],"tags":[1111,11,1777,674,1011,27,1652,12,2680,25,1341,2312],"class_list":{"0":"post-120984","1":"post","2":"type-post","3":"status-publish","4":"format-standard","5":"has-post-thumbnail","7":"category-toulouse","8":"tag-actu","9":"tag-actualites","10":"tag-eu","11":"tag-europe","12":"tag-fr","13":"tag-france","14":"tag-loisirs-culture","15":"tag-news","16":"tag-occitanie","17":"tag-republique-francaise","18":"tag-sortir-a-toulouse","19":"tag-toulouse"},"share_on_mastodon":{"url":"https:\/\/pubeurope.com\/@fr\/114554960862418431","error":""},"_links":{"self":[{"href":"https:\/\/www.europesays.com\/fr\/wp-json\/wp\/v2\/posts\/120984","targetHints":{"allow":["GET"]}}],"collection":[{"href":"https:\/\/www.europesays.com\/fr\/wp-json\/wp\/v2\/posts"}],"about":[{"href":"https:\/\/www.europesays.com\/fr\/wp-json\/wp\/v2\/types\/post"}],"author":[{"embeddable":true,"href":"https:\/\/www.europesays.com\/fr\/wp-json\/wp\/v2\/users\/2"}],"replies":[{"embeddable":true,"href":"https:\/\/www.europesays.com\/fr\/wp-json\/wp\/v2\/comments?post=120984"}],"version-history":[{"count":0,"href":"https:\/\/www.europesays.com\/fr\/wp-json\/wp\/v2\/posts\/120984\/revisions"}],"wp:featuredmedia":[{"embeddable":true,"href":"https:\/\/www.europesays.com\/fr\/wp-json\/wp\/v2\/media\/120985"}],"wp:attachment":[{"href":"https:\/\/www.europesays.com\/fr\/wp-json\/wp\/v2\/media?parent=120984"}],"wp:term":[{"taxonomy":"category","embeddable":true,"href":"https:\/\/www.europesays.com\/fr\/wp-json\/wp\/v2\/categories?post=120984"},{"taxonomy":"post_tag","embeddable":true,"href":"https:\/\/www.europesays.com\/fr\/wp-json\/wp\/v2\/tags?post=120984"}],"curies":[{"name":"wp","href":"https:\/\/api.w.org\/{rel}","templated":true}]}}