{"id":120993,"date":"2025-05-23T03:17:09","date_gmt":"2025-05-23T03:17:09","guid":{"rendered":"https:\/\/www.europesays.com\/fr\/120993\/"},"modified":"2025-05-23T03:17:09","modified_gmt":"2025-05-23T03:17:09","slug":"la-prefecture-interdit-une-nouvelle-fois-le-carnaval-des-pentes-2","status":"publish","type":"post","link":"https:\/\/www.europesays.com\/fr\/120993\/","title":{"rendered":"la pr\u00e9fecture interdit une nouvelle fois le \u00ab\u00a0Carnaval des Pentes\u00a0\u00bb"},"content":{"rendered":"<p>Ce rassemblement, relanc\u00e9 sur les r\u00e9seaux sociaux par plusieurs collectifs dont Lyon Insurrection, Lyon en lutte, Soul\u00e8vement de la Terre Villefranche ou encore des groupes antifascistes locaux, \u00ab\u00a0n\u2019a fait l\u2019objet d\u2019aucune d\u00e9claration en pr\u00e9fecture\u00a0\u00bb, rappelle l\u2019administration.<\/p>\n<p>Les collectifs organisateurs revendiquent un \u00ab\u00a0carnaval antifasciste, joyeusement radical, et farouchement d\u00e9termin\u00e9\u00a0\u00bb, destin\u00e9 \u00e0 faire \u00ab\u00a0r\u00e9sonner nos col\u00e8res et nos espoirs dans les rues de la Croix-Rousse\u00a0\u00bb.\u00a0<\/p>\n<p>Les diff\u00e9rents groupes affirment d\u00e9fier \u00ab\u00a0la normalit\u00e9\u00a0\u00bb par \u00ab\u00a0la joie, le tumulte et la f\u00eate comme armes politiques\u00a0\u00bb, en mettant cette ann\u00e9e la lutte contre l\u2019extr\u00eame droite au centre de leur d\u00e9marche. Ils d\u00e9noncent aussi \u00ab\u00a0l\u2019exploitation, la pr\u00e9carit\u00e9, les loyers qui explosent\u00a0\u00bb et annoncent rendre hommage \u00ab\u00a0\u00e0 celles et ceux qui r\u00e9sistent\u00a0\u00bb en Palestine.<\/p>\n<p>Dans son arr\u00eat\u00e9, la pr\u00e9fecture note que l\u2019\u00e9dition 2025 \u00ab\u00a0place la lutte contre l\u2019extr\u00eame droite au c\u0153ur de ses revendications\u00a0\u00bb et se d\u00e9crit comme une parade \u00ab\u00a0antifasciste, subversive et populaire.\u00a0\u00bb<\/p>\n<p>Les services de l\u2019\u00c9tat justifient leur d\u00e9cision par les pr\u00e9c\u00e9dents : en 2023 et 2024, ces rassemblements avaient \u00ab\u00a0d\u00e9g\u00e9n\u00e9r\u00e9 en d\u00e9ambulations sauvages\u00a0\u00bb entra\u00eenant des \u00ab\u00a0affrontements avec les forces de l\u2019ordre, d\u00e9gradations de mobilier urbain, incendies, pillages et violences.\u00a0\u00bb<\/p>\n<p>La pr\u00e9fecture estime qu\u2019\u00a0\u00bbau vu de ce qui pr\u00e9c\u00e8de, le risque certain de troubles \u00e0 l\u2019ordre public que peut g\u00e9n\u00e9rer le rassemblement non d\u00e9clar\u00e9 cit\u00e9\u00a0\u00bb justifie une interdiction. Elle consid\u00e8re que \u00ab\u00a0dans ces circonstances, l\u2019interdiction de manifester mentionn\u00e9e \u00e0 l\u2019article 1er est seule de nature \u00e0 pr\u00e9venir efficacement et de mani\u00e8re proportionn\u00e9e les troubles \u00e0 l\u2019ordre public.\u00a0\u00bb<\/p>\n<p>Le texte rappelle enfin que \u00ab\u00a0le fait d\u2019avoir organis\u00e9 une manifestation interdite est puni de six mois d\u2019emprisonnement et de 7 500 euros d\u2019amende\u00a0\u00bb et que le simple fait d\u2019y participer est \u00e9galement sanctionn\u00e9.<\/p>\n<p>Les services de l&rsquo;\u00c9tat annoncent par ailleurs le renfort de deux unit\u00e9s de CRS, dont la CRS 83.<\/p>\n","protected":false},"excerpt":{"rendered":"Ce rassemblement, relanc\u00e9 sur les r\u00e9seaux sociaux par plusieurs collectifs dont Lyon Insurrection, Lyon en lutte, Soul\u00e8vement de&hellip;\n","protected":false},"author":2,"featured_media":119916,"comment_status":"","ping_status":"","sticky":false,"template":"","format":"standard","meta":{"footnotes":""},"categories":[1889],"tags":[1111,11,2813,2190,2430,1109,251,1112,2811,1777,674,118,1011,27,1922,1110,1114,2428,2810,12,241,316,25,2812,517,800],"class_list":{"0":"post-120993","1":"post","2":"type-post","3":"status-publish","4":"format-standard","5":"has-post-thumbnail","7":"category-lyon","8":"tag-actu","9":"tag-actualites","10":"tag-article","11":"tag-asvel","12":"tag-auvergne-rhone-alpes","13":"tag-breves","14":"tag-culture","15":"tag-depeches","16":"tag-economique","17":"tag-eu","18":"tag-europe","19":"tag-faits-divers","20":"tag-fr","21":"tag-france","22":"tag-info","23":"tag-informations","24":"tag-infos","25":"tag-lyon","26":"tag-lyonmag","27":"tag-news","28":"tag-ol","29":"tag-politique","30":"tag-republique-francaise","31":"tag-sociale","32":"tag-sport","33":"tag-transports"},"share_on_mastodon":{"url":"https:\/\/pubeurope.com\/@fr\/114554984501857964","error":""},"_links":{"self":[{"href":"https:\/\/www.europesays.com\/fr\/wp-json\/wp\/v2\/posts\/120993","targetHints":{"allow":["GET"]}}],"collection":[{"href":"https:\/\/www.europesays.com\/fr\/wp-json\/wp\/v2\/posts"}],"about":[{"href":"https:\/\/www.europesays.com\/fr\/wp-json\/wp\/v2\/types\/post"}],"author":[{"embeddable":true,"href":"https:\/\/www.europesays.com\/fr\/wp-json\/wp\/v2\/users\/2"}],"replies":[{"embeddable":true,"href":"https:\/\/www.europesays.com\/fr\/wp-json\/wp\/v2\/comments?post=120993"}],"version-history":[{"count":0,"href":"https:\/\/www.europesays.com\/fr\/wp-json\/wp\/v2\/posts\/120993\/revisions"}],"wp:featuredmedia":[{"embeddable":true,"href":"https:\/\/www.europesays.com\/fr\/wp-json\/wp\/v2\/media\/119916"}],"wp:attachment":[{"href":"https:\/\/www.europesays.com\/fr\/wp-json\/wp\/v2\/media?parent=120993"}],"wp:term":[{"taxonomy":"category","embeddable":true,"href":"https:\/\/www.europesays.com\/fr\/wp-json\/wp\/v2\/categories?post=120993"},{"taxonomy":"post_tag","embeddable":true,"href":"https:\/\/www.europesays.com\/fr\/wp-json\/wp\/v2\/tags?post=120993"}],"curies":[{"name":"wp","href":"https:\/\/api.w.org\/{rel}","templated":true}]}}