{"id":120994,"date":"2025-05-23T03:18:18","date_gmt":"2025-05-23T03:18:18","guid":{"rendered":"https:\/\/www.europesays.com\/fr\/120994\/"},"modified":"2025-05-23T03:18:18","modified_gmt":"2025-05-23T03:18:18","slug":"lyon-albizzia-tout-en-bois","status":"publish","type":"post","link":"https:\/\/www.europesays.com\/fr\/120994\/","title":{"rendered":"Lyon : Albizzia, tout en bois"},"content":{"rendered":"<p>\nCod\u00e9velopp\u00e9 par Woodeum x Pitch Immo et UTEI, l&rsquo;\u00eelot mixte Albizzia est le premier \u00eelot bas carbone de la ZAC Confluence \u00e0 Lyon (Rh\u00f4ne). Inaugur\u00e9 d\u00e9but avril, il s&rsquo;organise autour de quatre immeubles totalisant 14 835 m\u00b2 SP con\u00e7us par les agences Hardel Le Bihan et Insolites architectures (paysagiste : Graphyte).<\/p>\n<p>\nTrois des quatre b\u00e2timents, dont une tour d&rsquo;habitation en R+ 16, ont \u00e9t\u00e9 r\u00e9alis\u00e9s en structure bois lamell\u00e9 crois\u00e9, contrevent\u00e9e par un socle et des noyaux de distribution en b\u00e9ton bas carbone. Sur le quatri\u00e8me, \u00e0 vocation tertiaire, un syst\u00e8me plus classique de planchers poutres b\u00e9ton et murs \u00e0 ossature bois a \u00e9t\u00e9 pr\u00e9f\u00e9r\u00e9.<\/p>\n<p>\nPr\u00e8s de 3 000 m3 de bois issus de for\u00eats europ\u00e9ennes ont ainsi \u00e9t\u00e9 mis en \u0153uvre par les \u00e9quipes de l&rsquo;entreprise Le Bras Fr\u00e8res. Pr\u00e9figurateur de la construction hors site, cet ensemble r\u00e9pond au seuil 2028 de la RE 2020.<\/p>\n","protected":false},"excerpt":{"rendered":"Cod\u00e9velopp\u00e9 par Woodeum x Pitch Immo et UTEI, l&rsquo;\u00eelot mixte Albizzia est le premier \u00eelot bas carbone de&hellip;\n","protected":false},"author":2,"featured_media":120995,"comment_status":"","ping_status":"","sticky":false,"template":"","format":"standard","meta":{"footnotes":""},"categories":[1889],"tags":[1111,11,1350,2430,1777,674,1011,27,2428,12,19469,25,2429,3584,24276],"class_list":{"0":"post-120994","1":"post","2":"type-post","3":"status-publish","4":"format-standard","5":"has-post-thumbnail","7":"category-lyon","8":"tag-actu","9":"tag-actualites","10":"tag-architecture","11":"tag-auvergne-rhone-alpes","12":"tag-eu","13":"tag-europe","14":"tag-fr","15":"tag-france","16":"tag-lyon","17":"tag-news","18":"tag-realisations","19":"tag-republique-francaise","20":"tag-rhone","21":"tag-tour","22":"tag-zac"},"share_on_mastodon":{"url":"https:\/\/pubeurope.com\/@fr\/114554988396934911","error":""},"_links":{"self":[{"href":"https:\/\/www.europesays.com\/fr\/wp-json\/wp\/v2\/posts\/120994","targetHints":{"allow":["GET"]}}],"collection":[{"href":"https:\/\/www.europesays.com\/fr\/wp-json\/wp\/v2\/posts"}],"about":[{"href":"https:\/\/www.europesays.com\/fr\/wp-json\/wp\/v2\/types\/post"}],"author":[{"embeddable":true,"href":"https:\/\/www.europesays.com\/fr\/wp-json\/wp\/v2\/users\/2"}],"replies":[{"embeddable":true,"href":"https:\/\/www.europesays.com\/fr\/wp-json\/wp\/v2\/comments?post=120994"}],"version-history":[{"count":0,"href":"https:\/\/www.europesays.com\/fr\/wp-json\/wp\/v2\/posts\/120994\/revisions"}],"wp:featuredmedia":[{"embeddable":true,"href":"https:\/\/www.europesays.com\/fr\/wp-json\/wp\/v2\/media\/120995"}],"wp:attachment":[{"href":"https:\/\/www.europesays.com\/fr\/wp-json\/wp\/v2\/media?parent=120994"}],"wp:term":[{"taxonomy":"category","embeddable":true,"href":"https:\/\/www.europesays.com\/fr\/wp-json\/wp\/v2\/categories?post=120994"},{"taxonomy":"post_tag","embeddable":true,"href":"https:\/\/www.europesays.com\/fr\/wp-json\/wp\/v2\/tags?post=120994"}],"curies":[{"name":"wp","href":"https:\/\/api.w.org\/{rel}","templated":true}]}}