{"id":121014,"date":"2025-05-23T03:29:09","date_gmt":"2025-05-23T03:29:09","guid":{"rendered":"https:\/\/www.europesays.com\/fr\/121014\/"},"modified":"2025-05-23T03:29:09","modified_gmt":"2025-05-23T03:29:09","slug":"les-iles-chagos-restituees-a-lile-maurice-lallemagne-deploie-son-armee-en-lituanie-football-luka-modric-quitte-le-real-madrid","status":"publish","type":"post","link":"https:\/\/www.europesays.com\/fr\/121014\/","title":{"rendered":"Les \u00eeles Chagos restitu\u00e9es \u00e0 l&rsquo;\u00eele Maurice \/ L&rsquo;Allemagne d\u00e9ploie son arm\u00e9e en Lituanie \/ Football: Luka Modric quitte le Real Madrid"},"content":{"rendered":"<p>\n                     \u00c0  l&rsquo;\u00e9coute   de RFI &#8211;  Radio   France   Internationale.  Au  large   des   \u00eeles   Chagos,  il  est   22   heures,  18   heures  \u00e0   Paris.                  <\/p>\n<p>\n                     Le   Journal   en   fran\u00e7ais   facile.                  <\/p>\n<p>\n                     Adrien  Delgrange.                 <\/p>\n<p>\n                     Nous   sommes   le   jeudi   22   mai.                  <\/p>\n<p>\n                     Au   sommaire   de   cette   \u00e9dition :                 <\/p>\n<p>\n                     Les  cons\u00e9quences   de   la   guerre   entre   Isra\u00ebl   et   la   Palestine.   Aux   \u00c9tats-Unis,  deux  membres   de   l&rsquo;ambassade   isra\u00e9lienne   ont   \u00e9t\u00e9   tu\u00e9s,  pr\u00e8s   du   mus\u00e9e  juif   de   Washington.   Pendant   ce   temps-l\u00e0,  l&rsquo;arm\u00e9e   isra\u00e9lienne   continue   de   bombarder   Gaza.   Au   moins   52   Palestiniens   sont   morts   depuis   les   premi\u00e8res   heures   du   jour.                  <\/p>\n<p>\n                     En   r\u00e9ponse,  cette   fois-ci,  \u00e0   l&rsquo;invasion   de   l&rsquo;Ukraine   par   la   Russie,   l&rsquo;Allemagne   a   d\u00e9cid\u00e9,  aujourd&rsquo;hui,  d&rsquo;installer   une   base   militaire   en   Lituanie.   5 000  hommes   vont   \u00eatre   d\u00e9ploy\u00e9s.   Nous   sommes   \u00e0   Vilnius,  dans   un   instant.                  <\/p>\n<p>\n                     Et   puis,  enfin,   une   information   sportive   qui   ne   manquera   pas   d&rsquo;int\u00e9resser   les   auditeurs   de   Radio   Foot   Internationale,  \u00e0  suivre   juste   apr\u00e8s   ce   journal.   Le   joueur   Luka   Modric,   39   ans,   quitte   le   Real   Madrid.                  <\/p>\n<p>\n                     Voil\u00e0   pour   les   titres.   Soyez   les   bienvenus.                  <\/p>\n<p>\n                     Nous   commen\u00e7ons   ce   journal   dans   l&rsquo;oc\u00e9an   Indien,  pour   vous   parler   de   l&rsquo;archipel   des   Chagos,   un   ensemble   d&rsquo;\u00eeles   o\u00f9   vivent   environ   3 000  personnes.   Depuis   1965,   l&rsquo;archipel   des   Chagos   appartenait   au   Royaume-Uni,   mais   il   avait   \u00e9t\u00e9   s\u00e9par\u00e9   de   l&rsquo;\u00eele   Maurice.   Nous   retrouvons,   pour   parler   des   \u00eeles   Chagos,   notre   correspondante   \u00e0   Londres.  \u00c9meline Vin,  bonjour.                 <\/p>\n<p>\n                     Bonjour,  Adrien.   Bonjour   \u00e0   tous.                  <\/p>\n<p>\n                     Londres   a   d\u00e9cid\u00e9   de   restituer,   de   rendre   les   \u00eeles   Chagos   \u00e0   l&rsquo;\u00eele   Maurice,  avec   une   condition.                  <\/p>\n<p>\n                     Oui,   le   Royaume-Uni   renonce   \u00e0   sa   souverainet\u00e9   sur   les   \u00eeles   Chagos,  au   profit   de   Maurice,   mais   conserve   tout   de   m\u00eame   sa   base   militaire   sur   Diego   Garcia,   l&rsquo;\u00eele   principale   de   l&rsquo;archipel.   Cette   base,  partag\u00e9e   avec   les   \u00c9tats-Unis,  sera,  en   fait,  lou\u00e9e   \u00e0   l&rsquo;\u00eele   Maurice   pour   un   peu   plus   de   100   millions d&rsquo;euros  par   an   et   pour   une   dur\u00e9e   de   99   ans.   Le   Premier   ministre,  Keir   Starmer,  assure   qu&rsquo;il   s&rsquo;agit   d&rsquo;une   utilisation   raisonnable   de   l&rsquo;argent   des   contribuables   et   que   la   restitution   de   la   souverainet\u00e9   \u00e9tait   devenue   in\u00e9vitable,  sans   s&rsquo;exposer   \u00e0   des   poursuites   devant   les   instances   judiciaires   internationales.   L&rsquo;opposition,   elle,   d\u00e9nonce   une   renonciation   diplomatique.   L&rsquo;accord  a   bien   failli   ne   pas   \u00eatre   sign\u00e9   comme   pr\u00e9vu   ce   jeudi.   La   Haute   Cour   de   justice   a   valid\u00e9,  cette   nuit,  un   recours   de   la   part   de   deux   habitantes   de   l&rsquo;\u00eele   de   Diego   Garcia,   qui   s&rsquo;estiment  l\u00e9s\u00e9es  par   cet   accord.   Recours   finalement   rejet\u00e9   jeudi   apr\u00e8s-midi.  Le   Royaume-Uni   et   l&rsquo;\u00eele   Maurice   ont   donc   sign\u00e9   le   texte   lors   d&rsquo;une   c\u00e9r\u00e9monie   virtuelle.   Le   Parlement   britannique   a   trois   semaines   pour   s&rsquo;opposer   \u00e0   l&rsquo;accord,   sans   quoi   il   sera   automatiquement   ratifi\u00e9.                  <\/p>\n<p>\n                     Merci,  \u00c9meline.  \u00c9meline  Vin  en   direct   de   Londres   pour   RFI.  Et,  \u00e0   l&rsquo;instant,   suite   \u00e0   la   signature   de   cet   accord   sur   les   \u00eeles   Chagos,   le   Premier   ministre   mauricien   vient   de   r\u00e9agir   et   \u00e9voque   une   \u00ab grande  victoire \u00bb  pour   Maurice.                  <\/p>\n<p>\n                     Venons-en  \u00e0   cette   attaque   mortelle,  la   nuit   derni\u00e8re,  aux   \u00c9tats-Unis,   \u00e0   l&rsquo;ext\u00e9rieur   du   mus\u00e9e  juif   de   Washington.   Deux   morts.   Un   homme   a   tir\u00e9   sur   deux   employ\u00e9s   de   l&rsquo;ambassade   isra\u00e9lienne   aux   \u00c9tats-Unis.   Le   tireur   a   cri\u00e9   \u00ab Lib\u00e9rez  la   Palestine ! \u00bb,  apr\u00e8s   avoir   \u00e9t\u00e9   arr\u00eat\u00e9   et   plac\u00e9   en   garde   \u00e0   vue,  d&rsquo;apr\u00e8s  la   cheffe  de   la   police   de   Washington.                 <\/p>\n<p>\n                     Nous  restons   aux   \u00c9tats-Unis   pour   \u00e9voquer   cette   d\u00e9cision   importante,  qui   illustre   la   s\u00e9paration   de   l&rsquo;\u00c9glise   et   de   l&rsquo;\u00c9tat   dans   la   gestion   du   pays.   La   Cour   supr\u00eame   am\u00e9ricaine \u2013  la   plus   haute   juridiction   des   \u00c9tats-Unis \u2013  a   refus\u00e9   d&rsquo;autoriser   la   cr\u00e9ation   d&rsquo;une   \u00e9cole   religieuse   financ\u00e9e   sur   des   fonds   publics.   Explications   avec   vous,  Carlotta Morteo.                 <\/p>\n<p>\n                     Une   \u00e9cole   publique   financ\u00e9e   par   le   minist\u00e8re   de   l&rsquo;\u00c9ducation   mais   dirig\u00e9e   et   administr\u00e9e   par   une   organisation   religieuse,   en   l&rsquo;occurrence   l&rsquo;\u00c9glise   catholique :  ce  projet   d&rsquo;\u00e9cole   dans   l&rsquo;\u00c9tat   conservateur   de   l&rsquo;Oklahoma   aurait   \u00e9t\u00e9   une   premi\u00e8re   aux   \u00c9tats-Unis,   o\u00f9   les   \u00e9coles   confessionnelles   sont   exclusivement   des   \u00e9coles   priv\u00e9es.   La   Cour   supr\u00eame   a   confirm\u00e9   l&rsquo;interdiction   de   cet   \u00e9tablissement   par   la   justice   de   l&rsquo;\u00c9tat   de   l&rsquo;Oklahoma,   qui   avait   invoqu\u00e9   le   premier   amendement   de   la   Constitution,   c&rsquo;est-\u00e0-dire  le   principe   de   neutralit\u00e9   de   l&rsquo;\u00c9tat   vis-\u00e0-vis  des   religions ;  alors   m\u00eame  que,  ces   derni\u00e8res   ann\u00e9es,   plusieurs   d\u00e9cisions   de   la   Cour \u2013  \u00e0   majorit\u00e9   conservatrice \u2013  avaient  \u00e9t\u00e9   relativement   favorables  aux   institutions   religieuses,   \u00e0   l&rsquo;image   de   l&rsquo;administration   Trump,  qui   soutient   ouvertement   ce   projet   d&rsquo;\u00e9cole.   Mais   la   s\u00e9paration   entre   \u00c9glise   et   \u00c9tat   a   pr\u00e9valu,  \u00e0   un   fil,  toutefois.  Les  juges   \u00e9taient   divis\u00e9s :  quatre   voix   pour   et   quatre   voix   contre.   Ce   n&rsquo;est   donc   pas   un   avis   complet   qui   fera   jurisprudence,   mais   une   br\u00e8ve   ordonnance.   La   question   pourrait   donc   revenir   devant   les   juges   dans   une   prochaine   affaire.                  <\/p>\n<p>\n                     RFI.  \u00c0  Paris,  18   h   05.                 <\/p>\n<p>\n                     En   Chine,   des   coul\u00e9es   de   boue,   des   glissements   de   terrain   survenus   dans   des   zones   isol\u00e9es   de   la   province   montagneuse   du   Guizhou,   situ\u00e9e   au   sud-ouest  de   la   Chine,   a   provoqu\u00e9   la   mort   d&rsquo;au   moins 4  personnes.   17   autres   personnes   sont   port\u00e9es   disparues.                  <\/p>\n<p>\n                     L&rsquo;actualit\u00e9   en   Europe.  Friedrich  Merz  est   en   Lituanie.   Le   chancelier   allemand   est   arriv\u00e9   dans   la   capitale   lituanienne,  Vilnius.  Le  chef   du   gouvernement   allemand   vient   officialiser   l&rsquo;arriv\u00e9e   de   mat\u00e9riel   de   guerre   dans   ce   pays :  blind\u00e9s,  chars   et   autres   armements   allemands,   sans   compter   le   nombre   de   militaires,  jusqu&rsquo;\u00e0   5 000.  Ils   stationneront,  d\u00e9sormais,  en   Lituanie.  Et  c&rsquo;est   la   toute   premi\u00e8re   fois   que   Berlin   envoie   des   troupes   de   mani\u00e8re   permanente   \u00e0   l&rsquo;\u00e9tranger.   Un   d\u00e9ploiement   d\u00e9cid\u00e9   apr\u00e8s   le   d\u00e9but   de   la   guerre   en   Ukraine.  \u00c0  Vilnius,  reportage,  Marielle   Vitureau.                 <\/p>\n<p>\n                     C&rsquo;est   une   journ\u00e9e   \u00ab historique \u00bb,  s&rsquo;est   r\u00e9joui   le   pr\u00e9sident   lituanien,  Gitanas Nauseda.  Aujourd&rsquo;hui,   les   soldats   allemands   sont   350.   D&rsquo;ici   la   fin   2027,   la   brigade,   d\u00e9ploy\u00e9e   pour   une   dur\u00e9e   ind\u00e9termin\u00e9e,   en   comptera   5 000.  Ils   seront   tous   l\u00e0   pour   assurer   la   s\u00e9curit\u00e9,   a   rappel\u00e9   le   chancelier   allemand,  Friedrich   Merz.                  <\/p>\n<p>\n                     \u00ab La  situation   dans   les   pays   baltes,   sur   le   flanc   est  de   l&rsquo;Otan,  reste   tr\u00e8s   tendue.   La   Russie,   telle   qu&rsquo;elle   se   pr\u00e9sente   aujourd&rsquo;hui,  est   une   menace   pour   nous   tous.   C&rsquo;est   contre   cette   menace   que   nous   nous   prot\u00e9geons   et   c&rsquo;est   pourquoi   nous   sommes   ici   aujourd&rsquo;hui. \u00bb                 <\/p>\n<p>\n                     La   ville   de   Vilnius   tout   enti\u00e8re   s&rsquo;est   mise   \u00e0   l&rsquo;heure   allemande.   La   t\u00e9l\u00e9vision   publique   a   diffus\u00e9   la   c\u00e9r\u00e9monie   et   les   bus   de   ville   rappellent   que   la   Lituanie   aime   l&rsquo;Allemagne.   Le   jeune   \u00e9tudiant   Karolis  inspecte   les   tanks   allemands   expos\u00e9s   sur   la   place   de   la   Cath\u00e9drale.                 <\/p>\n<p>\n                     \u00ab Je  suis   heureux   que   l&rsquo;on   vienne   nous   d\u00e9fendre.   Notre   voisin   russe   continue   d&rsquo;agresser   l&rsquo;Ukraine   et   nous   n&rsquo;avons   plus   de   temps   de   r\u00e9pit. \u00bb                 <\/p>\n<p>\n                     Avec   cette   brigade   allemande   en   Lituanie,  le  chancelier   Friedrich   Merz  veut   aussi   envoyer   un   message   au   reste   des   Occidentaux :  il  faut   faire   plus   pour   la   d\u00e9fense   et   le   faire   de   mani\u00e8re   unie.   Marielle   Vitureau,  Vilnius,  RFI.                  <\/p>\n<p>\n                     L&rsquo;actualit\u00e9   en   France.   C&rsquo;\u00e9tait   une   liste   attendue   depuis   des   mois.   La   liste   actualis\u00e9e   des   m\u00e9tiers   en   tension   a   \u00e9t\u00e9   publi\u00e9e,  ce   matin,  au   Journal   officiel   par   le   minist\u00e8re   de   l&rsquo;Int\u00e9rieur.   Alors, cette  liste   de   m\u00e9tiers   dits  en   tension   d\u00e9termine   environ   80   professions   pour   lesquelles   les   employeurs,  en   France,  ont   du   mal   \u00e0   recruter   du   personnel,   que   ce   soit   dans   le   domaine   de   l&rsquo;agriculture,   de   la   sant\u00e9,   de   l&rsquo;h\u00f4tellerie   ou   de   la   restauration.   Et,  donc,   cette   liste   des   m\u00e9tiers   en   tension   ouvre,  aussi,  la   voie   \u00e0   une   r\u00e9gularisation,   \u00e0   l&rsquo;obtention   de   papiers   pour   les   travailleurs   \u00e9trangers   qui   exer\u00e7aient,  jusque   l\u00e0,  ces   activit\u00e9s   ill\u00e9galement.  Cette   liste   a   \u00e9t\u00e9   pens\u00e9e,  en   France,   r\u00e9gion   par   r\u00e9gion.   Les   m\u00e9tiers   concern\u00e9s   ne   sont   pas   les   m\u00eames   selon   les   territoires,  pour  r\u00e9pondre   au   mieux   \u00e0   la   demande.   Pour   G\u00e9rard   R\u00e9,  secr\u00e9taire   conf\u00e9d\u00e9ral  du   syndicat  la   CGT,   le   compte   n&rsquo;y   est   pas.                  <\/p>\n<p>\n                     \u00ab Si  je   prends,  par   exemple,  la   r\u00e9gion   parisienne.  C&rsquo;est  quand   m\u00eame   l\u00e0   o\u00f9   se   concentrent   le   plus   de   travailleurs   dits sans  papiers,  qui   interviennent,   par   exemple,  dans   la   restauration.   Sur   la   r\u00e9gion   parisienne,   on   a   effectivement   cuisiniers  et   employ\u00e9s  de  l&rsquo;h\u00f4tellerie.   Or,   on   a   beaucoup   de   travailleurs   sans   papiers,   tout   le   monde   le   sait,   qui   sont,  par   exemple,  des   plongeurs.   \u00c7a   n&rsquo;appara\u00eet   pas.  N&rsquo;apparaissent  pas,  non   plus,   les   serveurs.  Et  puis   n&rsquo;apparaissent   pas  les  m\u00e9tiers,  aussi,  de   la   logistique,  qui   concentre,  l\u00e0   aussi,  une   tr\u00e8s   forte   proportion   de   travailleurs   sans   papiers.  N&rsquo;apparaissent  pas   les   m\u00e9tiers   du   nettoyage.   Donc,  on   voit   bien,  quand   m\u00eame,  que   cette   liste   a   \u00e9t\u00e9   construite   pour,  justement,  restreindre   au   maximum   les   possibilit\u00e9s   de   r\u00e9gularisation   par   le   travail.   Elle   ne   tient   absolument   pas   compte   de   la   r\u00e9alit\u00e9   du   travail   immigrant  dans   notre   pays. \u00bb                 <\/p>\n<p>\n                     G\u00e9rard   R\u00e9,  du   syndicat   la   CGT.                  <\/p>\n<p>\n                     Et   puis,  enfin,   \u00ab Le  moment   est   venu. (&#8230;)  Samedi  prochain,   je   jouerai   mon   dernier   match   au   Santiago   Bernab\u00e9u. \u00bb  Les   mots   de   Luka   Modric,   39   ans \u2013  le   milieu   de   terrain   croate   du   Real   Madrid \u2013,  a   annonc\u00e9,  aujourd&rsquo;hui,  qu&rsquo;il   quitterait   le   club   madril\u00e8ne   samedi   prochain.                  <\/p>\n<p>\n                     Merci   \u00e0   tous   d&rsquo;avoir   \u00e9cout\u00e9   ce   journal.                  <\/p>\n<p>\n                     RFI.  \u00c0  Paris,  18   h   10.                  <\/p>\n","protected":false},"excerpt":{"rendered":"\u00c0 l&rsquo;\u00e9coute de RFI &#8211; Radio France Internationale. Au large des \u00eeles Chagos, il est 22 heures, 18&hellip;\n","protected":false},"author":2,"featured_media":121015,"comment_status":"","ping_status":"","sticky":false,"template":"","format":"standard","meta":{"footnotes":""},"categories":[1587],"tags":[47,11,10343,672,1804,1805,1803,1777,674,3535,1801,10342,303,12,1802,517],"class_list":{"0":"post-121014","1":"post","2":"type-post","3":"status-publish","4":"format-standard","5":"has-post-thumbnail","7":"category-allemagne","8":"tag-actualite","9":"tag-actualites","10":"tag-all","11":"tag-allemagne","12":"tag-bundesrepublik-deutschland","13":"tag-de","14":"tag-deutschland","15":"tag-eu","16":"tag-europe","17":"tag-geopolitique","18":"tag-germany","19":"tag-journal-en-francais-facile","20":"tag-justice","21":"tag-news","22":"tag-republique-federale-dallemagne","23":"tag-sport"},"share_on_mastodon":{"url":"https:\/\/pubeurope.com\/@fr\/114555031865402228","error":""},"_links":{"self":[{"href":"https:\/\/www.europesays.com\/fr\/wp-json\/wp\/v2\/posts\/121014","targetHints":{"allow":["GET"]}}],"collection":[{"href":"https:\/\/www.europesays.com\/fr\/wp-json\/wp\/v2\/posts"}],"about":[{"href":"https:\/\/www.europesays.com\/fr\/wp-json\/wp\/v2\/types\/post"}],"author":[{"embeddable":true,"href":"https:\/\/www.europesays.com\/fr\/wp-json\/wp\/v2\/users\/2"}],"replies":[{"embeddable":true,"href":"https:\/\/www.europesays.com\/fr\/wp-json\/wp\/v2\/comments?post=121014"}],"version-history":[{"count":0,"href":"https:\/\/www.europesays.com\/fr\/wp-json\/wp\/v2\/posts\/121014\/revisions"}],"wp:featuredmedia":[{"embeddable":true,"href":"https:\/\/www.europesays.com\/fr\/wp-json\/wp\/v2\/media\/121015"}],"wp:attachment":[{"href":"https:\/\/www.europesays.com\/fr\/wp-json\/wp\/v2\/media?parent=121014"}],"wp:term":[{"taxonomy":"category","embeddable":true,"href":"https:\/\/www.europesays.com\/fr\/wp-json\/wp\/v2\/categories?post=121014"},{"taxonomy":"post_tag","embeddable":true,"href":"https:\/\/www.europesays.com\/fr\/wp-json\/wp\/v2\/tags?post=121014"}],"curies":[{"name":"wp","href":"https:\/\/api.w.org\/{rel}","templated":true}]}}