{"id":121031,"date":"2025-05-23T03:41:13","date_gmt":"2025-05-23T03:41:13","guid":{"rendered":"https:\/\/www.europesays.com\/fr\/121031\/"},"modified":"2025-05-23T03:41:13","modified_gmt":"2025-05-23T03:41:13","slug":"arabie-saoudite-formule-1-coupe-du-monde-2034-le-desert-des-droits-sociaux-des-travailleurs-qui-construisent-les-infrastructures","status":"publish","type":"post","link":"https:\/\/www.europesays.com\/fr\/121031\/","title":{"rendered":"Arabie saoudite\u00a0: Formule 1, Coupe du monde 2034\u2026 le d\u00e9sert des droits sociaux des travailleurs qui construisent les infrastructures"},"content":{"rendered":"<p>Paradis pour footballeurs en semi-retraite <a href=\"https:\/\/www.humanite.fr\/sports\/football\/larabie-saoudite-joue-du-ballon-rond-pour-redorer-son-blason-801881\" target=\"_blank\" rel=\"noopener\">pay\u00e9s \u00e0 coups de millions<\/a>, l\u2019Arabie saoudite, <a href=\"https:\/\/www.humanite.fr\/sports\/arabie-saoudite\/apres-la-coupe-du-monde-2030-sur-trois-continents-la-coupe-du-monde-2034-sera-organisee-en-arabie-saoudite-au-mepris-de-lenvironnement-et-des-droits-humains\" data-type=\"link\" data-id=\"https:\/\/www.humanite.fr\/sports\/arabie-saoudite\/apres-la-coupe-du-monde-2030-sur-trois-continents-la-coupe-du-monde-2034-sera-organisee-en-arabie-saoudite-au-mepris-de-lenvironnement-et-des-droits-humains\" target=\"_blank\" rel=\"noopener\">qui organisera la Coupe du monde en 2034<\/a>, a tout de l\u2019enfer pour ceux qui travaillent \u00e0 la r\u00e9alisation de cet \u00e9v\u00e9nement plan\u00e9taire\u00a0! C\u2019est ce que r\u00e9v\u00e8lent de nombreux rapports qui s\u2019accumulent et mettent en cause le peu de cas qui est fait des droits des travailleurs, et plus largement des droits humains, dans ce pays du Moyen-Orient. <a href=\"https:\/\/www.humanite.fr\/monde\/qatar-2022-plus-jamais\/des-montagnes-du-nepal-au-mondial-du-qatar-lenfer-sans-fin-des-travailleurs-migrants\" target=\"_blank\" rel=\"noopener\">Apr\u00e8s l\u2019organisation au Qatar, en 2022, qui \u00e9tait tr\u00e8s loin d\u2019\u00eatre exempte de tout reproche<\/a>, et alors que, pour la Coupe du monde 2026 et tout particuli\u00e8rement au Mexique, comme le rappelait dans nos pages (voir l\u2019Humanit\u00e9 du 31\u00a0mars 2025) Jean-Pascal Fran\u00e7ois, secr\u00e9taire f\u00e9d\u00e9ral de la CGT construction, des observateurs internationaux ont \u00e9t\u00e9 emp\u00each\u00e9s de visiter les sites par la F\u00e9d\u00e9ration internationale de football (Fifa), il semblerait qu\u2019au nom du tout-puissant foot business, on ferme encore une fois les yeux\u00a0sur les droits humains.<\/p>\n<p>\u00ab\u00a0On va assister \u00e0 un Qatar bis\u00a0\u00bb<\/p>\n<p>Ainsi Human Rights Watch (HRW) a publi\u00e9 il y a quelques jours un rapport d\u00e9non\u00e7ant les violations du droit des travailleurs immigr\u00e9s en Arabie saoudite, dans le cadre de l\u2019organisation de la Coupe du monde 2034. \u00ab\u00a0L\u2019Arabie saoudite est un environnement de travail extr\u00eamement dangereux\u00a0\u00bb, estime HRW, qui souligne aussi le regard biais\u00e9 et la responsabilit\u00e9 de la Fifa dans la supervision de la construction des stades. Le rapport s\u2019appuie sur des entretiens de 31\u00a0familles d\u2019ouvriers d\u00e9c\u00e9d\u00e9s sur des chantiers provenant du Bangladesh, d\u2019Inde et du N\u00e9pal et \u00e2g\u00e9s de 23 \u00e0 52\u00a0ans, ou encore sur trois t\u00e9moins directs d\u2019accidents mortels. <a href=\"https:\/\/www.humanite.fr\/social-et-economie\/mondial-2022-au-qatar\/qatar-un-mondial-irrigue-par-le-sang-des-travailleurs\" target=\"_blank\" rel=\"noopener\">De nombreux travailleurs immigr\u00e9s seraient morts d\u2019accidents du travail<\/a> qui auraient pu \u00eatre \u00e9vit\u00e9s. Pis\u00a0: \u00ab\u00a0La majorit\u00e9 de ces morts n\u2019est pas class\u00e9e comme accident du travail, ce qui prive les familles d\u2019indemnit\u00e9s. Et, quand cela est possible, le processus pour \u00eatre indemnis\u00e9 est long et harassant.\u00a0Il y a eu des \u00e9lectrocutions, des d\u00e9capitations, des \u00e9crasements\u00a0\u00bb, continue Michael Page, directeur adjoint de HRW pour le Moyen-Orient et l\u2019Afrique du Nord.<\/p>\n<p>Mais fallait-il s\u2019attendre \u00e0 autre chose\u00a0? Jean-Pascal Fran\u00e7ois, qui retournera au Mexique courant juillet, n\u2019est pas tomb\u00e9 de sa chaise \u00e0 la parution des rapports\u00a0: \u00ab\u00a0On va assister \u00e0 un Qatar bis, ce qui ne m\u2019\u00e9tonne pas.\u00a0Pour l\u2019instant tout est ferm\u00e9 l\u00e0-bas. Nous ne pouvons pas y aller. Et ce qui est grave, c\u2019est que la Fifa n\u2019a retenu aucune le\u00e7on du pass\u00e9.\u00a0\u00bb<\/p>\n<p>D\u00e9j\u00e0 en octobre 2024 des organisations de d\u00e9fense des droits humains, des organisations de supporters de football et des syndicats avaient tir\u00e9 la sonnette d\u2019alarme et exprim\u00e9 leur vive pr\u00e9occupation au sujet d\u2019une \u00e9valuation fauss\u00e9e en mati\u00e8re de droits humains r\u00e9alis\u00e9e par un cabinet international d\u2019avocats AS &amp; H Clifford Chance pour la Coupe du monde et publi\u00e9 par la Fifa. Selon ces organisations, l\u2019\u00e9valuation aurait fait un usage tr\u00e8s s\u00e9lectif des conclusions des organes des Nations unies sur l\u2019Arabie saoudite, en omettant nombre de jugements pr\u00e9judiciables. Elle servait seulement de base \u00e0 la strat\u00e9gie de l\u2019Arabie saoudite en mati\u00e8re de droits humains pour le tournoi. Pour <a href=\"https:\/\/www.humanite.fr\/monde\/amnesty-international\/la-russie-interdit-les-activites-damnesty-international-jugee-indesirable\" target=\"_blank\" rel=\"noopener\">Amnesty International<\/a> cela n\u2019est ni plus ni moins qu\u2019une tentative de dissimulation. Mais qu\u2019importe du moment que les caisses de la Fifa se remplissent une nouvelle fois\u00a0: \u00ab\u00a0Les travailleurs ne sont pas son probl\u00e8me. Les droits sociaux encore moins, que ce soit pour les ouvriers sur les chantiers ou m\u00eame les travailleurs domestiques qui sont exploit\u00e9s.\u00a0<a href=\"https:\/\/www.humanite.fr\/sports\/qatar\/mondial-au-qatar-lodieux-du-stade\" target=\"_blank\" rel=\"noopener\">La Fifa ferme les yeux et regarde ailleurs.<\/a>\u00a0Le foot est pourtant un jeu mais, l\u00e0, on joue avec les vies\u00a0\u00bb, rappelle Jean-Pascal Fran\u00e7ois.<\/p>\n<p>Parmi les causes de d\u00e9c\u00e8s, beaucoup sont ainsi class\u00e9es comme naturelles et ne font l\u2019objet d\u2019aucune enqu\u00eate. Par voie de cons\u00e9quence, ils ne donnent lieu \u00e0 aucune indemnisation. Interpell\u00e9e et un peu mise dans les cordes, la Fifa a finalement \u00e9crit \u00e0 Human Rights Watch pour expliquer qu\u2019elle pr\u00e9voyait de mettre en place un syst\u00e8me de protection sociale pour les travailleurs d\u00e9finissant des normes et des m\u00e9canismes d\u2019application obligatoires pour les travaux de construction et la fourniture de services en lien avec la Coupe du monde. Elle n\u2019a cependant pas fourni de pr\u00e9cisions sur ces mesures concr\u00e8tes, ni de date.<\/p>\n<p>Le journal des intelligences libres<\/p>\n<p>\u00ab C\u2019est par des informations \u00e9tendues et exactes que nous voudrions donner \u00e0 toutes les intelligences libres <strong>le moyen de comprendre et de juger elles-m\u00eames les \u00e9v\u00e9nements du monde<\/strong>. \u00bb<br \/>Tel \u00e9tait <strong>\u00ab\u00a0Notre but\u00a0\u00bb<\/strong>, comme l\u2019\u00e9crivait Jean Jaur\u00e8s dans le premier \u00e9ditorial de l\u2019Humanit\u00e9.<br \/><strong>120 ans plus tard, il n\u2019a pas chang\u00e9. <br \/>Gr\u00e2ce \u00e0 vous. <\/strong><br \/>Soutenez-nous\u00a0! Votre don sera d\u00e9fiscalis\u00e9\u00a0: donner 5\u20ac vous reviendra \u00e0 1.65\u20ac. Le prix d\u2019un caf\u00e9.<br \/><a href=\"https:\/\/www.humanite.fr\/lhumanite-cest-vous\" target=\"_blank\" rel=\"noopener\">Je veux en savoir plus\u00a0!<\/a><\/p>\n","protected":false},"excerpt":{"rendered":"Paradis pour footballeurs en semi-retraite pay\u00e9s \u00e0 coups de millions, l\u2019Arabie saoudite, qui organisera la Coupe du monde&hellip;\n","protected":false},"author":2,"featured_media":121032,"comment_status":"","ping_status":"","sticky":false,"template":"","format":"standard","meta":{"footnotes":""},"categories":[1412],"tags":[4947,24277,4625,24278,1451,1452,1453,1454,1455,1011,27,60],"class_list":{"0":"post-121031","1":"post","2":"type-post","3":"status-publish","4":"format-standard","5":"has-post-thumbnail","7":"category-f1","8":"tag-arabie-saoudite","9":"tag-coupe-du-monde-de-football","10":"tag-droits-humains","11":"tag-droits-sociaux","12":"tag-f1","13":"tag-formula-1","14":"tag-formula1","15":"tag-formule-1","16":"tag-formule1","17":"tag-fr","18":"tag-france","19":"tag-sports"},"share_on_mastodon":{"url":"https:\/\/pubeurope.com\/@fr\/114555078957827010","error":""},"_links":{"self":[{"href":"https:\/\/www.europesays.com\/fr\/wp-json\/wp\/v2\/posts\/121031","targetHints":{"allow":["GET"]}}],"collection":[{"href":"https:\/\/www.europesays.com\/fr\/wp-json\/wp\/v2\/posts"}],"about":[{"href":"https:\/\/www.europesays.com\/fr\/wp-json\/wp\/v2\/types\/post"}],"author":[{"embeddable":true,"href":"https:\/\/www.europesays.com\/fr\/wp-json\/wp\/v2\/users\/2"}],"replies":[{"embeddable":true,"href":"https:\/\/www.europesays.com\/fr\/wp-json\/wp\/v2\/comments?post=121031"}],"version-history":[{"count":0,"href":"https:\/\/www.europesays.com\/fr\/wp-json\/wp\/v2\/posts\/121031\/revisions"}],"wp:featuredmedia":[{"embeddable":true,"href":"https:\/\/www.europesays.com\/fr\/wp-json\/wp\/v2\/media\/121032"}],"wp:attachment":[{"href":"https:\/\/www.europesays.com\/fr\/wp-json\/wp\/v2\/media?parent=121031"}],"wp:term":[{"taxonomy":"category","embeddable":true,"href":"https:\/\/www.europesays.com\/fr\/wp-json\/wp\/v2\/categories?post=121031"},{"taxonomy":"post_tag","embeddable":true,"href":"https:\/\/www.europesays.com\/fr\/wp-json\/wp\/v2\/tags?post=121031"}],"curies":[{"name":"wp","href":"https:\/\/api.w.org\/{rel}","templated":true}]}}