{"id":121033,"date":"2025-05-23T03:42:10","date_gmt":"2025-05-23T03:42:10","guid":{"rendered":"https:\/\/www.europesays.com\/fr\/121033\/"},"modified":"2025-05-23T03:42:10","modified_gmt":"2025-05-23T03:42:10","slug":"tom-mainguenaud-lessor-breton-est-deja-reussi-actualite","status":"publish","type":"post","link":"https:\/\/www.europesays.com\/fr\/121033\/","title":{"rendered":"Tom Mainguenaud : \u00ab L&rsquo;Essor Breton est d\u00e9j\u00e0 r\u00e9ussi \u00bb &#8211; Actualit\u00e9"},"content":{"rendered":"<p style=\"text-align: justify;\">M\u00eame si le rose de Mayenne-V and B-Monbana lui va \u00e0 merveille depuis le d\u00e9but de saison, c\u2019est bien en blanc\u00a0que Tom Mainguenaud prendra le d\u00e9part ce vendredi, apr\u00e8s sa victoire sur la premi\u00e8re \u00e9tape de l\u2019Essor Breton <a href=\"https:\/\/www.directvelo.com\/actualite\/120807\/essor-breton-et-1-tom-mainguenaud-1er\" target=\"_blank\" rel=\"noopener\"><strong>(voir classement)<\/strong><\/a>. Il s&rsquo;agit d\u00e9j\u00e0 de sa troisi\u00e8me victoire cette ann\u00e9e <a href=\"https:\/\/www.directvelo.com\/coureur\/20994\/tom-mainguenaud\" target=\"_blank\" rel=\"noopener\"><strong>(voir sa fiche DirectVelo)<\/strong><\/a>. \u201cPouvoir gagner sur une belle course comme l\u2019Essor Breton, \u00e7a fait plaisir. J\u2019ai lev\u00e9 les bras il y a quinze jours, gagner \u00e0 nouveau, c\u2019est top\u201d, a-t-il d\u00e9clar\u00e9 \u00e0 DirectVelo.<\/p>\n<p><strong>\u00ab LE FINAL ME CORRESPONDAIT BIEN \u00bb<\/strong><\/p>\n<p>Au d\u00e9part ce jeudi matin \u00e0 Grand-Champ (Morbihan), le coureur de 24 ans avait une id\u00e9e derri\u00e8re la t\u00eate. \u201cJ\u2019ai vu que le final me correspondait bien, il \u00e9tait assez usant. C\u2019\u00e9tait pr\u00e9vu que je reste au chaud jusqu\u2019au circuit final\u201d.\u00a0Une strat\u00e9gie payante sur cette premi\u00e8re \u00e9tape de l\u2019Essor Breton, o\u00f9 une grosse \u00e9chapp\u00e9e a bien failli bouleverser les plans. \u201cElle a pris trois minutes d\u2019avance, on a commenc\u00e9 \u00e0 avoir un peu peur que \u00e7a aille au bout\u201d.<\/p>\n<p>Mayenne- V and B-Monbana n\u2019a alors pas tergivers\u00e9. \u201cLes coll\u00e8gues ont roul\u00e9 avec Chalette et Dinan pour rentrer \u00e0 deux tours de l\u2019arriv\u00e9e. Ensuite, j\u2019\u00e9tais focus sur le sprint\u201d. Un final pi\u00e9geux, rendu nerveux par les attaques. \u201c\u00c0 l\u2019approche de l\u2019arriv\u00e9e, c\u2019\u00e9tait assez d\u00e9cousu. Anthony Rall\u00e9 (Dinan) est sorti au kilom\u00e8tre. On a fait l\u2019effort derri\u00e8re, j\u2019\u00e9tais cal\u00e9 dans les roues. Quand le sprint a \u00e9t\u00e9 lanc\u00e9, je n\u2019\u00e9tais pas tr\u00e8s bien plac\u00e9, j\u2019ai d\u00fb partir de loin. J\u2019ai r\u00e9ussi \u00e0 r\u00e9sister, mais in extremis. Avec cette victoire, l\u2019Essor Breton est d\u00e9j\u00e0 r\u00e9ussi\u201d.<\/p>\n<p><strong>\u00ab J\u2019ACCUMULE LES TOP 10, JE SUIS PLUS LIB\u00c9R\u00c9 \u00bb<\/strong><\/p>\n<p>Mais la suite s\u2019annonce tactique. Courue sans bonifications aux arriv\u00e9es, l\u2019\u00e9preuve ne permet pas de creuser d\u2019\u00e9cart facilement. \u201cOn est beaucoup de coureurs dans le m\u00eame temps. C\u2019est assez particulier, \u00e7a rend la course plus tactique\u201d.\u00a0Le 5e du Challenge Amateur\u00a0le sait : pour garder le blanc, il faudra jouer collectif. \u201cNous sommes encore trois de l\u2019\u00e9quipe en position de gagner. Il va falloir \u00eatre offensifs sur les prochaines \u00e9tapes. Forc\u00e9ment, j\u2019ai le g\u00e9n\u00e9ral dans un coin de ma t\u00eate, mais c\u2019est une gestion diff\u00e9rente des autres courses\u201d.<\/p>\n<p>Dans le coup cette saison, le\u00a0Deux-S\u00e9vrien ne peut qu&rsquo;appr\u00e9cier sa forme. \u201cJe suis tr\u00e8s content de mon d\u00e9but de saison. L&rsquo;ann\u00e9e derni\u00e8re, je courais apr\u00e8s les victoires. Aujourd\u2019hui, c&rsquo;est d\u00e9j\u00e0 ma troisi\u00e8me\u201d. Mais sans pour autant perdre l\u2019app\u00e9tit. \u201cJe suis quasiment tous les week-ends dans le jeu, j\u2019accumule les Top 10, je suis plus lib\u00e9r\u00e9. Je pense que j\u2019aurais pu gagner plus mais je suis d\u00e9j\u00e0 bien content. L\u2019\u00e9t\u00e9, j\u2019encha\u00eene pas mal les courses donc il y aura d\u2019autres opportunit\u00e9s pour lever les bras\u201d.\u00a0Apr\u00e8s avoir chang\u00e9 de formation \u00e0 l\u2019intersaison, Tom Mainguenaud a trouv\u00e9 un nouveau souffle en Mayenne. \u201cJe devais rester aux C\u00f4tes d\u2019Armor <a href=\"https:\/\/www.directvelo.com\/actualite\/116285\/creactuel-marie-morin-u-22-c-est-fini\" target=\"_blank\" rel=\"noopener\"><strong>(lire ici)<\/strong><\/a>, mais avec l\u2019arr\u00eat de la formation, il a fallu trouver une solution de secours. J\u2019ai eu plusieurs contacts, mais le projet de Laval m\u2019a plu, et je ne le regrette pas du tout\u00a0\u00bb.<\/p>\n","protected":false},"excerpt":{"rendered":"M\u00eame si le rose de Mayenne-V and B-Monbana lui va \u00e0 merveille depuis le d\u00e9but de saison, c\u2019est&hellip;\n","protected":false},"author":2,"featured_media":121034,"comment_status":"","ping_status":"","sticky":false,"template":"","format":"standard","meta":{"footnotes":""},"categories":[1411],"tags":[834,828,836,829,837,827,83,826,824,823,1154,207,814,817,815,816,822,821,832,211,839,1011,27,820,818,819,835,831,830,833,838,60,212,208,825],"class_list":{"0":"post-121033","1":"post","2":"type-post","3":"status-publish","4":"format-standard","5":"has-post-thumbnail","7":"category-cyclisme","8":"tag-attaque","9":"tag-belgique","10":"tag-braquet","11":"tag-bretagne","12":"tag-chute","13":"tag-competition","14":"tag-coupe-de-france","15":"tag-coureur","16":"tag-course-cyclisme","17":"tag-course-cycliste","18":"tag-cycling","19":"tag-cyclisme","20":"tag-direct","21":"tag-direct-velo","22":"tag-directvelo","23":"tag-directvelo-com","24":"tag-epreuve","25":"tag-epreuve-cycliste","26":"tag-federation-francaise-de-cyclisme","27":"tag-ffc","28":"tag-flandres","29":"tag-fr","30":"tag-france","31":"tag-live","32":"tag-live-course","33":"tag-live-epreuve","34":"tag-peloton","35":"tag-radio-peloton","36":"tag-radio-tour","37":"tag-ravitaillement","38":"tag-relance","39":"tag-sports","40":"tag-uci","41":"tag-velo","42":"tag-velos"},"share_on_mastodon":{"url":"https:\/\/pubeurope.com\/@fr\/114555082769090354","error":""},"_links":{"self":[{"href":"https:\/\/www.europesays.com\/fr\/wp-json\/wp\/v2\/posts\/121033","targetHints":{"allow":["GET"]}}],"collection":[{"href":"https:\/\/www.europesays.com\/fr\/wp-json\/wp\/v2\/posts"}],"about":[{"href":"https:\/\/www.europesays.com\/fr\/wp-json\/wp\/v2\/types\/post"}],"author":[{"embeddable":true,"href":"https:\/\/www.europesays.com\/fr\/wp-json\/wp\/v2\/users\/2"}],"replies":[{"embeddable":true,"href":"https:\/\/www.europesays.com\/fr\/wp-json\/wp\/v2\/comments?post=121033"}],"version-history":[{"count":0,"href":"https:\/\/www.europesays.com\/fr\/wp-json\/wp\/v2\/posts\/121033\/revisions"}],"wp:featuredmedia":[{"embeddable":true,"href":"https:\/\/www.europesays.com\/fr\/wp-json\/wp\/v2\/media\/121034"}],"wp:attachment":[{"href":"https:\/\/www.europesays.com\/fr\/wp-json\/wp\/v2\/media?parent=121033"}],"wp:term":[{"taxonomy":"category","embeddable":true,"href":"https:\/\/www.europesays.com\/fr\/wp-json\/wp\/v2\/categories?post=121033"},{"taxonomy":"post_tag","embeddable":true,"href":"https:\/\/www.europesays.com\/fr\/wp-json\/wp\/v2\/tags?post=121033"}],"curies":[{"name":"wp","href":"https:\/\/api.w.org\/{rel}","templated":true}]}}