{"id":121037,"date":"2025-05-23T03:44:09","date_gmt":"2025-05-23T03:44:09","guid":{"rendered":"https:\/\/www.europesays.com\/fr\/121037\/"},"modified":"2025-05-23T03:44:09","modified_gmt":"2025-05-23T03:44:09","slug":"cest-faux-chez-faustine-bollaert-carla-ghebali-la-fille-de-daniela-lumbroso-retablit-une-verite-sur-sa-mere","status":"publish","type":"post","link":"https:\/\/www.europesays.com\/fr\/121037\/","title":{"rendered":"\u00ab\u00a0C\u2019est faux\u00a0\u00bb : chez Faustine Bollaert, Carla Ghebali, la fille de Daniela Lumbroso r\u00e9tablit une v\u00e9rit\u00e9 sur sa m\u00e8re"},"content":{"rendered":"<p>\u00catre le \u00ab\u00a0fils de\u00a0\u00bb ou la \u00ab\u00a0fille de\u00a0\u00bb peut parfois vous ouvrir des portes. N\u00e9anmoins, cela peut \u00e9galement entra\u00eener de nombreux critiques. Carla Ghebali, <a href=\"https:\/\/www.public.fr\/exclu-public-carla-la-fille-de-daniela-lumbroso-tombe-amoureuse-dune-star-des-marseillais-sur-les-cinquante\" target=\"_blank\" rel=\"noopener\">fille de Daniela Lumbroso<\/a> ne va pas dire le contraire.\u00a0<\/p>\n<p>La jeune femme, cr\u00e9atrice de contenu, \u00e9tait justement invit\u00e9e en compagnie de sa m\u00e8re chez <a href=\"https:\/\/www.public.fr\/tag\/faustine-bollaert\" target=\"_blank\" rel=\"noopener\">Faustine Bollaert<\/a>, dans <strong>\u00ab\u00a0\u00c7a commence aujourd\u2019hui\u00a0\u00bb<\/strong>. L\u2019occasion pour elle de revenir sur les nombreuses critiques dont elle fait l\u2019objet depuis qu\u2019elle a gagn\u00e9 en notori\u00e9t\u00e9.\u00a0<\/p>\n<p>Si les t\u00e9l\u00e9spectateurs de France 2 ont eu un air de d\u00e9j\u00e0-vu en d\u00e9couvrant la fille de Daniela Lumbroso sur leur \u00e9cran, c\u2019est parce que celle-ci a d\u00e9j\u00e0 fait plusieurs apparitions \u00e0 la t\u00e9l\u00e9vision. Plus particuli\u00e8rement dans la t\u00e9l\u00e9r\u00e9alit\u00e9.<\/p>\n<p>Qui est Carla Ghebali ? <\/p>\n<p>En 2023, Carla Ghebali participe en effet \u00e0 <a href=\"https:\/\/vsd.fr\/64082-les-cinquante-une-star-de-la-tele-des-annees-2000-au-casting\/\" target=\"_blank\" rel=\"noopener\">l\u2019\u00e9mission de W9, <strong>\u00ab\u00a0Les Cinquante\u00a0\u00bb<\/strong>.<\/a> Depuis quelque temps, elle anime un podcast qui cartonne sur sa cha\u00eene YouTube. Dans son \u00e9mission intitul\u00e9e \u00ab\u00a0Carla pour toi\u00a0\u00bb, la jeune femme donne la parole aux personnalit\u00e9s. Elle a d\u2019ailleurs surpris tout le monde en recevant <a href=\"https:\/\/www.public.fr\/tag\/carla-bruni\" target=\"_blank\" rel=\"noopener\">Carla Bruni<\/a> le 24 avril dernier.\u00a0<\/p>\n<p>Fille de Daniela Lumbroso et de l\u2019ancien secr\u00e9taire g\u00e9n\u00e9ral de SOS Racisme \u00c9ric Ghebali, elle a travaill\u00e9 chez Konbini, H2O et DEGEL Prod. Dipl\u00f4m\u00e9e en journalisme, elle poss\u00e8de \u00e9galement de nombreuses notions du monde de la t\u00e9l\u00e9vision. Elle a donc pu apprendre par elle-m\u00eame mais certains restent persuad\u00e9s qu\u2019\u00eatre <strong>la fille d\u2019une animatrice lui a permis de \u00ab\u00a0r\u00e9ussir\u00a0\u00bb.\u00a0<\/strong><\/p>\n<p>\u00ab\u00a0Quand on est fille de, \u00e7a peut \u00eatre un moteur, mais \u00e7a peut aussi \u00eatre un complexe ou une pression ?\u00a0\u00bb, a demand\u00e9 Faustine Bollaert \u00e0 la jeune femme. \u00ab\u00a0Moi, \u00e7a n&rsquo;a jamais \u00e9t\u00e9 un complexe parce qu&rsquo;encore une fois, je n&rsquo;ai jamais \u00e9t\u00e9 expos\u00e9e jusqu&rsquo;\u00e0 ce que je m&rsquo;expose moi-m\u00eame et que je r\u00e9ussisse par moi-m\u00eame, encore une fois, sur les r\u00e9seaux. Et justement, c&rsquo;est une fois seulement que j&rsquo;avais vraiment commenc\u00e9 \u00e0 avoir de la notori\u00e9t\u00e9 sur les r\u00e9seaux, que j&rsquo;ai commenc\u00e9 \u00e0 parler d&rsquo;un petit peu qui \u00e9tait ma m\u00e8re\u00a0\u00bb, a alors r\u00e9pondu la principale int\u00e9ress\u00e9e.<\/p>\n<p>La fille de Daniela Lumbroso, critiqu\u00e9e car \u00ab\u00a0fille de\u00a0\u00bb<\/p>\n<p>Par la suite, la fille de Daniela Lumbroso a r\u00e9v\u00e9l\u00e9 qu\u2019\u00e0 ce moment-l\u00e0, elle a \u00ab\u00a0commenc\u00e9 \u00e0 se prendre des critiques\u00a0\u00bb. <strong>\u00ab\u00a0Les gens me disaient que si j\u2019avais perc\u00e9 sur les r\u00e9seaux, c\u2019\u00e9tait parce que j&rsquo;\u00e9tais la fille de&#8230; Or, c&rsquo;est faux\u00a0\u00bb<\/strong>, a-t-elle tenu \u00e0 se d\u00e9fendre afin de mettre fin aux rumeurs et aux critiques.<\/p>\n<p>Avant de poursuivre, toujours aussi remont\u00e9e : \u00ab\u00a0J&rsquo;y suis arriv\u00e9e, j&rsquo;ai r\u00e9ussi \u00e0 avoir plein d&rsquo;abonn\u00e9s, \u00e0 faire tout ce que j&rsquo;ai fait dans l&rsquo;influence. Et maintenant,<strong> j&rsquo;affiche ma m\u00e8re, on me dit\u00a0: \u2018C&rsquo;est gr\u00e2ce \u00e0 elle\u2019.<\/strong> Donc c&rsquo;est justement r\u00e9cemment que j&rsquo;ai commenc\u00e9 \u00e0 me dire\u00a0: \u2018Cette \u00e9tiquette, elle ne me va pas\u2019\u00a0\u00bb.<\/p>\n<p>Daniela Lumbroso, \u00e9galement invit\u00e9e dans l\u2019\u00e9mission de Faustine Bollaert, a \u00e9galement tenu \u00e0 d\u00e9fendre sa fille. \u00ab\u00a0Elle a commenc\u00e9 des TikTok et \u00e7a a tr\u00e8s vite explos\u00e9. C&rsquo;est vrai que <strong>c&rsquo;est tr\u00e8s injuste de dire que c&rsquo;est gr\u00e2ce \u00e0 moi, parce qu&rsquo;il suffit d&rsquo;aller regarder le nombre d&rsquo;abonn\u00e9s<\/strong> sur mon Insta pour voir qu&rsquo;elle est beaucoup plus forte que moi et que \u00e7a n&rsquo;a rien \u00e0 voir\u00a0\u00bb, explique l\u2019animatrice, fi\u00e8re de sa fille et du travail r\u00e9alis\u00e9 par celle-ci.\u00a0<\/p>\n<p>      Mentionn\u00e9s dans cet article<\/p>\n<p>\u00c0 lire aussi<\/p>\n","protected":false},"excerpt":{"rendered":"\u00catre le \u00ab\u00a0fils de\u00a0\u00bb ou la \u00ab\u00a0fille de\u00a0\u00bb peut parfois vous ouvrir des portes. N\u00e9anmoins, cela peut \u00e9galement&hellip;\n","protected":false},"author":2,"featured_media":121038,"comment_status":"","ping_status":"","sticky":false,"template":"","format":"standard","meta":{"footnotes":""},"categories":[1359],"tags":[24279,12667,24280,58,59,6308,1011,27,594,973],"class_list":{"0":"post-121037","1":"post","2":"type-post","3":"status-publish","4":"format-standard","5":"has-post-thumbnail","7":"category-people","8":"tag-ca-commence-aujourdhui","9":"tag-carla-bruni","10":"tag-daniela-lumbroso","11":"tag-divertissement","12":"tag-entertainment","13":"tag-faustine-bollaert","14":"tag-fr","15":"tag-france","16":"tag-france-2","17":"tag-people"},"share_on_mastodon":{"url":"https:\/\/pubeurope.com\/@fr\/114555090708581641","error":""},"_links":{"self":[{"href":"https:\/\/www.europesays.com\/fr\/wp-json\/wp\/v2\/posts\/121037","targetHints":{"allow":["GET"]}}],"collection":[{"href":"https:\/\/www.europesays.com\/fr\/wp-json\/wp\/v2\/posts"}],"about":[{"href":"https:\/\/www.europesays.com\/fr\/wp-json\/wp\/v2\/types\/post"}],"author":[{"embeddable":true,"href":"https:\/\/www.europesays.com\/fr\/wp-json\/wp\/v2\/users\/2"}],"replies":[{"embeddable":true,"href":"https:\/\/www.europesays.com\/fr\/wp-json\/wp\/v2\/comments?post=121037"}],"version-history":[{"count":0,"href":"https:\/\/www.europesays.com\/fr\/wp-json\/wp\/v2\/posts\/121037\/revisions"}],"wp:featuredmedia":[{"embeddable":true,"href":"https:\/\/www.europesays.com\/fr\/wp-json\/wp\/v2\/media\/121038"}],"wp:attachment":[{"href":"https:\/\/www.europesays.com\/fr\/wp-json\/wp\/v2\/media?parent=121037"}],"wp:term":[{"taxonomy":"category","embeddable":true,"href":"https:\/\/www.europesays.com\/fr\/wp-json\/wp\/v2\/categories?post=121037"},{"taxonomy":"post_tag","embeddable":true,"href":"https:\/\/www.europesays.com\/fr\/wp-json\/wp\/v2\/tags?post=121037"}],"curies":[{"name":"wp","href":"https:\/\/api.w.org\/{rel}","templated":true}]}}