{"id":121043,"date":"2025-05-23T03:47:12","date_gmt":"2025-05-23T03:47:12","guid":{"rendered":"https:\/\/www.europesays.com\/fr\/121043\/"},"modified":"2025-05-23T03:47:12","modified_gmt":"2025-05-23T03:47:12","slug":"audrey-fleurot-destabilisee-par-linsistance-de-yann-barthes-concernant-la-fin-de-hpi-et-leventualite-dune-saison-6","status":"publish","type":"post","link":"https:\/\/www.europesays.com\/fr\/121043\/","title":{"rendered":"Audrey Fleurot d\u00e9stabilis\u00e9e par l&rsquo;insistance de Yann Barth\u00e8s concernant la fin de HPI et l&rsquo;\u00e9ventualit\u00e9 d&rsquo;une saison 6"},"content":{"rendered":"<p>Yann Barth\u00e8s accueillait Audrey Fleurot dans Quotidien, ce jeudi 22 mai. L&rsquo;animateur a pouss\u00e9 la com\u00e9dienne \u00e0 bout en lui demandant si HPI pourrait conna\u00eetre une suite apr\u00e8s sa cinqui\u00e8me saison.<\/p>\n<p>La tr\u00e8s attendue saison 5 de HPI a d\u00e9marr\u00e9 ce jeudi 15 mai sur TF1, <a href=\"https:\/\/www.programme-tv.net\/news\/series-tv\/379008-hpi-quelle-audience-pour-le-lancement-de-la-saison-5-inedite-de-la-serie-avec-audrey-fleurot-et-mehdi-nebbou\/\" data-api-deeplink=\"teleloisirs:\/\/news\/379008\" target=\"_blank\" rel=\"noopener\">r\u00e9alisant \u00e0 nouveau un v\u00e9ritable carton d&rsquo;audience<\/a>. Il s&rsquo;agira de la derni\u00e8re de la fiction mettant en sc\u00e8ne l&rsquo;excentrique Morgane Alvaro. <a href=\"https:\/\/www.programme-tv.net\/news\/series-tv\/378850-hpi-la-saison-5-inedite-a-une-double-particularite-qui-ne-va-pas-plaire-du-tout-aux-fans\/\" data-api-deeplink=\"teleloisirs:\/\/news\/378850\" target=\"_blank\" rel=\"noopener\">Mais il faudra patienter pour en d\u00e9couvrir l&rsquo;issue, puisqu&rsquo;elle sera diffus\u00e9e plus tard dans l&rsquo;ann\u00e9e, avec la deuxi\u00e8me salve d&rsquo;\u00e9pisodes<\/a>. La semaine derni\u00e8re,<a href=\"https:\/\/www.programme-tv.net\/news\/series-tv\/378905-hpi-des-sequences-assez-intimidantes-mehdi-nebbou-raconte-sa-scene-torride-avec-audrey-fleurot-a-la-fin-du-premier-episode\/\" data-api-deeplink=\"teleloisirs:\/\/news\/378905\" target=\"_blank\" rel=\"noopener\"> les t\u00e9l\u00e9spectateurs ont \u00e9t\u00e9 sid\u00e9r\u00e9s de d\u00e9couvrir \u00e0 l&rsquo;\u00e9cran le premier rapprochement physique entre Morgane et Karadec<\/a>, qui vivent d\u00e9sormais, contraints et forc\u00e9s, ensemble.<\/p>\n<p>Yann Barth\u00e8s insiste pour savoir si une saison 6 de HPI pourrait voir le jour<\/p>\n<p>Audrey Fleurot \u00e9tait l&rsquo;invit\u00e9e de Quotidien, ce jeudi 22 mai, pour parler de la cinqui\u00e8me saison de HPI. Yann Barth\u00e8s lui a demand\u00e9 de confirmer qu&rsquo;il s&rsquo;agirait bien de la derni\u00e8re et qu&rsquo;aucun retour en arri\u00e8re n&rsquo;\u00e9tait envisageable. \u00ab\u00a0Non, non, il ne faut pas. Mais c&rsquo;est dur. C&rsquo;est une d\u00e9cision raisonn\u00e9e, raisonnable pour partir sur un truc chouette. Je pense que c&rsquo;est mieux de partir au top que de d\u00e9cevoir. Il faut \u00eatre raisonnable\u00a0\u00bb, a-t-elle avanc\u00e9. L&rsquo;animateur s&rsquo;est permis d&rsquo;insister, soulignant que tout le monde \u00e9tait d&rsquo;accord du c\u00f4t\u00e9 de la cha\u00eene et de la production pour en faire \u00ab\u00a0une de plus\u00a0\u00bb et que \u00e7a bloquait de son c\u00f4t\u00e9. \u00ab\u00a0Ca bloque mollement. En plus, l\u00e0 on s&rsquo;est d\u00e9merd\u00e9s pour trouver une fin un peu \u00e0 la hauteur du truc\u00a0\u00bb, a-t-elle conc\u00e9d\u00e9. Yann Barth\u00e8s est entr\u00e9 dans la br\u00e8che pour savoir si cette fin pouvait permettre d&rsquo;envisager une saison 6. \u00ab\u00a0Non&#8230; non&#8230;. enfin non !\u00a0\u00bb, lui a r\u00e9pondu son invit\u00e9e. \u00ab\u00a0Non ou alors on part sur vraiment compl\u00e9tement autre chose. Je trouve que c&rsquo;est bien de partir sur compl\u00e9tement autre chose\u00a0\u00bb, a-t-elle compl\u00e9t\u00e9. De quoi susciter l&rsquo;inqui\u00e9tude de son interlocuteur. \u00ab\u00a0Compl\u00e9tement autre chose, elle meurt ?\u00a0\u00bb<\/p>\n<p>                        Audrey Fleurot est en plein tournage de la fin de HPI<\/p>\n<p><b>\u00ab\u00a0La fin ne permet pas une saison 6 ?<\/b>\u00ab\u00a0, a relanc\u00e9 Yann Barth\u00e8s. <b>\u00ab\u00a0La vache, je ne m&rsquo;attendais pas \u00e0 ce traquenard\u00a0\u00bb,<\/b> s&rsquo;est exclam\u00e9e Audrey Fleurot, \u00e0 court d&rsquo;arguments. \u00ab\u00a0On m&rsquo;a dit tout bien ce qu&rsquo;il fallait que je dise et \u00e7a, je n&rsquo;ai pas du tout \u00e9t\u00e9 brief\u00e9e\u00a0\u00bb, a-t-elle ajout\u00e9. La com\u00e9dienne a r\u00e9v\u00e9l\u00e9 qu&rsquo;elle \u00e9tait en plein tournage des derniers \u00e9pisodes de HPI. <b>\u00ab\u00a0Je suis en plein dedans. C&rsquo;est pour \u00e7a que c&rsquo;est compliqu\u00e9 pour moi de parler de la fin parce que je suis dedans\u00a0\u00bb,<\/b> a-t-elle expliqu\u00e9.<\/p>\n","protected":false},"excerpt":{"rendered":"Yann Barth\u00e8s accueillait Audrey Fleurot dans Quotidien, ce jeudi 22 mai. L&rsquo;animateur a pouss\u00e9 la com\u00e9dienne \u00e0 bout&hellip;\n","protected":false},"author":2,"featured_media":121044,"comment_status":"","ping_status":"","sticky":false,"template":"","format":"standard","meta":{"footnotes":""},"categories":[1356],"tags":[21259,244,58,59,1011,27,21976,21977,21975,252,199,2175,1364,23318],"class_list":{"0":"post-121043","1":"post","2":"type-post","3":"status-publish","4":"format-standard","5":"has-post-thumbnail","7":"category-television","8":"tag-audrey-fleurot","9":"tag-commentaire","10":"tag-divertissement","11":"tag-entertainment","12":"tag-fr","13":"tag-france","14":"tag-hpi-29042021-210500-tf1","15":"tag-hpi-5162024-0910-pm-tf1","16":"tag-hpi-e01-du-grave-u00e0-laigu-1098862233","17":"tag-television","18":"tag-tf1","19":"tag-tl-story","20":"tag-tv","21":"tag-yann-barthu00e8s"},"share_on_mastodon":{"url":"https:\/\/pubeurope.com\/@fr\/114555102440120287","error":""},"_links":{"self":[{"href":"https:\/\/www.europesays.com\/fr\/wp-json\/wp\/v2\/posts\/121043","targetHints":{"allow":["GET"]}}],"collection":[{"href":"https:\/\/www.europesays.com\/fr\/wp-json\/wp\/v2\/posts"}],"about":[{"href":"https:\/\/www.europesays.com\/fr\/wp-json\/wp\/v2\/types\/post"}],"author":[{"embeddable":true,"href":"https:\/\/www.europesays.com\/fr\/wp-json\/wp\/v2\/users\/2"}],"replies":[{"embeddable":true,"href":"https:\/\/www.europesays.com\/fr\/wp-json\/wp\/v2\/comments?post=121043"}],"version-history":[{"count":0,"href":"https:\/\/www.europesays.com\/fr\/wp-json\/wp\/v2\/posts\/121043\/revisions"}],"wp:featuredmedia":[{"embeddable":true,"href":"https:\/\/www.europesays.com\/fr\/wp-json\/wp\/v2\/media\/121044"}],"wp:attachment":[{"href":"https:\/\/www.europesays.com\/fr\/wp-json\/wp\/v2\/media?parent=121043"}],"wp:term":[{"taxonomy":"category","embeddable":true,"href":"https:\/\/www.europesays.com\/fr\/wp-json\/wp\/v2\/categories?post=121043"},{"taxonomy":"post_tag","embeddable":true,"href":"https:\/\/www.europesays.com\/fr\/wp-json\/wp\/v2\/tags?post=121043"}],"curies":[{"name":"wp","href":"https:\/\/api.w.org\/{rel}","templated":true}]}}