{"id":121061,"date":"2025-05-23T03:56:08","date_gmt":"2025-05-23T03:56:08","guid":{"rendered":"https:\/\/www.europesays.com\/fr\/121061\/"},"modified":"2025-05-23T03:56:08","modified_gmt":"2025-05-23T03:56:08","slug":"dix-ans-apres-juppe-fillon-la-droite-joue-son-match-retour-avec-le-duel-philippe-retailleau","status":"publish","type":"post","link":"https:\/\/www.europesays.com\/fr\/121061\/","title":{"rendered":"Dix ans apr\u00e8s Jupp\u00e9-Fillon, la droite joue son match retour avec le duel Philippe-Retailleau"},"content":{"rendered":"<p><strong>D\u00c9CRYPTAGE &#8211;<\/strong> Comme \u00e0 la primaire LR de 2016, la pr\u00e9campagne pour la pr\u00e9sidentielle de 2027 met en sc\u00e8ne un affrontement entre la ligne \u00ab\u00a0centriste\u00a0\u00bb et le camp plus \u00ab\u00a0conservateur\u00a0\u00bb.<\/p>\n<p class=\"fig-paragraph\">L\u2019histoire, para\u00eet-il, ne se r\u00e9p\u00e8te jamais. Ces derniers temps, un surprenant concours de circonstances politiques a accouch\u00e9 d\u2019un sc\u00e9nario que peu auraient imagin\u00e9. Voici Bruno Retailleau, jadis s\u00e9nateur contraint \u00e0 l\u2019ombre de la sc\u00e8ne nationale, d\u2019abord nomm\u00e9 ministre de l\u2019Int\u00e9rieur, puis candidat \u00e0 la pr\u00e9sidence des R\u00e9publicains (LR) et enfin,\u00a0<a href=\"http:\/\/www.lefigaro.fr\/politique\/bruno-retailleau-largement-elu-president-des-republicains-l-homme-de-beauvau-nouvel-espoir-de-la-droite-20250518\" target=\"_blank\" data-fig-type=\"Article\" rel=\"noopener\" data-gtm-custom-categorie=\"navigation\" data-gtm-custom-action=\"crossclick\" data-gtm-custom-label=\"Contextuel\" data-gtm-event=\"customEventSPE\" data-fig-domain=\"LEFIGARO\">tr\u00e8s largement \u00e9lu \u00e0 la t\u00eate du parti.<\/a>\u00a0Une fen\u00eatre s\u2019est ouverte, s\u2019enthousiasme-t-on \u00e0 droite. Et elle donne sur la route vers une candidature \u00e9lys\u00e9enne.<\/p>\n<p class=\"fig-paragraph\">Il en est un qui y chemine depuis quelque temps. R\u00e9guli\u00e8rement confort\u00e9 par sa domination dans les enqu\u00eates d\u2019opinion,\u00a0<a href=\"http:\/\/www.lefigaro.fr\/politique\/edouard-philippe-une-emancipation-irreversible-vers-la-presidentielle-2027-20240806\" target=\"_blank\" data-fig-type=\"Article\" rel=\"noopener\" data-gtm-custom-categorie=\"navigation\" data-gtm-custom-action=\"crossclick\" data-gtm-custom-label=\"Contextuel\" data-gtm-event=\"customEventSPE\" data-fig-domain=\"LEFIGARO\">\u00c9douard Philippe<\/a>\u00a0a profit\u00e9 jusqu\u2019ici d\u2019une agr\u00e9able promenade, en attendant la campagne de 2027. Souvent d\u00e9sign\u00e9 comme \u00e9tant le mieux plac\u00e9 pour contrer le Rassemblement national, et devan\u00e7ant\u00a0<a href=\"http:\/\/www.lefigaro.fr\/politique\/apres-la-large-victoire-de-retailleau-a-la-presidence-lr-le-bloc-central-entre-soulagement-et-mefiance-20250519\" target=\"_blank\" data-fig-type=\"Article\" rel=\"noopener\" data-gtm-custom-categorie=\"navigation\" data-gtm-custom-action=\"crossclick\" data-gtm-custom-label=\"Contextuel\" data-gtm-event=\"customEventSPE\" data-fig-domain=\"LEFIGARO\">ses concurrents du \u00ab\u00a0bloc central\u00a0\u00bb<\/a>, le maire du\u00a0Havre a pu avoir la tentation naturelle de river les yeux sur l\u2019adversaire du second tour. D\u00e9sormais, il lui faudra toutefois jeter\u2026<\/p>\n<p class=\"fig-premium-paywall__infos\">\n        Cet article est r\u00e9serv\u00e9 aux abonn\u00e9s.        Il vous reste 79% \u00e0 d\u00e9couvrir.\n    <\/p>\n<p>                <img  data- alt=\"Le Figaro\" class=\"fig-img--complete fig-img\"\/><\/p>\n<p class=\"fig-premium-paywall__title\">Vente Flash<\/p>\n<p class=\"fig-premium-paywall__subtitle\">4,99\u20ac par mois pendant 12 mois. Sans engagement.<\/p>\n<p class=\"fig-premium-paywall__connect\">\n                D\u00e9j\u00e0 abonn\u00e9\u00a0?                <a class=\"fig-premium-paywall__connect-link\" href=\"https:\/\/connect.lefigaro.fr\/login?client=horizon_web&amp;type=main&amp;redirect_uri=https%3A%2F%2Fwww.lefigaro.fr%2Fpolitique%2Fdix-ans-apres-juppe-fillon-la-droite-joue-son-match-retour-avec-le-duel-philippe-retailleau-20250522\" data-js-gtm=\"{&quot;customCategorie&quot;: &quot;conversion&quot;, &quot;customAction&quot;: &quot;before_Landing_Connexion_paywall_auto&quot;, &quot;customLabel&quot;: &quot;bGVmaWdhcm8uZnJfXzFmMDM2ZmVlLThlZmItNmVlNi04ZGNhLTA5NGRlNTM5MWE5Zl9fQXJ0aWNsZQ==_Dix ans apr\u00e8s Jupp\u00e9-Fillon, la droite joue son match retour avec le duel Philippe-Retailleau_497&quot;, &quot;customIDSPE&quot;: &quot;bGVmaWdhcm8uZnJfXzFmMDM2ZmVlLThlZmItNmVlNi04ZGNhLTA5NGRlNTM5MWE5Zl9fQXJ0aWNsZQ==&quot;, &quot;event&quot;: &quot;customEventSPE&quot;}\" target=\"_blank\" rel=\"noopener\"><br \/>\n                    Connectez-vous<br \/>\n                <\/a>\n            <\/p>\n","protected":false},"excerpt":{"rendered":"D\u00c9CRYPTAGE &#8211; Comme \u00e0 la primaire LR de 2016, la pr\u00e9campagne pour la pr\u00e9sidentielle de 2027 met en&hellip;\n","protected":false},"author":2,"featured_media":121062,"comment_status":"","ping_status":"","sticky":false,"template":"","format":"standard","meta":{"footnotes":""},"categories":[4],"tags":[11,7394,1013,426,427,422,423,3080,1011,27,3090,418,424,425,6319,420,421,12,419,316,429,25,428],"class_list":{"0":"post-121061","1":"post","2":"type-post","3":"status-publish","4":"format-standard","5":"has-post-thumbnail","7":"category-france","8":"tag-actualites","9":"tag-alain-juppe","10":"tag-bruno-retailleau","11":"tag-candidat","12":"tag-candidats","13":"tag-depute","14":"tag-deputes","15":"tag-edouard-philippe","16":"tag-fr","17":"tag-france","18":"tag-francois-fillon","19":"tag-gouvernement","20":"tag-institution","21":"tag-institutions","22":"tag-les-republicains","23":"tag-loi","24":"tag-lois","25":"tag-news","26":"tag-opposition","27":"tag-politique","28":"tag-ps","29":"tag-republique-francaise","30":"tag-ump"},"share_on_mastodon":{"url":"https:\/\/pubeurope.com\/@fr\/114555137795702798","error":""},"_links":{"self":[{"href":"https:\/\/www.europesays.com\/fr\/wp-json\/wp\/v2\/posts\/121061","targetHints":{"allow":["GET"]}}],"collection":[{"href":"https:\/\/www.europesays.com\/fr\/wp-json\/wp\/v2\/posts"}],"about":[{"href":"https:\/\/www.europesays.com\/fr\/wp-json\/wp\/v2\/types\/post"}],"author":[{"embeddable":true,"href":"https:\/\/www.europesays.com\/fr\/wp-json\/wp\/v2\/users\/2"}],"replies":[{"embeddable":true,"href":"https:\/\/www.europesays.com\/fr\/wp-json\/wp\/v2\/comments?post=121061"}],"version-history":[{"count":0,"href":"https:\/\/www.europesays.com\/fr\/wp-json\/wp\/v2\/posts\/121061\/revisions"}],"wp:featuredmedia":[{"embeddable":true,"href":"https:\/\/www.europesays.com\/fr\/wp-json\/wp\/v2\/media\/121062"}],"wp:attachment":[{"href":"https:\/\/www.europesays.com\/fr\/wp-json\/wp\/v2\/media?parent=121061"}],"wp:term":[{"taxonomy":"category","embeddable":true,"href":"https:\/\/www.europesays.com\/fr\/wp-json\/wp\/v2\/categories?post=121061"},{"taxonomy":"post_tag","embeddable":true,"href":"https:\/\/www.europesays.com\/fr\/wp-json\/wp\/v2\/tags?post=121061"}],"curies":[{"name":"wp","href":"https:\/\/api.w.org\/{rel}","templated":true}]}}