{"id":121070,"date":"2025-05-23T04:01:18","date_gmt":"2025-05-23T04:01:18","guid":{"rendered":"https:\/\/www.europesays.com\/fr\/121070\/"},"modified":"2025-05-23T04:01:18","modified_gmt":"2025-05-23T04:01:18","slug":"ils-vont-partir-ils-vont-rester-ils-pourraient-sen-aller-on-fait-le-point-sur-leffectif-du-champion-du-national","status":"publish","type":"post","link":"https:\/\/www.europesays.com\/fr\/121070\/","title":{"rendered":"ils vont partir, ils vont rester, ils pourraient s\u2019en aller\u2026 On fait le point sur l\u2019effectif du champion du National"},"content":{"rendered":"<p>Avec les entr\u00e9es en jeu du gardien Yanis Kouini et du lat\u00e9ral Enzo Tacafred, deux jeunes form\u00e9s \u00e0 l\u2019ASNL, lors du dernier match de la saison <a href=\"https:\/\/www.estrepublicain.fr\/sport\/2025\/05\/16\/national-suivez-le-dernier-match-de-l-as-nancy-lorraine-face-a-rouen-avec-nous\" target=\"_blank\" rel=\"noopener\">contre Rouen<\/a> , ce sont 24 joueurs, au total, qui ont \u00e9crit leur nom au palmar\u00e8s du National 2024-2025. La grande majorit\u00e9 de ce groupe entr\u00e9 dans l\u2019histoire du club, avec la remont\u00e9e en L2 et le titre de champion, sera encore l\u00e0 la saison prochaine. Le directeur sportif Micha\u00ebl Chr\u00e9tien nous l\u2019a clairement annonc\u00e9, samedi, en marge de la c\u00e9r\u00e9monie organis\u00e9e \u00e0 l\u2019h\u00f4tel de ville en&#8230;<\/p>\n","protected":false},"excerpt":{"rendered":"Avec les entr\u00e9es en jeu du gardien Yanis Kouini et du lat\u00e9ral Enzo Tacafred, deux jeunes form\u00e9s \u00e0&hellip;\n","protected":false},"author":2,"featured_media":121071,"comment_status":"","ping_status":"","sticky":false,"template":"","format":"standard","meta":{"footnotes":""},"categories":[9635],"tags":[1111,11,3703,3602,1707,1704,1706,1705,1777,674,107,1701,63,1011,27,775,1702,1703,12,25,517,1700],"class_list":{"0":"post-121070","1":"post","2":"type-post","3":"status-publish","4":"format-standard","5":"has-post-thumbnail","7":"category-nancy","8":"tag-actu","9":"tag-actualites","10":"tag-asnl","11":"tag-edition-bar-le-duc","12":"tag-edition-luneville","13":"tag-edition-nancy-et-agglomeration","14":"tag-edition-pont-a-mousson","15":"tag-edition-toul","16":"tag-eu","17":"tag-europe","18":"tag-fil-info","19":"tag-fil-info-sport","20":"tag-football","21":"tag-fr","22":"tag-france","23":"tag-grand-est","24":"tag-nancy","25":"tag-nancy-ville-54b","26":"tag-news","27":"tag-republique-francaise","28":"tag-sport","29":"tag-sport-lorrain"},"share_on_mastodon":{"url":"https:\/\/pubeurope.com\/@fr\/114555157470576326","error":""},"_links":{"self":[{"href":"https:\/\/www.europesays.com\/fr\/wp-json\/wp\/v2\/posts\/121070","targetHints":{"allow":["GET"]}}],"collection":[{"href":"https:\/\/www.europesays.com\/fr\/wp-json\/wp\/v2\/posts"}],"about":[{"href":"https:\/\/www.europesays.com\/fr\/wp-json\/wp\/v2\/types\/post"}],"author":[{"embeddable":true,"href":"https:\/\/www.europesays.com\/fr\/wp-json\/wp\/v2\/users\/2"}],"replies":[{"embeddable":true,"href":"https:\/\/www.europesays.com\/fr\/wp-json\/wp\/v2\/comments?post=121070"}],"version-history":[{"count":0,"href":"https:\/\/www.europesays.com\/fr\/wp-json\/wp\/v2\/posts\/121070\/revisions"}],"wp:featuredmedia":[{"embeddable":true,"href":"https:\/\/www.europesays.com\/fr\/wp-json\/wp\/v2\/media\/121071"}],"wp:attachment":[{"href":"https:\/\/www.europesays.com\/fr\/wp-json\/wp\/v2\/media?parent=121070"}],"wp:term":[{"taxonomy":"category","embeddable":true,"href":"https:\/\/www.europesays.com\/fr\/wp-json\/wp\/v2\/categories?post=121070"},{"taxonomy":"post_tag","embeddable":true,"href":"https:\/\/www.europesays.com\/fr\/wp-json\/wp\/v2\/tags?post=121070"}],"curies":[{"name":"wp","href":"https:\/\/api.w.org\/{rel}","templated":true}]}}