{"id":121074,"date":"2025-05-23T04:03:48","date_gmt":"2025-05-23T04:03:48","guid":{"rendered":"https:\/\/www.europesays.com\/fr\/121074\/"},"modified":"2025-05-23T04:03:48","modified_gmt":"2025-05-23T04:03:48","slug":"sous-cocaine-et-sans-permis-un-homme-blesse-trois-policiers-lors-dun-refus-dobtemperer-a","status":"publish","type":"post","link":"https:\/\/www.europesays.com\/fr\/121074\/","title":{"rendered":"Sous coca\u00efne et sans permis, un homme blesse trois policiers lors d\u2019un refus d\u2019obtemp\u00e9rer \u00e0"},"content":{"rendered":"<p>Un homme de 36\u00a0ans a \u00e9t\u00e9 interpell\u00e9 dimanche 18\u00a0mai 2025 \u00e0 Toulon (Var) apr\u00e8s un refus d\u2019obtemp\u00e9rer. Selon\u00a0<a href=\"https:\/\/www.varmatin.com\/faits-divers\/sous-cocaine-et-sans-permis-un-chauffard-attire-l-attention-de-la-police-avec-des-coups-de-klaxonsous-cocaine-et-sans-permis-un-chauffard-attire-l-attention-de-la-police-avec-des-coups-de-klaxonsous-cocaine-et-sans-permis-un-chauffard-attire-l-attention-de-la-police-avec-des-coups-de-klaxonsous-cocaine-et-sans-permis-un-chauffard-attire-l-attention-de-la-police-avec-des-coups-de-klaxonsous-cocaine-et-sans-permis-un-chauffard-attire-l-attention-de-la-police-avec-des-coups-de-klaxonsous-cocaine-et-sans-permis-un-chauffard-attire-l-attention-de-la-police-avec-des-coups-de-klaxonsous-cocaine-et-sans-permis-un-chauffard-attire-l-attention-de-la-police-avec-des-coups-de-klaxonsous-cocaine-et-sans-permis-un-chauffard-attire-l-attention-de-la-police-avec-des-coups-de-klaxonsous-cocaine-et-sans-permis-un-chauffard-attire-l-attention-de-la-police-avec-des-coups-de-klaxonsous-cocaine-et-sans-permis-un-chauffard-attire-l-attention-de-la-police-avec-des-coups-de-klaxon-986494\" target=\"_blank\" rel=\"noopener\"> Var-Matin <\/a>, trois policiers de la brigade anticriminalit\u00e9 (BAC) ont \u00e9t\u00e9 bless\u00e9s en tentant de contr\u00f4ler cet automobiliste particuli\u00e8rement agit\u00e9 dans le quartier de Valbourdin, \u00e0 proximit\u00e9 de la place Sadi-Carnot.<\/p>\n<p>D\u2019apr\u00e8s\u00a0<a href=\"https:\/\/www.bfmtv.com\/var\/toulon-trois-policiers-de-la-bac-blesses-lors-d-un-refus-d-obtemperer-d-un-chauffeur-sous-cocaine_AN-202505190849.html\" target=\"_blank\" rel=\"noopener\"> BFM Var <\/a>, des agents assistaient un conducteur qui peinant\u00a0\u00e0 se garer lorsque le suspect. Manifestement agac\u00e9 par la sc\u00e8ne, un autre automobiliste s\u2019est mis\u00a0\u00e0 klaxonner de mani\u00e8re insistante, poussant les policiers \u00e0 le contr\u00f4ler.<\/p>\n<p>Tra\u00een\u00e9 sur plusieurs m\u00e8tres<\/p>\n<p>Selon les premiers \u00e9l\u00e9ments de l\u2019enqu\u00eate, le conducteur de la Volkswagen aurait ensuite refus\u00e9 de couper le moteur avant d\u2019insulter copieusement les fonctionnaires. Alors qu\u2019un agent tentait de couper le contact en passant un bras par la fen\u00eatre, il a red\u00e9marr\u00e9 brutalement et tra\u00een\u00e9 le policier sur plusieurs m\u00e8tres. Le v\u00e9hicule a fini par caler et l\u2019homme a \u00e9t\u00e9 interpell\u00e9.<\/p>\n<p>Selon les m\u00e9dias locaux, les trois agents bless\u00e9s se sont vus prescrire des incapacit\u00e9s totales de travail (ITT) allant jusqu\u2019\u00e0 15\u00a0jours pour des entorses, des douleurs dorsales et une blessure au tibia. Apr\u00e8s v\u00e9rification, il est apparu que le\u00a0conducteur \u00e9tait positif \u00e0 la coca\u00efne et ne poss\u00e9dait pas de permis de conduire. Plac\u00e9 en garde \u00e0 vue, il devra r\u00e9pondre de ses actes devant la justice. La passag\u00e8re qui se trouvait \u00e0 ses c\u00f4t\u00e9s au moment du refus d\u2019obtemp\u00e9rer a pour sa part \u00e9t\u00e9 entendue en audition libre.\u00a0<\/p>\n<p>\u00a0<\/p>\n","protected":false},"excerpt":{"rendered":"Un homme de 36\u00a0ans a \u00e9t\u00e9 interpell\u00e9 dimanche 18\u00a0mai 2025 \u00e0 Toulon (Var) apr\u00e8s un refus d\u2019obtemp\u00e9rer. Selon\u00a0&hellip;\n","protected":false},"author":2,"featured_media":121075,"comment_status":"","ping_status":"","sticky":false,"template":"","format":"standard","meta":{"footnotes":""},"categories":[9619],"tags":[1111,11,3916,3993,1777,674,1011,27,10623,4933,7826,12,24282,9121,6890,882,14728,25,3213,2310,10624],"class_list":{"0":"post-121074","1":"post","2":"type-post","3":"status-publish","4":"format-standard","5":"has-post-thumbnail","7":"category-toulon","8":"tag-actu","9":"tag-actualites","10":"tag-blesse","11":"tag-cocaine","12":"tag-eu","13":"tag-europe","14":"tag-fr","15":"tag-france","16":"tag-golfe","17":"tag-homme","18":"tag-lors","19":"tag-news","20":"tag-obtemperer","21":"tag-permis","22":"tag-policiers","23":"tag-provence-alpes-cote-dazur","24":"tag-refus","25":"tag-republique-francaise","26":"tag-saint","27":"tag-toulon","28":"tag-tropez"},"share_on_mastodon":{"url":"https:\/\/pubeurope.com\/@fr\/114555169278746408","error":""},"_links":{"self":[{"href":"https:\/\/www.europesays.com\/fr\/wp-json\/wp\/v2\/posts\/121074","targetHints":{"allow":["GET"]}}],"collection":[{"href":"https:\/\/www.europesays.com\/fr\/wp-json\/wp\/v2\/posts"}],"about":[{"href":"https:\/\/www.europesays.com\/fr\/wp-json\/wp\/v2\/types\/post"}],"author":[{"embeddable":true,"href":"https:\/\/www.europesays.com\/fr\/wp-json\/wp\/v2\/users\/2"}],"replies":[{"embeddable":true,"href":"https:\/\/www.europesays.com\/fr\/wp-json\/wp\/v2\/comments?post=121074"}],"version-history":[{"count":0,"href":"https:\/\/www.europesays.com\/fr\/wp-json\/wp\/v2\/posts\/121074\/revisions"}],"wp:featuredmedia":[{"embeddable":true,"href":"https:\/\/www.europesays.com\/fr\/wp-json\/wp\/v2\/media\/121075"}],"wp:attachment":[{"href":"https:\/\/www.europesays.com\/fr\/wp-json\/wp\/v2\/media?parent=121074"}],"wp:term":[{"taxonomy":"category","embeddable":true,"href":"https:\/\/www.europesays.com\/fr\/wp-json\/wp\/v2\/categories?post=121074"},{"taxonomy":"post_tag","embeddable":true,"href":"https:\/\/www.europesays.com\/fr\/wp-json\/wp\/v2\/tags?post=121074"}],"curies":[{"name":"wp","href":"https:\/\/api.w.org\/{rel}","templated":true}]}}