{"id":121080,"date":"2025-05-23T04:09:12","date_gmt":"2025-05-23T04:09:12","guid":{"rendered":"https:\/\/www.europesays.com\/fr\/121080\/"},"modified":"2025-05-23T04:09:12","modified_gmt":"2025-05-23T04:09:12","slug":"droit-au-logement-permanences-juridiques-pour-les-etudiants-a-grenoble","status":"publish","type":"post","link":"https:\/\/www.europesays.com\/fr\/121080\/","title":{"rendered":"Droit au logement : permanences juridiques pour les \u00e9tudiants \u00e0 Grenoble"},"content":{"rendered":"<p>Il s&rsquo;agit du 41e <strong>point d&rsquo;acc\u00e8s au droit <\/strong>financ\u00e9 par le <strong>comit\u00e9 d\u00e9partemental de l&rsquo;acc\u00e8s au droit de l&rsquo;Is\u00e8re.<\/strong> Il est en place depuis le 25 f\u00e9vrier 2025, au c\u0153ur du domaine universitaire de Grenoble Alpes, \u00e0 <strong>Saint-Martin-d&rsquo;H\u00e8res<\/strong>, et sa sp\u00e9cificit\u00e9 est de ne traiter que les <strong>probl\u00e9matiques du droit au logement<\/strong>. Il a \u00e9t\u00e9 officiellement inaugur\u00e9 le mardi 20 mai, en amont de<a href=\"https:\/\/www.justice.gouv.fr\/actualites\/actualite\/journee-nationale-lacces-au-droit-justice-2025#:~:text=Cette%20journ%C3%A9e%20a%20pour%20objectif,droit%20et%20%C3%A0%20la%20justice.&amp;text=Le%2023%20mai%202025%20se,acc%C3%A8s%20au%20droit%20(JNAD).\" rel=\"noopener\" target=\"_blank\"> la journ\u00e9e national de l&rsquo;acc\u00e8s au droit,<\/a> ce vendredi 23 mai 2025. <\/p>\n<p>Nouvelle permanence juridique autour du droit au logement propos\u00e9e au domaine universitaire de Grenoble Alpes <\/p>\n<p>La <strong>permanence juridique<\/strong> est assur\u00e9e en fran\u00e7ais et en anglais pour les non-francophones, par <strong>Aristide Verdier<\/strong>, un des six <strong>juristes de l&rsquo;Agence d\u00e9partementale d&rsquo;information sur le logement de l&rsquo;Is\u00e8re<\/strong> (<a href=\"https:\/\/mesinfos.fr\/auvergne-rhone-alpes\/l-adil-38-assiste-les-allocataires-de-la-caf-67756.html\" rel=\"noopener\" target=\"_blank\">Adil 38<\/a>) pr\u00e9sid\u00e9e par le vice-pr\u00e9sident du conseil d\u00e9partemental de l&rsquo;Is\u00e8re, Christophe Charles. <\/p>\n<p>Aristide Verdier accueille <strong>sans rendez-vous<\/strong>\u00a0le public, principalement les \u00e9tudiants, en qu\u00eate de renseignements juridiques autour de la th\u00e9matique logement, chaque <strong>dernier mardi du mois<\/strong>, entre 14h \u00e0 et 17h. L&rsquo;accueil se passe dans l&rsquo;espace \u00ab\u00a0Accueil Welcome Center\u00a0\u00bb, situ\u00e9 \u00e0 l&rsquo;int\u00e9rieur de la Maison universitaire des services \u00e0 l&rsquo;\u00e9tudiant (<a href=\"https:\/\/mesinfos.fr\/38400-saint-martin-dheres\/une-ancienne-halle-transformee-en-maison-de-services-aux-etudiants-183370.html\" rel=\"noopener\" target=\"_blank\">Muse<\/a>) de l&rsquo;Universit\u00e9 Grenoble Alpes (80 all\u00e9e Amp\u00e8re, \u00e0 Saint-Martin-d&rsquo;H\u00e8res).<\/p>\n<p> La permanence juridique exp\u00e9riment\u00e9e jusqu&rsquo;en juin devrait \u00eatre poursuivie, voire intensifi\u00e9e <img decoding=\"async\" alt=\"\" data-zoomable=\"\" height=\"1333\" loading=\"lazy\" src=\"https:\/\/www.europesays.com\/fr\/wp-content\/uploads\/2025\/05\/img-9948.JPG\" title=\"\u00a9 Thomas Richardson - Les partenaires ont sign\u00e9 la convention mardi 20 mai 2025 \u00e0 la Maison universitaire des services \u00e0 l'\u00e9tudiant.\" width=\"2000\"\/> \u00a9 Thomas Richardson &#8211; Les partenaires ont sign\u00e9 la convention mardi 20 mai 2025 \u00e0 la Maison universitaire des services \u00e0 l&rsquo;\u00e9tudiant. <\/p>\n<p>Le <strong>comit\u00e9 d\u00e9partemental d&rsquo;acc\u00e8s au droit<\/strong>, pr\u00e9sid\u00e9 par <strong>Anne Auclair-Rabinovitch<\/strong>, pr\u00e9sidente du <a href=\"https:\/\/mesinfos.fr\/38000-grenoble\/tribunal-judiciaire-de-grenoble-la-bonne-annee-malgre-les-vacances-de-postes-215566.html\" rel=\"noopener\" target=\"_blank\">tribunal judiciaire de Grenoble<\/a>, finance cette permanence juridique <strong>exp\u00e9riment\u00e9e jusqu&rsquo;en juin.<\/strong> \u00ab\u00a0Il y a de fortes chances qu&rsquo;elle soit poursuivie, voire intensifi\u00e9e en fonction des p\u00e9riodes\u00a0\u00bb, indique la pr\u00e9sidente du CDAD de l&rsquo;Is\u00e8re qui a sign\u00e9 la convention de partenariat, ce mardi, avec la directrice de l&rsquo;Adil 38, C\u00e9cile Martinet, Am\u00e9lie Nuq, vice-pr\u00e9sidente \u00e0 la vie \u00e9tudiante de l&rsquo;UGA et\u00a0Fr\u00e9d\u00e9ric Gentes, directeur g\u00e9n\u00e9ral du <a href=\"https:\/\/mesinfos.fr\/38400-saint-martin-dheres\/crous-de-grenoble-lutter-contre-la-precarite-des-etudiants-206465.html\" rel=\"noopener\" target=\"_blank\">Crous Grenoble Alpes<\/a>. <\/p>\n<p>L&rsquo;Adil 38 assure par ailleurs <strong>18 permanences juridiques<\/strong> \u00e0 travers l&rsquo;ensemble du d\u00e9partement de l&rsquo;Is\u00e8re. \u00ab\u00a0En 2024, nous avons d\u00e9livr\u00e9 pus de 15 700 conseils sur des sujets vari\u00e9s, t\u00e9moigne C\u00e9cile Martinet. Fait marquant de l&rsquo;ann\u00e9e : la mont\u00e9e en puissance des probl\u00e9matiques d&rsquo;expulsion et de mal logement.\u00a0\u00bb<\/p>\n","protected":false},"excerpt":{"rendered":"Il s&rsquo;agit du 41e point d&rsquo;acc\u00e8s au droit financ\u00e9 par le comit\u00e9 d\u00e9partemental de l&rsquo;acc\u00e8s au droit de&hellip;\n","protected":false},"author":2,"featured_media":121081,"comment_status":"","ping_status":"","sticky":false,"template":"","format":"standard","meta":{"footnotes":""},"categories":[9566],"tags":[24283,1111,11,2430,1777,674,1011,27,2731,1908,12,25,10503,24284],"class_list":{"0":"post-121080","1":"post","2":"type-post","3":"status-publish","4":"format-standard","5":"has-post-thumbnail","7":"category-grenoble","8":"tag-accu00e8s-au-droit","9":"tag-actu","10":"tag-actualites","11":"tag-auvergne-rhone-alpes","12":"tag-eu","13":"tag-europe","14":"tag-fr","15":"tag-france","16":"tag-grenoble","17":"tag-logement","18":"tag-news","19":"tag-republique-francaise","20":"tag-u00c9tudiants","21":"tag-universitu00e9-grenoble-alpes"},"share_on_mastodon":{"url":"https:\/\/pubeurope.com\/@fr\/114555189004382536","error":""},"_links":{"self":[{"href":"https:\/\/www.europesays.com\/fr\/wp-json\/wp\/v2\/posts\/121080","targetHints":{"allow":["GET"]}}],"collection":[{"href":"https:\/\/www.europesays.com\/fr\/wp-json\/wp\/v2\/posts"}],"about":[{"href":"https:\/\/www.europesays.com\/fr\/wp-json\/wp\/v2\/types\/post"}],"author":[{"embeddable":true,"href":"https:\/\/www.europesays.com\/fr\/wp-json\/wp\/v2\/users\/2"}],"replies":[{"embeddable":true,"href":"https:\/\/www.europesays.com\/fr\/wp-json\/wp\/v2\/comments?post=121080"}],"version-history":[{"count":0,"href":"https:\/\/www.europesays.com\/fr\/wp-json\/wp\/v2\/posts\/121080\/revisions"}],"wp:featuredmedia":[{"embeddable":true,"href":"https:\/\/www.europesays.com\/fr\/wp-json\/wp\/v2\/media\/121081"}],"wp:attachment":[{"href":"https:\/\/www.europesays.com\/fr\/wp-json\/wp\/v2\/media?parent=121080"}],"wp:term":[{"taxonomy":"category","embeddable":true,"href":"https:\/\/www.europesays.com\/fr\/wp-json\/wp\/v2\/categories?post=121080"},{"taxonomy":"post_tag","embeddable":true,"href":"https:\/\/www.europesays.com\/fr\/wp-json\/wp\/v2\/tags?post=121080"}],"curies":[{"name":"wp","href":"https:\/\/api.w.org\/{rel}","templated":true}]}}