{"id":121085,"date":"2025-05-23T04:12:26","date_gmt":"2025-05-23T04:12:26","guid":{"rendered":"https:\/\/www.europesays.com\/fr\/121085\/"},"modified":"2025-05-23T04:12:26","modified_gmt":"2025-05-23T04:12:26","slug":"un-festival-fait-rayonner-la-musique-classique-a-1h-de-strasbourg","status":"publish","type":"post","link":"https:\/\/www.europesays.com\/fr\/121085\/","title":{"rendered":"un festival fait rayonner la musique classique \u00e0 1h de Strasbourg"},"content":{"rendered":"<p>    <img loading=\"lazy\" width=\"1800\" height=\"900\" src=\"https:\/\/www.europesays.com\/fr\/wp-content\/uploads\/2025\/04\/jeanne-callthepolice.jpg\" class=\"attachment-full size-full\" alt=\"\" id=\"imageLove\" decoding=\"async\"  \/><\/p>\n<p id=\"breadcrumbs\"><a href=\"https:\/\/pokaa.fr\/\" target=\"_blank\" rel=\"noopener\">Accueil<\/a> \/ <a href=\"https:\/\/pokaa.fr\/categories\/ses-sorties\/\" target=\"_blank\" rel=\"noopener\">Sorties<\/a> \/ Concerts aux chandelles : un festival fait rayonner la musique classique \u00e0 1h de Strasbourg<\/p>\n<p>                    Sorties<\/p>\n<p><strong>\u00c0 Sainte-Marie-aux-Mines, cela fait plus de soixante ans que le \u00ab Festival aux chandelles \u00bb fait vibrer le c\u0153ur des amoureux\/ses de la musique classique. Relanc\u00e9 en 2024 apr\u00e8s quelques ann\u00e9es de pause, l\u2019\u00e9v\u00e9nement revient cette ann\u00e9e avec une programmation enrichie qui fait la part belle \u00e0 la cr\u00e9ation contemporaine, tout en mettant en valeur le patrimoine local. Rendez-vous les 29, 30 et 31 mai pour se laisser \u00e9blouir.<\/strong><\/p>\n<p>C\u2019est un petit joyau musical nich\u00e9 dans le Val d\u2019Argent. Depuis 1962, le <strong> \u00ab Festival aux chandelles \u00bb<\/strong> ravit les yeux et les oreilles des passionn\u00e9(e)s de musique classique gr\u00e2ce \u00e0 ses concerts aux chandelles. <strong>Des moments suspendus o\u00f9 les musicien(ne)s jouent \u00e0 la lueur de quelque 200 bougies, sous les voutes de l\u2019\u00e9glise Sainte-Pierre-sur-l\u2019H\u00e2te \u00e0 Sainte-Marie-aux-Mines.\u00a0<\/strong><\/p>\n<p>                <img width=\"667\" height=\"500\" src=\"https:\/\/www.europesays.com\/fr\/wp-content\/uploads\/2025\/05\/festival-aux-chandelles-3-667x500.jpg\" class=\"attachment-gallery size-gallery\" alt=\"Festival aux chandelles 3\" data-full-url=\"https:\/\/pokaa.fr\/wp-content\/uploads\/2025\/05\/19\/festival-aux-chandelles-3-1500x1125.jpg\" decoding=\"async\" loading=\"lazy\"  \/>            <\/p>\n<p>                <img width=\"375\" height=\"500\" src=\"https:\/\/www.europesays.com\/fr\/wp-content\/uploads\/2025\/05\/festival-aux-chandelles-1-375x500.jpg\" class=\"attachment-gallery size-gallery\" alt=\"Festival aux chandelles 1\" data-full-url=\"https:\/\/pokaa.fr\/wp-content\/uploads\/2025\/05\/19\/festival-aux-chandelles-1.jpg\" decoding=\"async\" loading=\"lazy\"  \/>            <\/p>\n<p>                    \u00a9 Page Facebook du Festival aux Chandelles \/ Droits r\u00e9serv\u00e9s<\/p>\n<p>Le piano \u00e0 l&rsquo;honneur<\/p>\n<p>Pour son \u00e9dition 2025, l\u2019\u00e9v\u00e9nement poursuit avec ce format qui a fait son succ\u00e8s. Jeudi 29 mai, il accueillera R\u00e9sonancces,\u00a0 <strong>un r\u00e9cital de piano \u00e0 quatre mains, avec les talents de Dimitri et H\u00e9l\u00e8ne Papadopoulos \u2013 directrice artistique du festival par ailleurs<\/strong>. Se succ\u00e8deront sur le clavier les \u0153uvres de Johann Sebastian Bach, de Franz Schubert et de Gy\u00f6rgy Kurt\u00e1g.<\/p>\n<p>    <img width=\"800\" height=\"600\" src=\"https:\/\/www.europesays.com\/fr\/wp-content\/uploads\/2025\/05\/festival-aux-chandelles-4-800x600.jpg\" class=\"attachment-image-size-L size-image-size-L\" alt=\"Festival aux chandelles 4\" decoding=\"async\" loading=\"lazy\"  \/>         \u00a9 Page Facebook du Festival aux Chandelles \/ Droits r\u00e9serv\u00e9s <\/p>\n<p>Vendredi 30 mai, l\u2019ensemble Linea pr\u00e9sentera Dans le vortex, avec une cr\u00e9ation musicale compos\u00e9e sp\u00e9cialement pour ce programme par le jeune compositeur am\u00e9ricain Matthew Monaco<strong>. Une premi\u00e8re mondiale pr\u00e9c\u00e9d\u00e9e d\u2019une conversation avec le directeur de l\u2019ensemble et le compositeur autour de la cr\u00e9ation contemporaine.<br \/><\/strong><\/p>\n<p>Samedi 31 mai enfin, le concert <strong>\u00ab Bach \u00bb<\/strong> \u2013 autre rendez-vous signature du Festival \u2013 sera donn\u00e9 par la pianiste am\u00e9ricaine Simone Dinnerstein. <strong>Reconnue pour ses interpr\u00e9tations du compositeur allemand, l\u2019artiste interpr\u00e9tera l\u2019int\u00e9grale des Sinfonias avec d\u2019autres pi\u00e8ces de l\u2019\u00e8re Baroque dans un programme intitul\u00e9 Reflections.<\/strong> \u00ab J\u2019ai intitul\u00e9 ce programme Reflections, car je pense que chaque \u0153uvre sonne de mani\u00e8re inhabituelle en raison de la mani\u00e8re dont elle est r\u00e9fl\u00e9chie par rapport \u00e0 la musique qui l\u2019entoure \u00bb, explique t-elle.<\/p>\n<p>    <img width=\"800\" height=\"600\" src=\"https:\/\/www.europesays.com\/fr\/wp-content\/uploads\/2025\/05\/festival-aux-chandelles-2-800x600.jpg\" class=\"attachment-image-size-L size-image-size-L\" alt=\"Festival aux chandelles 2\" decoding=\"async\" loading=\"lazy\"  \/>         \u00a9 Page Facebook du Festival aux Chandelles \/ Droits r\u00e9serv\u00e9s<\/p>\n<p>Documentaires et mini-concert<\/p>\n<p><strong>Cette ann\u00e9e, le \u00ab Festival aux chandelles \u00bb propose \u00e9galement un moment de partage entre professionnel(le)s de la musique et public passionn\u00e9<\/strong>. Intitul\u00e9e Illuminations, cette s\u00e9rie de concerts aura lieu les 22, 23 et 24 mai et sera pr\u00e9c\u00e9d\u00e9e de projections documentaires les 21, 22 et 23 mai \u00e0 14h.<\/p>\n<p>Les concerts auront lieu \u00e0 la Villa Burrus, une ancienne demeure patronale des ann\u00e9es 30 transform\u00e9e en maison r\u00e9gionale de la musique en 1977 avant de devenir m\u00e9diath\u00e8que intercommunale en 2004. Les projections auront en revanche lieu au th\u00e9\u00e2tre municipal de Sainte-Marie-aux-Mines et<strong> seront gratuites.<\/strong><\/p>\n<p>Cette nouvelle programmation s\u2019int\u00e9ressera notamment \u00e0 la musique exp\u00e9rimentale de Lorenz Rommelspacher, au piano dans les \u0153uvres de Robert Schumann et d\u2019Arnold Sch\u00f6nberg, mais aussi \u00e0 la cr\u00e9ation contemporaine mise au service de la clarinette. <strong>Ces concerts seront accessibles d\u00e8s 15 euros.\u00a0<\/strong><\/p>\n<p>    <img width=\"800\" height=\"534\" src=\"https:\/\/www.europesays.com\/fr\/wp-content\/uploads\/2025\/05\/image-villa-burrus-800x534.jpg\" class=\"attachment-image-size-L size-image-size-L\" alt=\"image-villa-burrus\" decoding=\"async\" loading=\"lazy\"  \/>         La villa Burrus. <\/p>\n<p><strong>Enfin, le festival proposera \u00e9galement un mini concert dimanche 1er juin pour aller \u00e0 la rencontre des jeunes et tr\u00e8s jeunes publics<\/strong>. Avec la possibilit\u00e9 pour eux dialoguer avec les artistes : Dimitri et H\u00e9l\u00e8ne Papadopoulos \u00e0 l\u2019\u00e9glise Saint-Pierre-sur-L\u2019H\u00e2te.<\/p>\n<p>Et pour celles et ceux qui en voudraient plus, la Villa Burrus accueillera \u00e9galement une installation de Lorenz Rommelspacher \u2013 cr\u00e9\u00e9e pendant le concert de ce dernier \u2013 du jeudi 22 mai au 1er juin.<\/p>\n<p>            Festival aux chandelles<\/p>\n<p>            Quoi ? <\/p>\n<p>Festival de musique classique<\/p>\n<p>                Quand ?<\/p>\n<p>Du 21 mai au 1er juin<\/p>\n<p>            o\u00f9 ?<\/p>\n<p>Sainte-Marie-Aux-Mines<\/p>\n<p>                Plus d&rsquo;infos ?<\/p>\n<p>Le site du festival <a href=\"https:\/\/www.festivalauxchandelles.com\/\" target=\"_blank\" rel=\"noopener\">ici<\/a><\/p>\n","protected":false},"excerpt":{"rendered":"Accueil \/ Sorties \/ Concerts aux chandelles : un festival fait rayonner la musique classique \u00e0 1h de&hellip;\n","protected":false},"author":2,"featured_media":121086,"comment_status":"","ping_status":"","sticky":false,"template":"","format":"standard","meta":{"footnotes":""},"categories":[2820],"tags":[1111,11,1777,674,24285,1011,27,775,2936,12,25,24286,640,24287],"class_list":{"0":"post-121085","1":"post","2":"type-post","3":"status-publish","4":"format-standard","5":"has-post-thumbnail","7":"category-strasbourg","8":"tag-actu","9":"tag-actualites","10":"tag-eu","11":"tag-europe","12":"tag-festival-aux-chandelles","13":"tag-fr","14":"tag-france","15":"tag-grand-est","16":"tag-musique-classique","17":"tag-news","18":"tag-republique-francaise","19":"tag-sainte-marie-aux-mines","20":"tag-strasbourg","21":"tag-val-dargent"},"share_on_mastodon":{"url":"https:\/\/pubeurope.com\/@fr\/114555200920166348","error":""},"_links":{"self":[{"href":"https:\/\/www.europesays.com\/fr\/wp-json\/wp\/v2\/posts\/121085","targetHints":{"allow":["GET"]}}],"collection":[{"href":"https:\/\/www.europesays.com\/fr\/wp-json\/wp\/v2\/posts"}],"about":[{"href":"https:\/\/www.europesays.com\/fr\/wp-json\/wp\/v2\/types\/post"}],"author":[{"embeddable":true,"href":"https:\/\/www.europesays.com\/fr\/wp-json\/wp\/v2\/users\/2"}],"replies":[{"embeddable":true,"href":"https:\/\/www.europesays.com\/fr\/wp-json\/wp\/v2\/comments?post=121085"}],"version-history":[{"count":0,"href":"https:\/\/www.europesays.com\/fr\/wp-json\/wp\/v2\/posts\/121085\/revisions"}],"wp:featuredmedia":[{"embeddable":true,"href":"https:\/\/www.europesays.com\/fr\/wp-json\/wp\/v2\/media\/121086"}],"wp:attachment":[{"href":"https:\/\/www.europesays.com\/fr\/wp-json\/wp\/v2\/media?parent=121085"}],"wp:term":[{"taxonomy":"category","embeddable":true,"href":"https:\/\/www.europesays.com\/fr\/wp-json\/wp\/v2\/categories?post=121085"},{"taxonomy":"post_tag","embeddable":true,"href":"https:\/\/www.europesays.com\/fr\/wp-json\/wp\/v2\/tags?post=121085"}],"curies":[{"name":"wp","href":"https:\/\/api.w.org\/{rel}","templated":true}]}}