{"id":121109,"date":"2025-05-23T04:26:09","date_gmt":"2025-05-23T04:26:09","guid":{"rendered":"https:\/\/www.europesays.com\/fr\/121109\/"},"modified":"2025-05-23T04:26:09","modified_gmt":"2025-05-23T04:26:09","slug":"lyon-lophtalmo-avait-porte-plainte-contre-un-patient-qui-lavait-mal-note-sur-google","status":"publish","type":"post","link":"https:\/\/www.europesays.com\/fr\/121109\/","title":{"rendered":"Lyon. L\u2019ophtalmo avait port\u00e9 plainte contre un patient qui l\u2019avait mal not\u00e9 sur Google"},"content":{"rendered":"<p>Le 15\u00a0avril, une ophtalmologue lyonnaise avait attaqu\u00e9 en diffamation un de ses patients devant le tribunal correctionnel de Lyon\u00a0; elle reprochait \u00e0 ce dernier d\u2019avoir laiss\u00e9 un mauvais avis Google le 18\u00a0juillet\u00a02024 sur son cabinet.<\/p>\n<p>Des propos diffamatoires mais de bonne foi<\/p>\n<p>Il s\u2019\u00e9tait plaint du temps d\u2019attente et de l\u2019hygi\u00e8ne, rapporte <a href=\"https:\/\/actu.fr\/auvergne-rhone-alpes\/lyon_69123\/lyon-une-ophtalmologue-reclame-des-comptes-a-un-patient-apres-un-avis-sale-sur-google_62525084.html\" target=\"_blank\" rel=\"nofollow noopener\"> Actu Lyon<\/a> , car il avait d\u00fb \u00ab\u00a0demander la d\u00e9sinfection des machines\u00a0\u00bb. L\u2019avocat du pr\u00e9venu a expliqu\u00e9 que son client, avait \u00e9crit ce commentaire au style tr\u00e8s familier, car il s\u2019\u00e9tait aper\u00e7u que ce qu\u2019il avait v\u00e9cu l\u2019avait \u00e9t\u00e9 par beaucoup d\u2019autres. Il a argu\u00e9 de la \u00ab\u00a0bonne foi\u00a0\u00bb du patient.<\/p>\n<p>En face, la plaignante repr\u00e9sent\u00e9e par Me Herv\u00e9 Banbanaste avait r\u00e9clam\u00e9\u00a01\u00a0500\u00a0\u20ac de dommages et int\u00e9r\u00eats. En rendant son jugement mardi, le tribunal a consid\u00e9r\u00e9 que les propos \u00e9taient diffamatoires mais que le pr\u00e9venu avait agi de bonne foi. Il ne lui a pas inflig\u00e9 de peine ni de dommages et int\u00e9r\u00eats \u00e0 payer.<\/p>\n","protected":false},"excerpt":{"rendered":"Le 15\u00a0avril, une ophtalmologue lyonnaise avait attaqu\u00e9 en diffamation un de ses patients devant le tribunal correctionnel de&hellip;\n","protected":false},"author":2,"featured_media":121110,"comment_status":"","ping_status":"","sticky":false,"template":"","format":"standard","meta":{"footnotes":""},"categories":[1889],"tags":[1111,11,2430,271,272,2757,1777,674,274,107,1011,27,2428,2756,12,25,2429],"class_list":{"0":"post-121109","1":"post","2":"type-post","3":"status-publish","4":"format-standard","5":"has-post-thumbnail","7":"category-lyon","8":"tag-actu","9":"tag-actualites","10":"tag-auvergne-rhone-alpes","11":"tag-crime","12":"tag-delit-et-contravention","13":"tag-edition-lyon-villeurbanne","14":"tag-eu","15":"tag-europe","16":"tag-faits-divers-justice","17":"tag-fil-info","18":"tag-fr","19":"tag-france","20":"tag-lyon","21":"tag-lyon-bassin","22":"tag-news","23":"tag-republique-francaise","24":"tag-rhone"},"share_on_mastodon":{"url":"https:\/\/pubeurope.com\/@fr\/114555255701394892","error":""},"_links":{"self":[{"href":"https:\/\/www.europesays.com\/fr\/wp-json\/wp\/v2\/posts\/121109","targetHints":{"allow":["GET"]}}],"collection":[{"href":"https:\/\/www.europesays.com\/fr\/wp-json\/wp\/v2\/posts"}],"about":[{"href":"https:\/\/www.europesays.com\/fr\/wp-json\/wp\/v2\/types\/post"}],"author":[{"embeddable":true,"href":"https:\/\/www.europesays.com\/fr\/wp-json\/wp\/v2\/users\/2"}],"replies":[{"embeddable":true,"href":"https:\/\/www.europesays.com\/fr\/wp-json\/wp\/v2\/comments?post=121109"}],"version-history":[{"count":0,"href":"https:\/\/www.europesays.com\/fr\/wp-json\/wp\/v2\/posts\/121109\/revisions"}],"wp:featuredmedia":[{"embeddable":true,"href":"https:\/\/www.europesays.com\/fr\/wp-json\/wp\/v2\/media\/121110"}],"wp:attachment":[{"href":"https:\/\/www.europesays.com\/fr\/wp-json\/wp\/v2\/media?parent=121109"}],"wp:term":[{"taxonomy":"category","embeddable":true,"href":"https:\/\/www.europesays.com\/fr\/wp-json\/wp\/v2\/categories?post=121109"},{"taxonomy":"post_tag","embeddable":true,"href":"https:\/\/www.europesays.com\/fr\/wp-json\/wp\/v2\/tags?post=121109"}],"curies":[{"name":"wp","href":"https:\/\/api.w.org\/{rel}","templated":true}]}}