{"id":121111,"date":"2025-05-23T04:27:10","date_gmt":"2025-05-23T04:27:10","guid":{"rendered":"https:\/\/www.europesays.com\/fr\/121111\/"},"modified":"2025-05-23T04:27:10","modified_gmt":"2025-05-23T04:27:10","slug":"loin-des-cliches-katia-varetta-legende-de-la-glace-a-lyon","status":"publish","type":"post","link":"https:\/\/www.europesays.com\/fr\/121111\/","title":{"rendered":"loin des clich\u00e9s, Katia Varetta, l\u00e9gende de la glace \u00e0 Lyon"},"content":{"rendered":"<p>Lyon est une ville qui a la glace dans le sang, depuis des d\u00e9cennies\u00a0: on ne compte plus les champions locaux, et le nombre de pratiquants\u2026.Le patinage et le hockey sont bien l\u00e0, avec deux patinoires locales, celles de Charlemagne (2e) et Baraban (3e).<\/p>\n<p>C\u2019est ici, \u00e0 Baraban, que la discipline de course pratiqu\u00e9e \u00e0 Lyon, appel\u00e9e \u00ab short-track\u00a0\u00bb est n\u00e9e. Elle regroupe des patineurs qui font la course sur une piste de 111,12\u00a0m, d\u00e9limit\u00e9e par des plots et entour\u00e9e de matelas de&#8230;<\/p>\n","protected":false},"excerpt":{"rendered":"Lyon est une ville qui a la glace dans le sang, depuis des d\u00e9cennies\u00a0: on ne compte plus&hellip;\n","protected":false},"author":2,"featured_media":121112,"comment_status":"","ping_status":"","sticky":false,"template":"","format":"standard","meta":{"footnotes":""},"categories":[1889],"tags":[1111,11,2430,2757,1777,674,1011,27,2428,2756,12,24288,25,2429,517],"class_list":{"0":"post-121111","1":"post","2":"type-post","3":"status-publish","4":"format-standard","5":"has-post-thumbnail","7":"category-lyon","8":"tag-actu","9":"tag-actualites","10":"tag-auvergne-rhone-alpes","11":"tag-edition-lyon-villeurbanne","12":"tag-eu","13":"tag-europe","14":"tag-fr","15":"tag-france","16":"tag-lyon","17":"tag-lyon-bassin","18":"tag-news","19":"tag-patinage-de-vitesse","20":"tag-republique-francaise","21":"tag-rhone","22":"tag-sport"},"share_on_mastodon":{"url":"https:\/\/pubeurope.com\/@fr\/114555259628044612","error":""},"_links":{"self":[{"href":"https:\/\/www.europesays.com\/fr\/wp-json\/wp\/v2\/posts\/121111","targetHints":{"allow":["GET"]}}],"collection":[{"href":"https:\/\/www.europesays.com\/fr\/wp-json\/wp\/v2\/posts"}],"about":[{"href":"https:\/\/www.europesays.com\/fr\/wp-json\/wp\/v2\/types\/post"}],"author":[{"embeddable":true,"href":"https:\/\/www.europesays.com\/fr\/wp-json\/wp\/v2\/users\/2"}],"replies":[{"embeddable":true,"href":"https:\/\/www.europesays.com\/fr\/wp-json\/wp\/v2\/comments?post=121111"}],"version-history":[{"count":0,"href":"https:\/\/www.europesays.com\/fr\/wp-json\/wp\/v2\/posts\/121111\/revisions"}],"wp:featuredmedia":[{"embeddable":true,"href":"https:\/\/www.europesays.com\/fr\/wp-json\/wp\/v2\/media\/121112"}],"wp:attachment":[{"href":"https:\/\/www.europesays.com\/fr\/wp-json\/wp\/v2\/media?parent=121111"}],"wp:term":[{"taxonomy":"category","embeddable":true,"href":"https:\/\/www.europesays.com\/fr\/wp-json\/wp\/v2\/categories?post=121111"},{"taxonomy":"post_tag","embeddable":true,"href":"https:\/\/www.europesays.com\/fr\/wp-json\/wp\/v2\/tags?post=121111"}],"curies":[{"name":"wp","href":"https:\/\/api.w.org\/{rel}","templated":true}]}}