{"id":121119,"date":"2025-05-23T04:34:10","date_gmt":"2025-05-23T04:34:10","guid":{"rendered":"https:\/\/www.europesays.com\/fr\/121119\/"},"modified":"2025-05-23T04:34:10","modified_gmt":"2025-05-23T04:34:10","slug":"canada-goose-paris-et-milan-dans-les-priorites-2025","status":"publish","type":"post","link":"https:\/\/www.europesays.com\/fr\/121119\/","title":{"rendered":"Canada Goose: Paris et Milan dans les priorit\u00e9s 2025"},"content":{"rendered":"<p class=\"article-content col-md-8 offset-md-1\">\n                                Avec pr\u00e8s des trois quarts de sa production r\u00e9alis\u00e9e au Canada, Canada Goose envisage l&rsquo;actuelle crise mondiale sur les droits de douane comme une opportunit\u00e9. La marque sp\u00e9cialiste des parkas et manteaux pour faire face aux grands froids annonce sur son exercice clos fin mars 2025, avoir maintenu son activit\u00e9 et ses ventes. Celles-ci progressent de 1% \u00e0 1,35 milliard de dollars canadien (860 millions d&rsquo;euros).<img decoding=\"async\" class=\"news-image\" style=\"width:100%;\" src=\"https:\/\/www.europesays.com\/fr\/wp-content\/uploads\/2025\/05\/4441.jpg\" alt=\"la ligne Snow Goose dessin\u00e9e par Haider Ackermann\" loading=\"lazy\"\/>la ligne Snow Goose dessin\ufffde par Haider Ackermann &#8211; Snow GooseSurtout, la marque fond\u00e9e dans un entrep\u00f4t de Toronto en 1957 et dirig\u00e9e par Dani Reiss a vu son activit\u00e9 progresser de 7% sur son dernier trimestre (+4% \u00e0 taux de change constants), b\u00e9n\u00e9ficiant notamment du lancement de son offre de lunettes.\n                            <\/p>\n<p>\n                                Tous droits de reproduction et de repr\u00e9sentation r\u00e9serv\u00e9s.<br \/>\u00a9 2025 FashionNetwork.com\n                            <\/p>\n","protected":false},"excerpt":{"rendered":"Avec pr\u00e8s des trois quarts de sa production r\u00e9alis\u00e9e au Canada, Canada Goose envisage l&rsquo;actuelle crise mondiale sur&hellip;\n","protected":false},"author":2,"featured_media":121120,"comment_status":"","ping_status":"","sticky":false,"template":"","format":"standard","meta":{"footnotes":""},"categories":[1888],"tags":[11,2424,24290,537,2423,1777,674,1011,27,24289,2425,985,12,2298,626,2426,2427,24291,25,2421,2422],"class_list":{"0":"post-121119","1":"post","2":"type-post","3":"status-publish","4":"format-standard","5":"has-post-thumbnail","7":"category-paris","8":"tag-actualites","9":"tag-beaute","10":"tag-canada-goose","11":"tag-contact","12":"tag-cosmetiques","13":"tag-eu","14":"tag-europe","15":"tag-fr","16":"tag-france","17":"tag-haider-ackermann","18":"tag-luxe","19":"tag-mode","20":"tag-news","21":"tag-parfum","22":"tag-paris","23":"tag-professionnel","24":"tag-professionnels","25":"tag-reiss","26":"tag-republique-francaise","27":"tag-reseau","28":"tag-textile"},"share_on_mastodon":{"url":"https:\/\/pubeurope.com\/@fr\/114555287287037951","error":""},"_links":{"self":[{"href":"https:\/\/www.europesays.com\/fr\/wp-json\/wp\/v2\/posts\/121119","targetHints":{"allow":["GET"]}}],"collection":[{"href":"https:\/\/www.europesays.com\/fr\/wp-json\/wp\/v2\/posts"}],"about":[{"href":"https:\/\/www.europesays.com\/fr\/wp-json\/wp\/v2\/types\/post"}],"author":[{"embeddable":true,"href":"https:\/\/www.europesays.com\/fr\/wp-json\/wp\/v2\/users\/2"}],"replies":[{"embeddable":true,"href":"https:\/\/www.europesays.com\/fr\/wp-json\/wp\/v2\/comments?post=121119"}],"version-history":[{"count":0,"href":"https:\/\/www.europesays.com\/fr\/wp-json\/wp\/v2\/posts\/121119\/revisions"}],"wp:featuredmedia":[{"embeddable":true,"href":"https:\/\/www.europesays.com\/fr\/wp-json\/wp\/v2\/media\/121120"}],"wp:attachment":[{"href":"https:\/\/www.europesays.com\/fr\/wp-json\/wp\/v2\/media?parent=121119"}],"wp:term":[{"taxonomy":"category","embeddable":true,"href":"https:\/\/www.europesays.com\/fr\/wp-json\/wp\/v2\/categories?post=121119"},{"taxonomy":"post_tag","embeddable":true,"href":"https:\/\/www.europesays.com\/fr\/wp-json\/wp\/v2\/tags?post=121119"}],"curies":[{"name":"wp","href":"https:\/\/api.w.org\/{rel}","templated":true}]}}