{"id":121123,"date":"2025-05-23T04:36:11","date_gmt":"2025-05-23T04:36:11","guid":{"rendered":"https:\/\/www.europesays.com\/fr\/121123\/"},"modified":"2025-05-23T04:36:11","modified_gmt":"2025-05-23T04:36:11","slug":"en-direct-guerre-en-ukraine-le-g7-pret-a-maximiser-la-pression-sur-la-russie","status":"publish","type":"post","link":"https:\/\/www.europesays.com\/fr\/121123\/","title":{"rendered":"EN DIRECT &#8211; Guerre en Ukraine : le G7 pr\u00eat \u00e0 \u00ab\u00a0maximiser la pression\u00a0\u00bb sur la Russie"},"content":{"rendered":"<p>R\u00e9unis ces jours-ci au Canada, les ministres des Finances du G7 ont affirm\u00e9 vouloir augmenter \u00ab\u00a0la pression\u00a0\u00bb sur la Russie si Moscou n&rsquo;accepte pas un cessez-le-feu en Ukraine.Suivez les derni\u00e8res informations en direct.<\/p>\n<p data-module=\"article-paragraph\" class=\"jsx-362436225 Paragraph Paragraph__End\">La menace des sanctions est de nouveau brandie. Les ministres des Finances du G7 ont affirm\u00e9 jeudi 22 mai vouloir \u00ab\u00a0maximiser la pression\u00a0\u00bb sur la Russie, notamment en intensifiant les sanctions, si Moscou n&rsquo;accepte pas un cessez-le-feu en Ukraine plus de trois ans apr\u00e8s <a href=\"https:\/\/www.tf1info.fr\/international\/un-an-de-guerre-ukraine-russie-24-fevrier-2022-heure-par-heure-le-jour-ou-la-russie-de-poutine-a-lance-l-invasion-2249042.html\" target=\"_blank\" rel=\"noopener\">le d\u00e9but de l&rsquo;invasion du pays<\/a>.<\/p>\n<p data-module=\"article-paragraph\" class=\"jsx-362436225 Paragraph\">R\u00e9unis dans l&rsquo;ouest du Canada pour une rencontre de trois jours, les ministres du club des \u00e9conomies avanc\u00e9es ont ajout\u00e9 avoir d\u00e9cid\u00e9 avec Kiev qu&rsquo;aucun pays qui \u00ab\u00a0a financ\u00e9 ou fourni la machine de guerre russe\u00a0\u00bb ne pourrait prendre part \u00e0 \u00ab\u00a0la reconstruction de l&rsquo;Ukraine\u00a0\u00bb.<\/p>\n<p data-module=\"article-paragraph\" class=\"jsx-362436225 Paragraph Paragraph__End\"><strong>Retrouvez les derni\u00e8res infos dans le fil ci-dessus.<\/strong><\/p>\n<p>La r\u00e9daction de TF1info<\/p>\n","protected":false},"excerpt":{"rendered":"R\u00e9unis ces jours-ci au Canada, les ministres des Finances du G7 ont affirm\u00e9 vouloir augmenter \u00ab\u00a0la pression\u00a0\u00bb sur&hellip;\n","protected":false},"author":2,"featured_media":121124,"comment_status":"","ping_status":"","sticky":false,"template":"","format":"standard","meta":{"footnotes":""},"categories":[1591],"tags":[1111,11,1921,75,73,1887,1918,1922,12,1885,1886,132,220,1917,133,1920,135,134],"class_list":{"0":"post-121123","1":"post","2":"type-post","3":"status-publish","4":"format-standard","5":"has-post-thumbnail","7":"category-russie","8":"tag-actu","9":"tag-actualites","10":"tag-article-video","11":"tag-donald-trump","12":"tag-etats-unis","13":"tag-federation-de-russie","14":"tag-guerre-en-ukraine-une-treve-en-negociation","15":"tag-info","16":"tag-news","17":"tag-russia","18":"tag-russian-federation","19":"tag-russie","20":"tag-ukraine","21":"tag-ukraine-4-annee-de-guerre","22":"tag-video","23":"tag-video-international","24":"tag-vladimir-poutine","25":"tag-volodymyr-zelensky"},"share_on_mastodon":{"url":"https:\/\/pubeurope.com\/@fr\/114555295360226703","error":""},"_links":{"self":[{"href":"https:\/\/www.europesays.com\/fr\/wp-json\/wp\/v2\/posts\/121123","targetHints":{"allow":["GET"]}}],"collection":[{"href":"https:\/\/www.europesays.com\/fr\/wp-json\/wp\/v2\/posts"}],"about":[{"href":"https:\/\/www.europesays.com\/fr\/wp-json\/wp\/v2\/types\/post"}],"author":[{"embeddable":true,"href":"https:\/\/www.europesays.com\/fr\/wp-json\/wp\/v2\/users\/2"}],"replies":[{"embeddable":true,"href":"https:\/\/www.europesays.com\/fr\/wp-json\/wp\/v2\/comments?post=121123"}],"version-history":[{"count":0,"href":"https:\/\/www.europesays.com\/fr\/wp-json\/wp\/v2\/posts\/121123\/revisions"}],"wp:featuredmedia":[{"embeddable":true,"href":"https:\/\/www.europesays.com\/fr\/wp-json\/wp\/v2\/media\/121124"}],"wp:attachment":[{"href":"https:\/\/www.europesays.com\/fr\/wp-json\/wp\/v2\/media?parent=121123"}],"wp:term":[{"taxonomy":"category","embeddable":true,"href":"https:\/\/www.europesays.com\/fr\/wp-json\/wp\/v2\/categories?post=121123"},{"taxonomy":"post_tag","embeddable":true,"href":"https:\/\/www.europesays.com\/fr\/wp-json\/wp\/v2\/tags?post=121123"}],"curies":[{"name":"wp","href":"https:\/\/api.w.org\/{rel}","templated":true}]}}