{"id":121140,"date":"2025-05-23T04:45:13","date_gmt":"2025-05-23T04:45:13","guid":{"rendered":"https:\/\/www.europesays.com\/fr\/121140\/"},"modified":"2025-05-23T04:45:13","modified_gmt":"2025-05-23T04:45:13","slug":"relations-de-voisinage-une-pratique-solidement-ancree-en-france","status":"publish","type":"post","link":"https:\/\/www.europesays.com\/fr\/121140\/","title":{"rendered":"Relations de voisinage\u00a0: \u00ab\u00a0Une pratique solidement ancr\u00e9e en France\u00a0\u00bb"},"content":{"rendered":"<p>Vous avez men\u00e9 r\u00e9cemment une grande enqu\u00eate sur les pratiques de voisinage. O\u00f9 en est-on aujourd\u2019hui en France\u00a0?<\/p>\n<p>C\u2019est un fait social qui a \u00e9t\u00e9 peu \u00e9tudi\u00e9 de mani\u00e8re quantitative. Quand on a lanc\u00e9 notre projet, il y avait cette id\u00e9e dans l\u2019air que le voisinage \u00e9tait en d\u00e9clin. En r\u00e9alit\u00e9, on observe une grande stabilit\u00e9 depuis les ann\u00e9es 80, date de la premi\u00e8re grande enqu\u00eate sur la question.<\/p>\n<p>Existe-t-il des diff\u00e9rences entre les villes et les campagnes\u00a0?<\/p>\n<p>Il existe des diff\u00e9rences selon les contextes r\u00e9sidentiels. Mais cela ne se d\u00e9cline pas de cette fa\u00e7on. Le principal crit\u00e8re, c\u2019est la composition sociale de la population. Plus un voisinage est ais\u00e9, plus il y a de propri\u00e9taires et plus il y a de relations. On le voit par exemple \u00e0 Paris, avec des \u00e9carts importants selon les quartiers. Et plus ce milieu est homog\u00e8ne, plus les liens sont fr\u00e9quents. La mixit\u00e9 sociale est plut\u00f4t associ\u00e9e \u00e0 un affaiblissement des relations de voisinage.<\/p>\n<blockquote><p>Il y a cependant aussi ces voisins dont on ne conna\u00eet pas le nom, mais dont on conna\u00eet le visage. Leur pr\u00e9sence cr\u00e9e un sentiment de s\u00e9curit\u00e9 et peut contribuer au bien-\u00eatre.<\/p><\/blockquote>\n<p>L\u2019\u00e2ge est-il un facteur important\u00a0?<\/p>\n<p>Les relations de voisinage sont relativement faibles dans les premiers \u00e2ges de la vie, en raison notamment de l\u2019instabilit\u00e9 r\u00e9sidentielle. Elles atteignent un maximum dans la tranche d\u2019\u00e2ge 30-44 ans, avec l\u2019arriv\u00e9e des enfants. Puis on observe un d\u00e9clin progressif. \u00c0 partir de 75 ans, elles se limitent souvent aux maisons voisines et deviennent asym\u00e9triques.<\/p>\n<p>Comment expliquer que nos voisins puissent parfois rester des inconnus\u00a0?<\/p>\n<p>C\u2019est principalement li\u00e9 \u00e0 la mobilit\u00e9 r\u00e9sidentielle. Nous avons pu observer des quartiers o\u00f9 un tiers de la population se renouvelle tous les 18 mois. C\u2019est clairement un frein aux relations de voisinage. Et pas seulement pour ceux qui bougent. Ceux qui restent stables finissent aussi par se d\u00e9courager. Ils h\u00e9sitent \u00e0 nouer des relations avec leurs nouveaux voisins, en se disant qu\u2019ils ne resteront pas forc\u00e9ment.<\/p>\n<p>Il y a cependant aussi ces voisins dont on ne conna\u00eet pas le nom, mais dont on conna\u00eet le visage. Avoir autour de soi ces inconnus familiers n\u2019est pas compl\u00e8tement anodin. Leur pr\u00e9sence cr\u00e9e un sentiment de s\u00e9curit\u00e9 et peut contribuer au bien-\u00eatre.<\/p>\n<p>Les conflits de voisinage sont-ils plus fr\u00e9quents qu\u2019avant\u00a0?<\/p>\n<p>L\u00e0 encore, on observe une stabilit\u00e9. Quant aux causes, elles sont tr\u00e8s vari\u00e9es. Certains conflits d\u00e9coulent de g\u00eanes, de comportements inappropri\u00e9s. D\u2019autres rel\u00e8vent de rapports diff\u00e9rents \u00e0 l\u2019espace, au quartier.<\/p>\n<p>Dans ces cas de figure, la f\u00eate des voisins peut-elle contribuer \u00e0 d\u00e9tendre l\u2019atmosph\u00e8re\u00a0?<\/p>\n<p>D\u00e9miner les conflits, je n\u2019y crois pas. Elles peuvent m\u00eame y contribuer, en accentuant les ph\u00e9nom\u00e8nes de clan. La f\u00eate des voisins est une pratique qui s\u2019est g\u00e9n\u00e9ralis\u00e9e. Mais souvent, on y retrouve des gens qu\u2019on conna\u00eet d\u00e9j\u00e0. Elles sont alors dans la continuit\u00e9 d\u2019autres moments de convivialit\u00e9 dans le quartier.<\/p>\n<p>Comment voyez-vous l\u2019avenir des relations de voisinage\u00a0?<\/p>\n<p>Les relations de voisinage ont r\u00e9sist\u00e9 \u00e0 de grandes transformations sociales\u00a0: les trajets qui s\u2019allongent, les nouvelles technologies. On a pu observer des \u00e9volutions conjoncturelles. Mais, en France, c\u2019est une pratique qui reste solidement ancr\u00e9e.<\/p>\n","protected":false},"excerpt":{"rendered":"Vous avez men\u00e9 r\u00e9cemment une grande enqu\u00eate sur les pratiques de voisinage. O\u00f9 en est-on aujourd\u2019hui en France\u00a0?&hellip;\n","protected":false},"author":2,"featured_media":121141,"comment_status":"","ping_status":"","sticky":false,"template":"","format":"standard","meta":{"footnotes":""},"categories":[4],"tags":[11,1011,27,12,25,801],"class_list":{"0":"post-121140","1":"post","2":"type-post","3":"status-publish","4":"format-standard","5":"has-post-thumbnail","7":"category-france","8":"tag-actualites","9":"tag-fr","10":"tag-france","11":"tag-news","12":"tag-republique-francaise","13":"tag-social"},"share_on_mastodon":{"url":"https:\/\/pubeurope.com\/@fr\/114555330395893662","error":""},"_links":{"self":[{"href":"https:\/\/www.europesays.com\/fr\/wp-json\/wp\/v2\/posts\/121140","targetHints":{"allow":["GET"]}}],"collection":[{"href":"https:\/\/www.europesays.com\/fr\/wp-json\/wp\/v2\/posts"}],"about":[{"href":"https:\/\/www.europesays.com\/fr\/wp-json\/wp\/v2\/types\/post"}],"author":[{"embeddable":true,"href":"https:\/\/www.europesays.com\/fr\/wp-json\/wp\/v2\/users\/2"}],"replies":[{"embeddable":true,"href":"https:\/\/www.europesays.com\/fr\/wp-json\/wp\/v2\/comments?post=121140"}],"version-history":[{"count":0,"href":"https:\/\/www.europesays.com\/fr\/wp-json\/wp\/v2\/posts\/121140\/revisions"}],"wp:featuredmedia":[{"embeddable":true,"href":"https:\/\/www.europesays.com\/fr\/wp-json\/wp\/v2\/media\/121141"}],"wp:attachment":[{"href":"https:\/\/www.europesays.com\/fr\/wp-json\/wp\/v2\/media?parent=121140"}],"wp:term":[{"taxonomy":"category","embeddable":true,"href":"https:\/\/www.europesays.com\/fr\/wp-json\/wp\/v2\/categories?post=121140"},{"taxonomy":"post_tag","embeddable":true,"href":"https:\/\/www.europesays.com\/fr\/wp-json\/wp\/v2\/tags?post=121140"}],"curies":[{"name":"wp","href":"https:\/\/api.w.org\/{rel}","templated":true}]}}