{"id":121150,"date":"2025-05-23T04:53:13","date_gmt":"2025-05-23T04:53:13","guid":{"rendered":"https:\/\/www.europesays.com\/fr\/121150\/"},"modified":"2025-05-23T04:53:13","modified_gmt":"2025-05-23T04:53:13","slug":"cyclisme-un-coureur-du-team-bricquebec-cotentin-gagne-la-1re-etape-du-tour-de-la-manche","status":"publish","type":"post","link":"https:\/\/www.europesays.com\/fr\/121150\/","title":{"rendered":"Cyclisme. Un coureur du Team Bricquebec Cotentin gagne la 1re \u00e9tape du Tour de la Manche"},"content":{"rendered":"<p>            Par<br \/>\n        <strong><br \/>\n            <a href=\"https:\/\/actu.fr\/auteur\/a-rey\" title=\"Consulter tous les articles de Aur\u00e9lien Rey\" rel=\"nofollow noopener\" target=\"_blank\">Aur\u00e9lien Rey<\/a><br \/>\n        <\/strong><\/p>\n<p>        Publi\u00e9 le<\/p>\n<p>            22 mai 2025 \u00e0 17h45        <\/p>\n<p>Le <b>coureur britannique<\/b> du <a href=\"https:\/\/actu.fr\/tag\/team-bricquebec-cotentin\" rel=\"nofollow noopener\" target=\"_blank\">Team Bricquebec Cotentin<\/a>, <b>James Hartley<\/b>, a remport\u00e9 la 1re \u00e9tape du <a href=\"https:\/\/actu.fr\/sports\/cyclisme\/cyclisme-le-tour-de-la-manche-un-revelateur-de-champions_62673467.html\" rel=\"nofollow noopener\" target=\"_blank\">Tour de la Manche<\/a>, ce jeudi 22 mai 2025 \u00e0 Isigny-le-Buat (<a href=\"https:\/\/actu.fr\/normandie\/manche_50\" rel=\"nofollow noopener\" target=\"_blank\">Manche<\/a>).<\/p>\n<p class=\" wall-content\">Il a devanc\u00e9 Luca De Vincenzi (Occitane) et Artus Jaladeau (Blagnac) au terme des <b>165,3 km<\/b> de parcours entre Sartilly-Baie-Bocage et Isigny-le-Buat.<\/p>\n<p class=\" wall-content\">\n<p>La journ\u00e9e de vendredi autour de Barneville-Carteret<\/p>\n<p class=\" wall-content\">Un autre Manchois, le Brion du VC Rouen, Guillaume Adam, a pris la 4e place.<\/p>\n<p class=\" wall-content\">La journ\u00e9e de vendredi 23 mai 2025 se concentre autour de Barneville-Carteret, avec un contre-la-montre individuel (11,2 km) le matin et une \u00e9tape en ligne (89,7 km) l\u2019apr\u00e8s-midi.<\/p>\n<p class=\" wall-content\">Suivez toute l\u2019actualit\u00e9 de vos villes et m\u00e9dias favoris en vous inscrivant \u00e0 <a href=\"https:\/\/moncompte.actu.fr\" title=\"D\u00e9couvez Mon Actu\" rel=\"nofollow noopener\" data-trk=\"{&quot;cta&quot;:{&quot;action&quot;:&quot;https:\\\/\\\/moncompte.actu.fr&quot;,&quot;category&quot;:&quot;mon compte&quot;,&quot;from&quot;:&quot;article footer&quot;,&quot;name&quot;:&quot;Mon actu&quot;,&quot;type&quot;:&quot;cta&quot;}}\" target=\"_blank\">Mon Actu<\/a>.<\/p>\n","protected":false},"excerpt":{"rendered":"Par Aur\u00e9lien Rey Publi\u00e9 le 22 mai 2025 \u00e0 17h45 Le coureur britannique du Team Bricquebec Cotentin, James&hellip;\n","protected":false},"author":2,"featured_media":121151,"comment_status":"","ping_status":"","sticky":false,"template":"","format":"standard","meta":{"footnotes":""},"categories":[1411],"tags":[3168,1154,207,1011,27,60],"class_list":{"0":"post-121150","1":"post","2":"type-post","3":"status-publish","4":"format-standard","5":"has-post-thumbnail","7":"category-cyclisme","8":"tag-cotentin","9":"tag-cycling","10":"tag-cyclisme","11":"tag-fr","12":"tag-france","13":"tag-sports"},"share_on_mastodon":{"url":"https:\/\/pubeurope.com\/@fr\/114555361893245793","error":""},"_links":{"self":[{"href":"https:\/\/www.europesays.com\/fr\/wp-json\/wp\/v2\/posts\/121150","targetHints":{"allow":["GET"]}}],"collection":[{"href":"https:\/\/www.europesays.com\/fr\/wp-json\/wp\/v2\/posts"}],"about":[{"href":"https:\/\/www.europesays.com\/fr\/wp-json\/wp\/v2\/types\/post"}],"author":[{"embeddable":true,"href":"https:\/\/www.europesays.com\/fr\/wp-json\/wp\/v2\/users\/2"}],"replies":[{"embeddable":true,"href":"https:\/\/www.europesays.com\/fr\/wp-json\/wp\/v2\/comments?post=121150"}],"version-history":[{"count":0,"href":"https:\/\/www.europesays.com\/fr\/wp-json\/wp\/v2\/posts\/121150\/revisions"}],"wp:featuredmedia":[{"embeddable":true,"href":"https:\/\/www.europesays.com\/fr\/wp-json\/wp\/v2\/media\/121151"}],"wp:attachment":[{"href":"https:\/\/www.europesays.com\/fr\/wp-json\/wp\/v2\/media?parent=121150"}],"wp:term":[{"taxonomy":"category","embeddable":true,"href":"https:\/\/www.europesays.com\/fr\/wp-json\/wp\/v2\/categories?post=121150"},{"taxonomy":"post_tag","embeddable":true,"href":"https:\/\/www.europesays.com\/fr\/wp-json\/wp\/v2\/tags?post=121150"}],"curies":[{"name":"wp","href":"https:\/\/api.w.org\/{rel}","templated":true}]}}