{"id":121162,"date":"2025-05-23T05:00:09","date_gmt":"2025-05-23T05:00:09","guid":{"rendered":"https:\/\/www.europesays.com\/fr\/121162\/"},"modified":"2025-05-23T05:00:09","modified_gmt":"2025-05-23T05:00:09","slug":"a-cannes-des-lyceens-se-forment-a-la-critique-de-cinema-liberation","status":"publish","type":"post","link":"https:\/\/www.europesays.com\/fr\/121162\/","title":{"rendered":"\u00e0 Cannes, des lyc\u00e9ens se forment \u00e0 la critique de cin\u00e9ma \u2013 Lib\u00e9ration"},"content":{"rendered":"<p class=\"sc-ksZaOG ehjQrN text-element\">Les mots Godard, Cahiers du cin\u00e9ma et effet Koulechov seront prononc\u00e9s, mais pas de panique, on est surtout l\u00e0 pour travailler avec sa subjectivit\u00e9, sa sensibilit\u00e9. Mercredi 21 mai, pour les lyc\u00e9ens franco-allemands r\u00e9unis dans une salle de classe du coll\u00e8ge international de Cannes, c\u2019est atelier critique et pr\u00e9paration d\u2019interview. Nous sommes \u00e0 une quinzaine de minutes du centre-ville, mais l\u2019ambiance ce matin est plut\u00f4t claquettes-chaussettes que talons hauts \u2013 surtout c\u00f4t\u00e9 allemand, on ne contredit pas les clich\u00e9s.<\/p>\n<p class=\"sc-ksZaOG ehjQrN text-element\">Depuis leur arriv\u00e9e dans la ville, dimanche, les ados, invit\u00e9s dans le cadre d\u2019un partenariat entre la Semaine de la critique et l\u2019Office franco-allemand pour la jeunesse (Ofaj), n\u2019ont pas ch\u00f4m\u00e9. Ils ont d\u00e9j\u00e0 vu deux longs m\u00e9trages, Ciudad sin sue\u00f1o de Guillermo Galoe et <a href=\"https:\/\/www.liberation.fr\/culture\/cinema\/cannes-2025-imago-un-documentaire-entre-tradition-et-paternite-20250520_DYJBTM5RFFBCDAECZ2DEQVUM7E\/\" target=\"_blank\" rel=\"noopener\">Imago de D\u00e9ni Oumar Pitsaev<\/a>, et l\u2019int\u00e9gralit\u00e9 de la s\u00e9lection de courts m\u00e9trages de la Semaine, dix en tout. Ce mercredi, rel\u00e9gu\u00e9s dans un pr\u00e9fabriqu\u00e9 du pourtant magnifique campus, ils d\u00e9briefent Donne Batterie, r\u00e9alis\u00e9 par la jeune cin\u00e9aste fran\u00e7aise, Carmen Leroi. Ils doivent la rencontrer un peu plus tard pour une interview sur la plage, avant <a href=\"https:\/\/www.liberation.fr\/culture\/cinema\/festival-de-cannes-jour-9-jodie-foster-rebecca-zlotowski-virginie-efira-coup-de-meuf-sur-la-crois&lt;\/p&gt;&lt;\/div&gt;&lt;\/article&gt;&lt;\/div&gt;&lt;div data-fusion-lazy-id=\" f0f8vgvlad832fw=\"\" target=\"_blank\" rel=\"noopener\"><\/p>\n","protected":false},"excerpt":{"rendered":"Les mots Godard, Cahiers du cin\u00e9ma et effet Koulechov seront prononc\u00e9s, mais pas de panique, on est surtout&hellip;\n","protected":false},"author":2,"featured_media":121163,"comment_status":"","ping_status":"","sticky":false,"template":"","format":"standard","meta":{"footnotes":""},"categories":[1354],"tags":[7306,58,59,5634,1346,1011,27,1360],"class_list":{"0":"post-121162","1":"post","2":"type-post","3":"status-publish","4":"format-standard","5":"has-post-thumbnail","7":"category-films","8":"tag-cannes","9":"tag-divertissement","10":"tag-entertainment","11":"tag-festival-de-cannes","12":"tag-films","13":"tag-fr","14":"tag-france","15":"tag-movies"},"share_on_mastodon":{"url":"https:\/\/pubeurope.com\/@fr\/114555389610634916","error":""},"_links":{"self":[{"href":"https:\/\/www.europesays.com\/fr\/wp-json\/wp\/v2\/posts\/121162","targetHints":{"allow":["GET"]}}],"collection":[{"href":"https:\/\/www.europesays.com\/fr\/wp-json\/wp\/v2\/posts"}],"about":[{"href":"https:\/\/www.europesays.com\/fr\/wp-json\/wp\/v2\/types\/post"}],"author":[{"embeddable":true,"href":"https:\/\/www.europesays.com\/fr\/wp-json\/wp\/v2\/users\/2"}],"replies":[{"embeddable":true,"href":"https:\/\/www.europesays.com\/fr\/wp-json\/wp\/v2\/comments?post=121162"}],"version-history":[{"count":0,"href":"https:\/\/www.europesays.com\/fr\/wp-json\/wp\/v2\/posts\/121162\/revisions"}],"wp:featuredmedia":[{"embeddable":true,"href":"https:\/\/www.europesays.com\/fr\/wp-json\/wp\/v2\/media\/121163"}],"wp:attachment":[{"href":"https:\/\/www.europesays.com\/fr\/wp-json\/wp\/v2\/media?parent=121162"}],"wp:term":[{"taxonomy":"category","embeddable":true,"href":"https:\/\/www.europesays.com\/fr\/wp-json\/wp\/v2\/categories?post=121162"},{"taxonomy":"post_tag","embeddable":true,"href":"https:\/\/www.europesays.com\/fr\/wp-json\/wp\/v2\/tags?post=121162"}],"curies":[{"name":"wp","href":"https:\/\/api.w.org\/{rel}","templated":true}]}}