{"id":121168,"date":"2025-05-23T05:03:12","date_gmt":"2025-05-23T05:03:12","guid":{"rendered":"https:\/\/www.europesays.com\/fr\/121168\/"},"modified":"2025-05-23T05:03:12","modified_gmt":"2025-05-23T05:03:12","slug":"suzanne-lindon-cedric-klapisch-pierre-richard-sylvie-tellier-sara-giraudeau-pomme-cocorico-un-tapis-rouge-made-in-france-ce-jeudi-soir-au-festival-de-cannes","status":"publish","type":"post","link":"https:\/\/www.europesays.com\/fr\/121168\/","title":{"rendered":"Suzanne Lindon, C\u00e9dric Klapisch, Pierre Richard, Sylvie Tellier, Sara Giraudeau, Pomme&#8230; cocorico, un tapis rouge \u00ab\u00a0made in France\u00a0\u00bb ce jeudi soir au Festival de Cannes"},"content":{"rendered":"<p>Le 78e Festival de Cannes <strong>a fait une place \u00e0 deux tenants du cin\u00e9ma populaire<\/strong> fran\u00e7ais ce jeudi 22 mai.<\/p>\n<p>              <img ci-src=\"https:\/\/www.nicematin.com\/festival-de-cannes\/maxmatinarchtwo120862-cKGo10Rk.jpg?vh=e0dd16&amp;ci_seal=97b3924dd2\" alt=\"\"\/><br \/>\n        L&rsquo;\u00e9quipe du film \u00ab\u00a0La venue de l&rsquo;avenir\u00a0\u00bb de C\u00e9dric Klapisch.  <strong>Photo Patrice Lapoirie .<\/strong> <\/p>\n<p>              <img ci-src=\"https:\/\/www.nicematin.com\/festival-de-cannes\/maxmatinarchtwo120924-rv5nfcgQ.jpg?vh=b696d9&amp;ci_seal=84a7d13131\" alt=\"\"\/><br \/>\n        Sara Giraudeau, C\u00e9cile De France et Suzanne Lindon.  <strong>Photo Frantz Bouton .<\/strong> <\/p>\n<p>Cin\u00e9aste interg\u00e9n\u00e9rationnel, du P\u00e9ril jeune\u00a0\u00e0 L&rsquo;Auberge espagnole, <strong>C\u00e9dric Klapisch d\u00e9barquait sur la Croisette pour la premi\u00e8re fois<\/strong>, avec un film s\u00e9lectionn\u00e9, La Venue de l&rsquo;avenir, pr\u00e9sent\u00e9 hors comp\u00e9tition.\u00a0Le film sort en m\u00eame temps dans les salles fran\u00e7aises.<\/p>\n<p>Cette s\u00e9lection officielle, \u00ab\u00a0\u00e7a arrive tard, donc il y a quand m\u00eame un plaisir encore plus grand, parce que j&rsquo;ai attendu longtemps!\u00a0\u00bb,<strong> a savour\u00e9 le r\u00e9alisateur lors d&rsquo;une interview.\u00a0<\/strong>\u00ab\u00a0\u00c7a va \u00eatre plaisant. Je n&rsquo;ai pas eu le droit pendant longtemps, je vais kiffer, je crois!\u00a0\u00bb<\/p>\n<p>              <img ci-src=\"https:\/\/www.nicematin.com\/festival-de-cannes\/maxmatinarchtwo120927-bwlFD8vD.jpg?vh=435bfb&amp;ci_seal=457253f56b\" alt=\"\"\/><br \/>\n        L&rsquo;actrice Julia Piaton \u00e0 l&rsquo;affiche du film \u00ab\u00a0La venue de l&rsquo;avenir\u00a0\u00bb de C\u00e9dric Klapisch, les cheveux au vent.  <strong>Photo Frantz Bouton .<\/strong> <\/p>\n<p>              <img ci-src=\"https:\/\/www.nicematin.com\/festival-de-cannes\/maxmatinarchtwo120939-ChPu6I98.jpg?vh=61966b&amp;ci_seal=c3ea4458a0\" alt=\"\"\/><br \/>\n        Le vent a donn\u00e9 du fil \u00e0 retordre \u00e0 l&rsquo;actrice Charlotte de Turckheim et sa fille Clara Piaton, qui n&rsquo;est autre que la soeur de Julia Piaton, l&rsquo;une des actrices de \u00ab\u00a0La venue de l&rsquo;avenir\u00a0\u00bb.  <strong>Photo Patrice Lapoirie .<\/strong> <\/p>\n<p>                                Pierre Richard applaudi sur le tapis rouge et sur les marches<\/p>\n<p>Autre monument fran\u00e7ais de la com\u00e9die: <strong>Pierre Richard, auquel le Festival de Cannes a rendu hommage ce jeudi<\/strong>, incarne \u00e0 la perfection le clown sensible, l&rsquo;hurluberlu gaffeur, la t\u00eate dans la Lune et les pieds sur les plateaux de tournage.<\/p>\n<p>L&rsquo;homme qui a vu l&rsquo;ours qui a vu l&rsquo;homme, son dernier film <strong>et le premier qu&rsquo;il r\u00e9alise depuis pr\u00e8s de 30 ans<\/strong>, a \u00e9t\u00e9 projet\u00e9 en s\u00e9ance sp\u00e9ciale, avant de sortir en salles le 24 septembre.<\/p>\n<p><strong>\u00c0 90 ans, dont plus de 60 ans de carri\u00e8re<\/strong>, Pierre Richard, qui restera \u00e0 jamais le Grand blond avec une chaussure noire\u00a0(1972), a fait rire de sa gaucherie dans plus de 100 longs-m\u00e9trages.<\/p>\n<p>C&rsquo;est un <strong>hommage un peu particulier que l&rsquo;acteur a v\u00e9cu<\/strong> lors de cette mont\u00e9e des marches.\u00a0Un moment suspendu et rare sur le tapis rouge de Cannes.<\/p>\n<p>Apr\u00e8s avoir march\u00e9 au bras de sa femme devant les photographes, ces derniers ce sont tous arr\u00eat\u00e9s de faire cr\u00e9piter les flashs.\u00a0<strong>Ils ont d\u00e9pos\u00e9 leurs appareils pendant un instant<\/strong> pour applaudir chaleureusement l&rsquo;acteur.<\/p>\n<p>              <img ci-src=\"https:\/\/www.nicematin.com\/festival-de-cannes\/maxmatinarchtwo120877-bZZMrkv3.jpg?vh=6936ec&amp;ci_seal=3a002cc8f3\" alt=\"\"\/><br \/>\n        Pierre Richard applaudi par tous les photographes du tapis rouge pendant sa mont\u00e9e des marches.  <strong>Photo Patrice Lapoirie .<\/strong> <\/p>\n<p>              <img ci-src=\"https:\/\/www.nicematin.com\/festival-de-cannes\/maxmatinarchtwo120901-REGnlQX7.jpg?vh=0f40e1&amp;ci_seal=8280f4f651\" alt=\"\"\/><br \/>\n        L&rsquo;acteur Pierre Richard, 90 ans, a foul\u00e9 le tapis rouge.  <strong>Photo Frantz Bouton.<\/strong> <\/p>\n<p>                                D&rsquo;autres t\u00eates connues sur le tapis rouge<\/p>\n<p><strong>Arthur H, Tony Gatlif, Helen Mirren,\u00a0Lucien Jean-Baptiste<\/strong>&#8230; et le vent dans les robes de quelque star en panique. Tous s&rsquo;\u00e9taient invit\u00e9s au Palais des Festivals ce jeudi 22 mai.<\/p>\n<p>              <img ci-src=\"https:\/\/www.nicematin.com\/festival-de-cannes\/maxmatinarchtwo120935-s14U5fuJ.jpg?vh=d9a3e3&amp;ci_seal=5136a5f0a8\" alt=\"\"\/><br \/>\n        Le chanteur fran\u00e7ais Arthur H et le r\u00e9alisateur Tony Gatlif, dont le film est propos\u00e9 en avant-premi\u00e8re mondiale ce jeudi 22 mai au cin\u00e9ma de la plage.  <strong>Photo Patrice Lapoirie .<\/strong> <\/p>\n<p>              <img ci-src=\"https:\/\/www.nicematin.com\/festival-de-cannes\/maxmatinarchtwo120931-V6Q27KB0.jpg?vh=f6e802&amp;ci_seal=33f223c564\" alt=\"\"\/><br \/>\n        La c\u00e9l\u00e8bre actrice britannique Helen Mirren \u00e9tait sur le tapis rouge.  <strong>Photo Patrice Lapoirie .<\/strong> <\/p>\n<p>              <img ci-src=\"https:\/\/www.nicematin.com\/festival-de-cannes\/maxmatinarchtwo120945-720dupMR.jpg?vh=b3b92a&amp;ci_seal=8b23a3adc4\" alt=\"\"\/><br \/>\n        Lucien Jean-Baptiste a mis l&rsquo;ambiance pour la mont\u00e9e des marches, avec l&rsquo;association Moteurs.  <strong>Photo Patrice Lapoirie.<\/strong> <\/p>\n<p>              <img ci-src=\"https:\/\/www.nicematin.com\/festival-de-cannes\/maxmatinarchtwo120875-P2DOZ5fG.jpg?vh=e039bf&amp;ci_seal=7b000a972e\" alt=\"\"\/><br \/>\n        Les robes ont vol\u00e9 et ont compliqu\u00e9 l\u00e9g\u00e8rement la mont\u00e9e des marches.  <strong>Photo Patrice Lapoirie.<\/strong> <\/p>\n<p>              <img ci-src=\"https:\/\/www.nicematin.com\/festival-de-cannes\/maxmatinarchtwo120872-2qFCpszC.jpg?vh=a539b3&amp;ci_seal=4fa9e412c3\" alt=\"\"\/><br \/>\n        Le vent s&rsquo;est invit\u00e9 lui aussi sur sur le tapis rouge ce jeudi en fin de journ\u00e9e.  <strong>Photo Patrice Lapoirie .<\/strong> <\/p>\n<p>                                Parterre de Miss pour \u00ab\u00a0La Venue de l&rsquo;avenir\u00a0\u00bb<\/p>\n<p>Le film de C\u00e9dric Klapisch avait attir\u00e9 <strong>plusieurs ex-miss France (et une actuelle)<\/strong> sur le tapis rouge ce jeudi soir.<\/p>\n<p>              <img ci-src=\"https:\/\/www.nicematin.com\/festival-de-cannes\/maxmatinarchtwo120937-AoS0Z5Hk.jpg?vh=f0b8d5&amp;ci_seal=2e6b901edc\" alt=\"\"\/><br \/>\n        Miss France 2022, Diane Leyre a pris la pose sur le tapis rouge ce jeudi 22 mai.  <strong>Photo Patrice Lapoirie .<\/strong> <\/p>\n<p>              <img ci-src=\"https:\/\/www.nicematin.com\/festival-de-cannes\/maxmatinarchtwo120932-n2frr6De.jpg?vh=7e24cc&amp;ci_seal=d9c8bf8d5b\" alt=\"\"\/><br \/>\n        L&rsquo;ancienne Miss France (puis pr\u00e9sidente du comit\u00e9 Miss France) Sylvie Tellier a salu\u00e9 les photographes dans une impressionnante robe noire.  <strong>Photo Patrice Lapoirie .<\/strong> <\/p>\n<p>              <img ci-src=\"https:\/\/www.nicematin.com\/festival-de-cannes\/maxmatinarchtwo120943-j6YKxRca.jpg?vh=8fd9e6&amp;ci_seal=f0fc34d8d3\" alt=\"\"\/><br \/>\n        Miss France 2025, Ang\u00e9lique Angarni-Filopon, a elle aussi foul\u00e9 le tapis rouge \u00e0 l&rsquo;occasion de la mont\u00e9e des marches du film de C\u00e9dric Klapisch.  <strong>Photo Patrice Lapoirie .<\/strong> <\/p>\n","protected":false},"excerpt":{"rendered":"Le 78e Festival de Cannes a fait une place \u00e0 deux tenants du cin\u00e9ma populaire fran\u00e7ais ce jeudi&hellip;\n","protected":false},"author":2,"featured_media":121169,"comment_status":"","ping_status":"","sticky":false,"template":"","format":"standard","meta":{"footnotes":""},"categories":[8],"tags":[58,59,5634,1011,27],"class_list":{"0":"post-121168","1":"post","2":"type-post","3":"status-publish","4":"format-standard","5":"has-post-thumbnail","7":"category-divertissement","8":"tag-divertissement","9":"tag-entertainment","10":"tag-festival-de-cannes","11":"tag-fr","12":"tag-france"},"share_on_mastodon":{"url":"https:\/\/pubeurope.com\/@fr\/114555401255248372","error":""},"_links":{"self":[{"href":"https:\/\/www.europesays.com\/fr\/wp-json\/wp\/v2\/posts\/121168","targetHints":{"allow":["GET"]}}],"collection":[{"href":"https:\/\/www.europesays.com\/fr\/wp-json\/wp\/v2\/posts"}],"about":[{"href":"https:\/\/www.europesays.com\/fr\/wp-json\/wp\/v2\/types\/post"}],"author":[{"embeddable":true,"href":"https:\/\/www.europesays.com\/fr\/wp-json\/wp\/v2\/users\/2"}],"replies":[{"embeddable":true,"href":"https:\/\/www.europesays.com\/fr\/wp-json\/wp\/v2\/comments?post=121168"}],"version-history":[{"count":0,"href":"https:\/\/www.europesays.com\/fr\/wp-json\/wp\/v2\/posts\/121168\/revisions"}],"wp:featuredmedia":[{"embeddable":true,"href":"https:\/\/www.europesays.com\/fr\/wp-json\/wp\/v2\/media\/121169"}],"wp:attachment":[{"href":"https:\/\/www.europesays.com\/fr\/wp-json\/wp\/v2\/media?parent=121168"}],"wp:term":[{"taxonomy":"category","embeddable":true,"href":"https:\/\/www.europesays.com\/fr\/wp-json\/wp\/v2\/categories?post=121168"},{"taxonomy":"post_tag","embeddable":true,"href":"https:\/\/www.europesays.com\/fr\/wp-json\/wp\/v2\/tags?post=121168"}],"curies":[{"name":"wp","href":"https:\/\/api.w.org\/{rel}","templated":true}]}}