{"id":121180,"date":"2025-05-23T05:09:18","date_gmt":"2025-05-23T05:09:18","guid":{"rendered":"https:\/\/www.europesays.com\/fr\/121180\/"},"modified":"2025-05-23T05:09:18","modified_gmt":"2025-05-23T05:09:18","slug":"le-design-sinvite-sur-les-rails-stephanois","status":"publish","type":"post","link":"https:\/\/www.europesays.com\/fr\/121180\/","title":{"rendered":"le design s\u2019invite sur les rails st\u00e9phanois"},"content":{"rendered":"<p>C\u2019est \u00e0 Ch\u00e2teaucreux, devant les rames, que Saint-\u00c9tienne a d\u00e9voil\u00e9 mercredi les deux tramways prim\u00e9s de la quatri\u00e8me \u00e9dition du concours \u00ab Un tramway nomm\u00e9 Design\u00a0\u00bb. Un \u00e9v\u00e9nement qui m\u00eale mobilit\u00e9 et cr\u00e9ation, organis\u00e9 par Transdev, la Stas et la Biennale dDesign.<\/p>\n<p>C\u00f4t\u00e9 France, Lilou Thieffenat, \u00e9tudiante en Master design d\u2019espace \u00e0 l\u2019\u00c9cole sup\u00e9rieure d\u2019art Annecy-Alpes, a conquis le jury avec \u00ab\u00a0Chaleur urbaine\u00a0\u00bb. Son projet, habill\u00e9 d\u2019une empreinte thermique, propose une vision sensible de la ville comme un organisme vivant, o\u00f9 la chaleur humaine, souvent invisible, devient perceptible. Une invitation \u00e0 repenser l\u2019espace urbain en repla\u00e7ant l\u2019humain au centre.<\/p>\n<p>Dans la cat\u00e9gorie internationale, Paul Hinnrichs, de l\u2019Universit\u00e9 de Dundee (\u00c9cosse), a s\u00e9duit avec \u00ab\u00a0Trames d\u2019\u00e9nergie\u00a0\u00bb. Le tramway devient ici une carte vivante de l\u2019\u00e9cosyst\u00e8me \u00e9nerg\u00e9tique fran\u00e7ais, entre h\u00e9ritage industriel et enjeux du XXIe si\u00e8cle.<\/p>\n<p>Sur le th\u00e8me de 2025 de la Biennale, \u00ab Ressources(s), pr\u00e9sager demain\u00a0\u00bb, les deux projets illustrent les d\u00e9fis du design face aux transitions sociales et environnementales.<\/p>\n<p>  \u00ab\u00a0Le design transforme notre quotidien\u00a0\u00bb<\/p>\n<p>Le maire de Saint-\u00c9tienne, Ga\u00ebl Perdriau,\u00a0a soulign\u00e9 : \u00ab\u00a0Bien plus que des moyens de transport, ces deux tramways sont des \u0153uvres d\u2019art en mouvement, invitant chaque jour \u00e0 porter un nouveau regard sur la ville.\u00a0\u00bb<\/p>\n<p>\u00ab\u00a0Le design transforme notre quotidien, le rend plus agr\u00e9able et inclusif\u00a0\u00bb, a de son c\u00f4t\u00e9 d\u00e9clar\u00e9 Marc Chassaub\u00e9n\u00e9, vice-pr\u00e9sident \u00e0 Saint-\u00c9tienne M\u00e9tropole, en charge de la culture et du design.<\/p>\n<p>Lilou Thieffenat s&rsquo;est dit \u00ab\u00a0tr\u00e8s heureuse de cette opportunit\u00e9\u00a0\u00bb, tandis que Paul Hinnrichs a soulign\u00e9 l\u2019importance de \u00ab\u00a0ne jamais cesser d\u2019apprendre, de cr\u00e9er et de tenter sa chance\u00a0\u00bb.<\/p>\n","protected":false},"excerpt":{"rendered":"C\u2019est \u00e0 Ch\u00e2teaucreux, devant les rames, que Saint-\u00c9tienne a d\u00e9voil\u00e9 mercredi les deux tramways prim\u00e9s de la quatri\u00e8me&hellip;\n","protected":false},"author":2,"featured_media":121181,"comment_status":"","ping_status":"","sticky":false,"template":"","format":"standard","meta":{"footnotes":""},"categories":[9653],"tags":[1111,11,2430,6211,1687,7539,1777,674,1011,27,12,5486,25,4001,7538],"class_list":{"0":"post-121180","1":"post","2":"type-post","3":"status-publish","4":"format-standard","5":"has-post-thumbnail","7":"category-saint-etienne","8":"tag-actu","9":"tag-actualites","10":"tag-auvergne-rhone-alpes","11":"tag-conference","12":"tag-culture-loisirs","13":"tag-edition-loire-sud","14":"tag-eu","15":"tag-europe","16":"tag-fr","17":"tag-france","18":"tag-news","19":"tag-rencontre","20":"tag-republique-francaise","21":"tag-saint-etienne","22":"tag-saint-etienne-ville"},"share_on_mastodon":{"url":"https:\/\/pubeurope.com\/@fr\/114555424963110209","error":""},"_links":{"self":[{"href":"https:\/\/www.europesays.com\/fr\/wp-json\/wp\/v2\/posts\/121180","targetHints":{"allow":["GET"]}}],"collection":[{"href":"https:\/\/www.europesays.com\/fr\/wp-json\/wp\/v2\/posts"}],"about":[{"href":"https:\/\/www.europesays.com\/fr\/wp-json\/wp\/v2\/types\/post"}],"author":[{"embeddable":true,"href":"https:\/\/www.europesays.com\/fr\/wp-json\/wp\/v2\/users\/2"}],"replies":[{"embeddable":true,"href":"https:\/\/www.europesays.com\/fr\/wp-json\/wp\/v2\/comments?post=121180"}],"version-history":[{"count":0,"href":"https:\/\/www.europesays.com\/fr\/wp-json\/wp\/v2\/posts\/121180\/revisions"}],"wp:featuredmedia":[{"embeddable":true,"href":"https:\/\/www.europesays.com\/fr\/wp-json\/wp\/v2\/media\/121181"}],"wp:attachment":[{"href":"https:\/\/www.europesays.com\/fr\/wp-json\/wp\/v2\/media?parent=121180"}],"wp:term":[{"taxonomy":"category","embeddable":true,"href":"https:\/\/www.europesays.com\/fr\/wp-json\/wp\/v2\/categories?post=121180"},{"taxonomy":"post_tag","embeddable":true,"href":"https:\/\/www.europesays.com\/fr\/wp-json\/wp\/v2\/tags?post=121180"}],"curies":[{"name":"wp","href":"https:\/\/api.w.org\/{rel}","templated":true}]}}