{"id":121195,"date":"2025-05-23T05:19:17","date_gmt":"2025-05-23T05:19:17","guid":{"rendered":"https:\/\/www.europesays.com\/fr\/121195\/"},"modified":"2025-05-23T05:19:17","modified_gmt":"2025-05-23T05:19:17","slug":"piolle-annonce-des-requisitions-pour-endormir-les-collectifs-pour-le-logement","status":"publish","type":"post","link":"https:\/\/www.europesays.com\/fr\/121195\/","title":{"rendered":"PIOLLE ANNONCE DES R\u00c9QUISITIONS POUR ENDORMIR LES COLLECTIFS POUR LE LOGEMENT"},"content":{"rendered":"<p>Posted On 23 mai 2025 <\/p>\n<p style=\"text-align: justify;\" data-start=\"170\" data-end=\"512\">Des r\u00e9quisitions de logements vacants : la nouvelle annonce Piollesque vise, comme d&rsquo;habitude, \u00e0 faire un coup de comm&rsquo; \u00e0 moindres frais. \u00c0 quelques mois des municipales la ficelle est de plus en plus grossi\u00e8re et risible.<\/p>\n<p>COMME D&rsquo;HABITUDE, LA FAUTE \u00c0 L&rsquo;\u00c9TAT<\/p>\n<p style=\"text-align: justify;\" data-start=\"562\" data-end=\"1087\">Une fois de plus Eric Piolle <a target=\"_blank\" href=\"https:\/\/www.placegrenet.fr\/2025\/05\/21\/requisition-de-logements-vacants-a-grenoble-faute-de-decision-de-la-prefecture-eric-piolle-prendra-un-arrete-municipal\/652841\" rel=\"noopener\">joue les gros bras<\/a> : il annonce que faute de r\u00e9ponse rapide de la Pr\u00e9f\u00e8te \u00e0 sa demande de r\u00e9quisition de logements pour loger des sans-abris, il prendra un arr\u00eat\u00e9 municipal. C&rsquo;est bien s\u00fbr toujours la m\u00eame rengaine de la faute \u00e0 l&rsquo;Etat qui ne mettrait pas suffisamment les moyens tandis que la municipalit\u00e9, elle, ferait tout pour r\u00e9sorber la mis\u00e8re du monde. Ils r\u00e9p\u00e8tent ce couplet sur tous les tons depuis pr\u00e8s de 12 ans.\u00a0<\/p>\n<p><a href=\"https:\/\/i1.wp.com\/grenoble-le-changement.fr\/wp-content\/uploads\/2023\/04\/Montgene\u0300vre-Piolle-a.png?ssl=1\" rel=\"lightbox[82124] noopener\" target=\"_blank\"><img loading=\"lazy\" decoding=\"async\" class=\" wp-image-61340 jetpack-lazy-image\" src=\"https:\/\/i1.wp.com\/grenoble-le-changement.fr\/wp-content\/uploads\/2023\/04\/Montgene\u0300vre-Piolle-a.png?resize=678%2C375&amp;ssl=1\" alt=\"\" width=\"678\" height=\"375\" data-recalc-dims=\"1\" data-lazy-src=\"https:\/\/i1.wp.com\/grenoble-le-changement.fr\/wp-content\/uploads\/2023\/04\/Montgene\u0300vre-Piolle-a.png?resize=678%2C375&amp;is-pending-load=1#038;ssl=1\" \/><\/a>\u00c0 Montgen\u00e8vre, Piolle lancait il y a quelques ann\u00e9es un appel aux migrants expliquant qu&rsquo;ils trouveraient un accueil inconditionnel \u00e0 Grenoble.<br \/>\n3500 PERSONNES \u00c0 LA RUE, UN CHIFFRE QUI NE BOUGE PAS<\/p>\n<p style=\"text-align: justify;\" data-start=\"562\" data-end=\"1087\">Sauf que les chiffres ne bougent pas. Il y a de l&rsquo;ordre de 3500 personnes sans domicile \u00e0 Grenoble, dont 250 enfants qui dorment dehors. Et aucune des postures des Verts\/LFi depuis 10 ans n&rsquo;a permis de le r\u00e9sorber. L&rsquo;adjointe en charge de la pr\u00e9carit\u00e9 C\u00e9line Deslattes (ex PS qui s&rsquo;est vendue \u00e0 Piolle) <a target=\"_blank\" href=\"https:\/\/c.ledauphine.com\/societe\/2025\/05\/19\/hebergement-d-urgence-eric-piolle-sur-le-point-de-proceder-a-des-requisitions-de-logements-vacants\" rel=\"noopener\">le reconnait elle-m\u00eame dans le Dauphin\u00e9<\/a> : \u00ab\u00a0malgr\u00e9 les 100 places suppl\u00e9mentaires que nous avons cr\u00e9\u00e9es l\u2019an pass\u00e9, ces chiffres sont rest\u00e9s inchang\u00e9s\u00a0\u00bb.<\/p>\n<p>LES POSTURES MORALES ENTRETIENNENT L&rsquo;APPEL D&rsquo;AIR<\/p>\n<p style=\"text-align: justify;\" data-start=\"562\" data-end=\"1087\">Ces chiffres n&rsquo;ont pas boug\u00e9 parce que la municipalit\u00e9 entretient un appel d&rsquo;air qui favorise de nouvelles arriv\u00e9es de personnes en grande pr\u00e9carit\u00e9 en continu. La posture id\u00e9ologique de \u00ab\u00a0l&rsquo;accueil inconditionnel\u00a0\u00bb a transform\u00e9 la ville en un point d\u2019attraction alors que nous n&rsquo;avons de toute \u00e9vidence pas les infrastructures d&rsquo;accueil adapt\u00e9es, pas de plan d\u2019int\u00e9gration viable derri\u00e8re. R\u00e9sultat : <a href=\"https:\/\/grenoble-le-changement.fr\/2024\/09\/24\/hebergement-durgence-la-grande-demagogie-municipale\/\" target=\"_blank\" rel=\"noopener\">des bidonvilles insalubres<\/a>, squats ill\u00e9gaux et une explosion du nombre de familles \u00e0 la rue. Les bons sentiments n&rsquo;ont rien d&rsquo;humaniste quand ils cr\u00e9ent la mis\u00e8re.<\/p>\n<p><a href=\"https:\/\/i2.wp.com\/grenoble-le-changement.fr\/wp-content\/uploads\/2023\/12\/squat-bidonville-rue-des-Allie\u0301s-.png?ssl=1\" rel=\"lightbox[82124] noopener\" target=\"_blank\"><img loading=\"lazy\" decoding=\"async\" class=\" wp-image-70769 jetpack-lazy-image\" src=\"https:\/\/i2.wp.com\/grenoble-le-changement.fr\/wp-content\/uploads\/2023\/12\/squat-bidonville-rue-des-Allie\u0301s-.png?resize=590%2C637&amp;ssl=1\" alt=\"\" width=\"590\" height=\"637\" data-recalc-dims=\"1\" data-lazy-src=\"https:\/\/i2.wp.com\/grenoble-le-changement.fr\/wp-content\/uploads\/2023\/12\/squat-bidonville-rue-des-Allie\u0301s-.png?resize=590%2C637&amp;is-pending-load=1#038;ssl=1\" \/><\/a>Bidonville rue des alli\u00e9s avant l&rsquo;impressionnant incendie en 2021. On en compte une dizaine \u00e0 Grenoble, en g\u00e9n\u00e9ral tenus par les fili\u00e8res mafieuses de passeurs qui profitent de l&rsquo;appel d&rsquo;air grenoblois pour faire leurs affaires sur le dos de situation humaines terribles<br \/>\n7 \u00c9COLES TOUJOURS OCCUP\u00c9ES<\/p>\n<p style=\"text-align: justify;\" data-start=\"562\" data-end=\"1087\">Le ph\u00e9nom\u00e8ne a atteint un point tel que des collectifs se sont mont\u00e9s et <a target=\"_blank\" href=\"https:\/\/c.ledauphine.com\/social\/2025\/02\/10\/isere-grenoble-150-citoyens-mobilises-pour-le-droit-au-logement-dans-la-ville?login=1\" rel=\"noopener\">ont commenc\u00e9 \u00e0 organiser l&rsquo;occupation des \u00e9coles grenobloises<\/a> pour y loger la nuit des personnes sans-domicile. Un mouvement qui a commenc\u00e9 il y a 3 ans, et a concern\u00e9 \u00e0 ce stade 80 familles pour 200 enfants pass\u00e9s par l\u00e0. 7 \u00e9coles sont aujourd&rsquo;hui encore occup\u00e9es. La municipalit\u00e9, n&rsquo;ayant d&rsquo;autre choix, a laiss\u00e9 faire&#8230; et elle fait aujourd&rsquo;hui passer cette passivit\u00e9 pour une action de sa part !<\/p>\n<p>12 ANS DE COMM&rsquo;\u00a0<\/p>\n<p style=\"text-align: justify;\" data-start=\"562\" data-end=\"1087\">En r\u00e9alit\u00e9, il n&rsquo;y a \u00e0 peu pr\u00e8s rien de concret mis en place par les \u00e9lus pour r\u00e9pondre \u00e0 leur appel d&rsquo;air. En deux mandats, les actions des Verts\/LFI ont \u00e9t\u00e9 quasi uniquement symboliques, des coups de menton pour rassurer leurs \u00e9lectorat et la jouer volontariste, comme par exemple un recours contre l&rsquo;Etat qui n&rsquo;a engendr\u00e9 aucune avanc\u00e9e suppl\u00e9mentaire. Seule mesurette : les fameuses 100 places d&rsquo;h\u00e9bergement, goutte d&rsquo;eau laborieusement <a href=\"https:\/\/grenoble-le-changement.fr\/2024\/11\/01\/grenoble-une-ville-financierement-asphyxiee-premiere-pour-limpot\/\" target=\"_blank\" rel=\"noopener\">financ\u00e9e par les imp\u00f4ts<\/a> qui n&rsquo;a rien r\u00e9solu, comme expliqu\u00e9 plus haut.<\/p>\n<p data-start=\"562\" data-end=\"1087\"><a href=\"https:\/\/i0.wp.com\/grenoble-le-changement.fr\/wp-content\/uploads\/2025\/03\/ecole-occupee-affiche-dal-scaled.jpg?ssl=1\" rel=\"lightbox[82124] noopener\" target=\"_blank\"><img loading=\"lazy\" decoding=\"async\" class=\"wp-image-80522 aligncenter jetpack-lazy-image\" src=\"https:\/\/i0.wp.com\/grenoble-le-changement.fr\/wp-content\/uploads\/2025\/03\/ecole-occupee-affiche-dal.jpg?resize=678%2C231&amp;ssl=1\" alt=\"\" width=\"678\" height=\"231\" data-recalc-dims=\"1\" data-lazy-src=\"https:\/\/www.europesays.com\/fr\/wp-content\/uploads\/2025\/05\/ecole-occupee-affiche-dal.jpg\" \/><\/a><\/p>\n<p>D\u00c9J\u00c0 UNE ANNONCE EN 2022<\/p>\n<p style=\"text-align: justify;\" data-start=\"562\" data-end=\"1087\">D\u00e9j\u00e0 en 2022, Piolle avait fait voter en grande pompe une d\u00e9lib\u00e9ration pour permettre la r\u00e9quisition. Evidemment avec force publicit\u00e9 pour bien montrer tout son engagement sur le sujet. Sauf qu&rsquo;il ne l&rsquo;a jamais appliqu\u00e9 par la suite : <a href=\"https:\/\/grenoble-le-changement.fr\/2024\/01\/26\/famlles-a-la-rue-lirresponsabilite-deric-piolle\/\" target=\"_blank\" rel=\"noopener\">une pure op\u00e9ration de communication<\/a>, en utilisant un sujet qui touche directement \u00e0 des situations humaines et m\u00e9rite donc tout sauf d&rsquo;\u00eatre cyniquement instrumentalis\u00e9 \u00e0 des petites fins politiciennes.\u00a0<\/p>\n<p><a href=\"https:\/\/i1.wp.com\/grenoble-le-changement.fr\/wp-content\/uploads\/2024\/07\/Be\u0301ron-Perez-.jpg?ssl=1\" rel=\"lightbox[82124] noopener\" target=\"_blank\"><img loading=\"lazy\" decoding=\"async\" class=\" wp-image-75367 jetpack-lazy-image\" src=\"https:\/\/i1.wp.com\/grenoble-le-changement.fr\/wp-content\/uploads\/2024\/07\/Be\u0301ron-Perez-.jpg?resize=541%2C507&amp;ssl=1\" alt=\"\" width=\"541\" height=\"507\" data-recalc-dims=\"1\" data-lazy-src=\"https:\/\/i1.wp.com\/grenoble-le-changement.fr\/wp-content\/uploads\/2024\/07\/Be\u0301ron-Perez-.jpg?resize=541%2C507&amp;is-pending-load=1#038;ssl=1\" \/><\/a>Une autre op\u00e9ration de comm&rsquo; : l&rsquo;\u00e9lu communiste au logement, Nicolas B\u00e9ron-Perez, annoncant camper devant la pr\u00e9fecture quelques jours pour d\u00e9noncer les probl\u00e8mes de logement. On voit \u00e0 quel point \u00e7a a \u00e9t\u00e9 utile et pertinent.<br \/>\n\u00ab\u00a0LES PROMESSES NE SUFFISENT PAS\u00a0\u00bb<\/p>\n<p style=\"text-align: justify;\" data-start=\"562\" data-end=\"1087\">Les collectifs qui r\u00e9clament la r\u00e9quisition savent donc \u00e0 quoi s&rsquo;en tenir. Ils sont d&rsquo;ailleurs loin d&rsquo;avoir saut\u00e9 de joie apr\u00e8s cette \u00e9ni\u00e8me annonce Piollesque, parce qu&rsquo;ils r\u00e9clament depuis trois ans l&rsquo;application de la d\u00e9lib\u00e9ration et n&rsquo;ont toujours rien vu de concret. Ils sont donc m\u00e9fiants, <a target=\"_blank\" href=\"https:\/\/c.ledauphine.com\/societe\/2025\/05\/20\/requisition-des-logements-vides-apres-les-promesses-d-eric-piolle-l-intercollectif-des-ecoles-occupees-attendent-les-actes\" rel=\"noopener\">comme le relate le Dauphin\u00e9<\/a> : \u00ab\u00a0Les promesses ne suffisent pas. L\u2019intercollectif attend des actes et pas seulement des paroles : \u201cLes annonces municipales restent pour l\u2019instant trop floues tant sur les d\u00e9lais que sur le nombre de personnes qui seront mises \u00e0 l\u2019abri.<\/p>\n<p>UNE LETTRE \u00c0 UN PROPRI\u00c9TAIRE&#8230;<\/p>\n<p style=\"text-align: justify;\" data-start=\"562\" data-end=\"1087\">Il y a en effet de quoi \u00eatre sceptique. Une d\u00e9lib\u00e9ration en 2022, un arr\u00eat\u00e9 en 2025. Et m\u00eame si les Verts\/LFi vont au bout cette fois, il s&rsquo;agira \u00e0 nouveau d&rsquo;une micro goutte d&rsquo;eau dans l&rsquo;oc\u00e9an de personnes \u00e0 la rue <a target=\"_blank\" href=\"https:\/\/c.ledauphine.com\/societe\/2025\/05\/19\/hebergement-d-urgence-eric-piolle-sur-le-point-de-proceder-a-des-requisitions-de-logements-vacants\" rel=\"noopener\">car Le Dauphin\u00e9<\/a> explique qu'\u00a0\u00bbils ont envoy\u00e9 une lettre \u00e0 un propri\u00e9taire pour lui dire que la r\u00e9quisition de certains de ses logements \u00e9tait potentiellement sur le point d\u2019arriver\u00a0\u00bb. Une seule lettre, \u00e0 un seul propri\u00e9taire : que d&rsquo;ambition.<\/p>\n<p><img decoding=\"async\" data-id=\"79488\" src=\"https:\/\/i0.wp.com\/grenoble-le-changement.fr\/wp-content\/uploads\/2025\/01\/rue-Jay-appartements-vides--scaled.jpg?w=678&amp;ssl=1\" alt=\"\" class=\"wp-image-79488 jetpack-lazy-image\" data-recalc-dims=\"1\" data-lazy-src=\"https:\/\/www.europesays.com\/fr\/wp-content\/uploads\/2025\/05\/rue-Jay-appartements-vides--scaled.jpg\" \/><\/p>\n<p><img decoding=\"async\" data-id=\"75478\" src=\"https:\/\/i1.wp.com\/grenoble-le-changement.fr\/wp-content\/uploads\/2024\/08\/maison-vide-.16-rue-ArgougesJPG-scaled.jpg?w=678&amp;ssl=1\" alt=\"\" class=\"wp-image-75478 jetpack-lazy-image\" data-recalc-dims=\"1\" data-lazy-src=\"https:\/\/www.europesays.com\/fr\/wp-content\/uploads\/2025\/05\/maison-vide-.16-rue-ArgougesJPG-scaled.jpg\" \/><\/p>\n<p><img decoding=\"async\" data-id=\"73911\" src=\"https:\/\/i0.wp.com\/grenoble-le-changement.fr\/wp-content\/uploads\/2024\/05\/villa-vide-101-Bis-crs-Berriat-1-scaled.jpg?w=678&amp;ssl=1\" alt=\"\" class=\"wp-image-73911 jetpack-lazy-image\" data-recalc-dims=\"1\" data-lazy-src=\"https:\/\/www.europesays.com\/fr\/wp-content\/uploads\/2025\/05\/villa-vide-101-Bis-crs-Berriat-1-scaled.jpg\" \/><br \/>\nAppartements et maisons vides propri\u00e9t\u00e9s de la ville ; et si la municipalit\u00e9 commen\u00e7ait par r\u00e9quisitionner ses propres biens ?<\/p>\n<p>&#8230; PLUT\u00d4T QUE DE S&rsquo;ATTAQUER AUX LOGEMENTS PUBLICS VACANTS<\/p>\n<p style=\"text-align: justify;\" data-start=\"562\" data-end=\"1087\">Il s&rsquo;agit \u00e9videmment de taper sur les doigts des propri\u00e9taires priv\u00e9s, <a href=\"https:\/\/grenoble-le-changement.fr\/2025\/04\/10\/logement-la-pauperisation-de-la-ville-saccelere\/\" target=\"_blank\" rel=\"noopener\">vaches \u00e0 lait de cette municipalit\u00e9<\/a> qui met tous les verrous possibles pour eux. Jamais de s&rsquo;occuper de ce qui rel\u00e8ve pourtant directement des \u00e9lus en poste : les appartements vides propri\u00e9t\u00e9 de la ville, ou des bailleurs sociaux pr\u00e9sid\u00e9s par des Verts\/LFI comme ACTIS (pr\u00e9sident Pierre Bejjaji, \u00e9lu Vert d&rsquo;Eybens) et Grenoble-Habitat (pr\u00e9sident Claus Habfast, adjoint de Piolle). <a href=\"https:\/\/grenoble-le-changement.fr\/2024\/11\/22\/logements-vacants-les-chiffres-qui-confirment-labsurdite-de-la-betonisation\/\" target=\"_blank\" rel=\"noopener\">Les logements vacants sont pourtant l\u00e9gion dans le parc social public et seraient bien plus facilement mobilisables pour r\u00e9pondre au probl\u00e8me.<\/a><\/p>\n<p>UN COUP DE COMM&rsquo; POUR LES MUNICIPALES<\/p>\n<p style=\"text-align: justify;\" data-start=\"562\" data-end=\"1087\">Mais outre l&rsquo;effet d&rsquo;annonce pour endormir le gogo-gaucho en tapant sur les propri\u00e9taires plut\u00f4t que des actes concrets en utilisant le foncier qui d\u00e9pend de lui,\u00a0le sens du timing de Piolle est l&rsquo;autre grossi\u00e8ret\u00e9 de cette affaire. Affaibli politiquement et plus isol\u00e9 que jamais, il cherche \u00e0 se concilier les collectifs de Droit au Logement&#8230; \u00e0 10 mois des \u00e9lections municipales. Pas s\u00fbr que la manoeuvre convainque grand monde apr\u00e8s 11 ans \u00e0 se tourner les pouces et \u00e0 faire des coups de comm&rsquo; non suivis d&rsquo;effets : les Grenoblois lucides auront bien vu que 12 ans de mandat Verts\/LFI n&rsquo;ont fait qu&rsquo;aggraver la crise sociale.<\/p>\n","protected":false},"excerpt":{"rendered":"Posted On 23 mai 2025 Des r\u00e9quisitions de logements vacants : la nouvelle annonce Piollesque vise, comme d&rsquo;habitude,&hellip;\n","protected":false},"author":2,"featured_media":121196,"comment_status":"","ping_status":"","sticky":false,"template":"","format":"standard","meta":{"footnotes":""},"categories":[9566],"tags":[1111,11,2430,24293,9607,1777,674,1011,27,2731,12,24294,25],"class_list":{"0":"post-121195","1":"post","2":"type-post","3":"status-publish","4":"format-standard","5":"has-post-thumbnail","7":"category-grenoble","8":"tag-actu","9":"tag-actualites","10":"tag-auvergne-rhone-alpes","11":"tag-celine-deslattes","12":"tag-eric-piolle","13":"tag-eu","14":"tag-europe","15":"tag-fr","16":"tag-france","17":"tag-grenoble","18":"tag-news","19":"tag-nicolas-beron-perez","20":"tag-republique-francaise"},"share_on_mastodon":{"url":"https:\/\/pubeurope.com\/@fr\/114555464254583177","error":""},"_links":{"self":[{"href":"https:\/\/www.europesays.com\/fr\/wp-json\/wp\/v2\/posts\/121195","targetHints":{"allow":["GET"]}}],"collection":[{"href":"https:\/\/www.europesays.com\/fr\/wp-json\/wp\/v2\/posts"}],"about":[{"href":"https:\/\/www.europesays.com\/fr\/wp-json\/wp\/v2\/types\/post"}],"author":[{"embeddable":true,"href":"https:\/\/www.europesays.com\/fr\/wp-json\/wp\/v2\/users\/2"}],"replies":[{"embeddable":true,"href":"https:\/\/www.europesays.com\/fr\/wp-json\/wp\/v2\/comments?post=121195"}],"version-history":[{"count":0,"href":"https:\/\/www.europesays.com\/fr\/wp-json\/wp\/v2\/posts\/121195\/revisions"}],"wp:featuredmedia":[{"embeddable":true,"href":"https:\/\/www.europesays.com\/fr\/wp-json\/wp\/v2\/media\/121196"}],"wp:attachment":[{"href":"https:\/\/www.europesays.com\/fr\/wp-json\/wp\/v2\/media?parent=121195"}],"wp:term":[{"taxonomy":"category","embeddable":true,"href":"https:\/\/www.europesays.com\/fr\/wp-json\/wp\/v2\/categories?post=121195"},{"taxonomy":"post_tag","embeddable":true,"href":"https:\/\/www.europesays.com\/fr\/wp-json\/wp\/v2\/tags?post=121195"}],"curies":[{"name":"wp","href":"https:\/\/api.w.org\/{rel}","templated":true}]}}