{"id":121197,"date":"2025-05-23T05:20:14","date_gmt":"2025-05-23T05:20:14","guid":{"rendered":"https:\/\/www.europesays.com\/fr\/121197\/"},"modified":"2025-05-23T05:20:14","modified_gmt":"2025-05-23T05:20:14","slug":"pro-d2-provence-defiera-grenoble-pour-une-place-au-sommet","status":"publish","type":"post","link":"https:\/\/www.europesays.com\/fr\/121197\/","title":{"rendered":"Pro D2 &#8211; Provence d\u00e9fiera Grenoble pour une place au sommet"},"content":{"rendered":"<p>Le <strong>FC Grenoble<\/strong> conna\u00eet d\u00e9sormais son adversaire pour la demi-finale de <strong>Pro D2<\/strong> : ce sera <strong>Provence Rugby<\/strong>, qui s\u2019est offert une large victoire contre Soyaux-Angoul\u00eame. Un match tr\u00e8s attendu entre deux \u00e9quipes aux parcours bien diff\u00e9rents mais \u00e0 l\u2019ambition commune : d\u00e9crocher leur billet pour la finale.<\/p>\n<p>Provence en mode rouleau compresseur contre Soyaux-Angoul\u00eame<\/p>\n<p>Pas de suspense jeudi soir \u00e0 Aix-en-Provence. Dans une ambiance bouillante au <strong>stade Maurice-David<\/strong>, Provence Rugby a \u00e9cras\u00e9 <strong>Soyaux-Angoul\u00eame (49-22)<\/strong>. Cueillis \u00e0 froid avec un essai encaiss\u00e9 d\u00e8s la 3e minute, les hommes de <strong>Mauricio Reggiardo<\/strong> ont rapidement pris les choses en main. Derri\u00e8re, \u00e7a a d\u00e9roul\u00e9 : <strong>quatre essais en premi\u00e8re p\u00e9riode<\/strong>, une intensit\u00e9 constante, et un avantage de +19 \u00e0 la pause.<\/p>\n<p>La deuxi\u00e8me mi-temps a confirm\u00e9 la sup\u00e9riorit\u00e9 des Noirs, avec deux nouveaux essais sign\u00e9s <strong>Adrien Lap\u00e8gue<\/strong> (d\u00e9j\u00e0 son 20e de la saison) et le jeune <strong>Paul Cellio<\/strong>. M\u00eame si Angoul\u00eame a sauv\u00e9 l\u2019honneur avec deux essais, l\u2019\u00e9cart final parle de lui-m\u00eame. Provence a domin\u00e9 dans tous les secteurs : conqu\u00eate, occupation, alternance. Et \u00e7a se voit au tableau d\u2019affichage.<\/p>\n<p>La revanche d\u2019une demi-finale pas dig\u00e9r\u00e9e<\/p>\n<p>C\u2019est un <strong>remake de la demi-finale de l\u2019an pass\u00e9<\/strong> qui se profile. En 2024, Provence avait chut\u00e9 face au <strong>FCG<\/strong>, \u00e0 Grenoble, \u00e0 ce m\u00eame stade de la comp\u00e9tition. Une d\u00e9faite qui avait laiss\u00e9 un go\u00fbt amer. Cette fois, les cartes sont rebattues. Grenoble, premier de la phase r\u00e9guli\u00e8re, a eu deux semaines pour se pr\u00e9parer. Provence, lui, arrive lanc\u00e9 et plein de confiance.<\/p>\n<p>Les joueurs de <strong>Jimmy Gopperth<\/strong> veulent prendre leur revanche. Et il y a de quoi y croire : leur jeu est en place, l\u2019\u00e9tat d\u2019esprit est l\u00e0, et l\u2019\u00e9quipe a gagn\u00e9 en maturit\u00e9. M\u00eame si <strong>George North<\/strong> est sorti bless\u00e9 au genou et que <strong>Sauveterre<\/strong> est incertain, la dynamique reste clairement du c\u00f4t\u00e9 des Aixois.<\/p>\n<p>Deux styles oppos\u00e9s, m\u00eame objectif<\/p>\n<p>Grenoble, c\u2019est du solide, du structur\u00e9, du classique. Une \u00e9quipe compl\u00e8te qui sait contr\u00f4ler un match. Provence, c\u2019est tout l\u2019inverse : du mouvement, de la prise de risque, une vraie envie d\u2019emballer les rencontres. Ce contraste promet un choc passionnant au <strong>Stade des Alpes<\/strong>.<\/p>\n<p>Les Grenoblois, repos\u00e9s mais peut-\u00eatre en manque de rythme, vont devoir tr\u00e8s vite rentrer dans leur match. Face \u00e0 eux, des Proven\u00e7aux qui arrivent avec <strong>six essais au compteur<\/strong> lors du barrage et une invincibilit\u00e9 \u00e0 domicile toujours intacte cette saison. Si la pression est sur les \u00e9paules du FCG, Provence, lui, n\u2019a rien \u00e0 perdre.<\/p>\n<p>Un rendez-vous \u00e0 ne pas manquer<\/p>\n<p><strong>Jeudi 29 mai \u00e0 21h<\/strong>, le rendez-vous est pris. Une place en finale de Pro D2 est en jeu. Et plus qu\u2019une simple demi-finale, ce match repr\u00e9sente <strong>beaucoup plus pour Provence Rugby<\/strong> : un r\u00eave de mont\u00e9e, une revanche \u00e0 prendre, et une page d\u2019histoire \u00e0 \u00e9crire. En face, Grenoble veut retrouver l\u2019\u00e9lite, chez lui, devant son public, et confirmer son statut de favori.<\/p>\n<p>\u00c7a promet du lourd. Et cette fois, pas s\u00fbr que le sc\u00e9nario soit \u00e9crit \u00e0 l\u2019avance.<\/p>\n<p><img loading=\"lazy\" src=\"https:\/\/www.europesays.com\/fr\/wp-content\/uploads\/2025\/04\/whatsapp-image-2024-07-31-at-09.08.32-e1727245864215.jpeg\" height=\"100\" width=\"100\" class=\" sp-no-webp\" alt=\"whatsapp image 2024 07 31 at 09.08.32\" decoding=\"async\"\/> <\/p>\n<p>J\u2019ai grandi dans une famille o\u00f9 le rugby \u00e9tait de tous les moments. J\u2019\u00e9tais au bord du terrain quand Castres a battu Pau et a rejoint l\u2019\u00e9lite, j\u2019\u00e9tais dans le Stade Pierre Antoine face \u00e0 Gary Whetton quand il a fait son Haka pour c\u00e9l\u00e9brer le Brennus de 1993 et j\u2019ai toujours \u00e9t\u00e9 berc\u00e9 des l\u00e9gendes de ce sport. Maintenant, c\u2019est avec XV Ovalie que j\u2019entends prolonger l\u2019aventure. #TeamCO<\/p>\n","protected":false},"excerpt":{"rendered":"Le FC Grenoble conna\u00eet d\u00e9sormais son adversaire pour la demi-finale de Pro D2 : ce sera Provence Rugby,&hellip;\n","protected":false},"author":2,"featured_media":121198,"comment_status":"","ping_status":"","sticky":false,"template":"","format":"standard","meta":{"footnotes":""},"categories":[9566],"tags":[1111,11,2430,1777,674,1011,27,2731,12,2308,10421,25,22339],"class_list":{"0":"post-121197","1":"post","2":"type-post","3":"status-publish","4":"format-standard","5":"has-post-thumbnail","7":"category-grenoble","8":"tag-actu","9":"tag-actualites","10":"tag-auvergne-rhone-alpes","11":"tag-eu","12":"tag-europe","13":"tag-fr","14":"tag-france","15":"tag-grenoble","16":"tag-news","17":"tag-pro-d2","18":"tag-provence-rugby","19":"tag-republique-francaise","20":"tag-soyaux-angoulu00eame"},"share_on_mastodon":{"url":"https:\/\/pubeurope.com\/@fr\/114555468092624080","error":""},"_links":{"self":[{"href":"https:\/\/www.europesays.com\/fr\/wp-json\/wp\/v2\/posts\/121197","targetHints":{"allow":["GET"]}}],"collection":[{"href":"https:\/\/www.europesays.com\/fr\/wp-json\/wp\/v2\/posts"}],"about":[{"href":"https:\/\/www.europesays.com\/fr\/wp-json\/wp\/v2\/types\/post"}],"author":[{"embeddable":true,"href":"https:\/\/www.europesays.com\/fr\/wp-json\/wp\/v2\/users\/2"}],"replies":[{"embeddable":true,"href":"https:\/\/www.europesays.com\/fr\/wp-json\/wp\/v2\/comments?post=121197"}],"version-history":[{"count":0,"href":"https:\/\/www.europesays.com\/fr\/wp-json\/wp\/v2\/posts\/121197\/revisions"}],"wp:featuredmedia":[{"embeddable":true,"href":"https:\/\/www.europesays.com\/fr\/wp-json\/wp\/v2\/media\/121198"}],"wp:attachment":[{"href":"https:\/\/www.europesays.com\/fr\/wp-json\/wp\/v2\/media?parent=121197"}],"wp:term":[{"taxonomy":"category","embeddable":true,"href":"https:\/\/www.europesays.com\/fr\/wp-json\/wp\/v2\/categories?post=121197"},{"taxonomy":"post_tag","embeddable":true,"href":"https:\/\/www.europesays.com\/fr\/wp-json\/wp\/v2\/tags?post=121197"}],"curies":[{"name":"wp","href":"https:\/\/api.w.org\/{rel}","templated":true}]}}