{"id":12120,"date":"2025-04-09T08:11:08","date_gmt":"2025-04-09T08:11:08","guid":{"rendered":"https:\/\/www.europesays.com\/fr\/12120\/"},"modified":"2025-04-09T08:11:08","modified_gmt":"2025-04-09T08:11:08","slug":"trois-exemples-pour-comprendre-les-effets-des-droits-de-douane-sur-les-americains","status":"publish","type":"post","link":"https:\/\/www.europesays.com\/fr\/12120\/","title":{"rendered":"trois exemples pour comprendre les effets des droits de douane sur les Am\u00e9ricains"},"content":{"rendered":"<p><strong>D\u00c9CRYPTAGE <\/strong>&#8211; Les droits de douane massifs impos\u00e9s par Donald Trump devraient entra\u00eener une hausse des co\u00fbts de production pour les entreprises, qui la r\u00e9percuteraient en partie sur les consommateurs. Illustration, avec trois cas pr\u00e9cis.<\/p>\n<p class=\"fig-paragraph\">Et \u00e0 la fin, ce sont les Am\u00e9ricains qui payent. Alors que Donald Trump a \u00e9t\u00e9 \u00e9lu en partie sur la promesse de contenir l\u2019inflation aux \u00c9tats-Unis, la\u00a0<a href=\"http:\/\/www.lefigaro.fr\/conjoncture\/droits-de-douane-donald-trump-lance-une-offensive-protectionniste-inedite-contre-le-reste-du-monde-20250402\" data-fig-type=\"Article\" data-gtm-custom-categorie=\"navigation\" data-gtm-custom-action=\"crossclick\" data-gtm-custom-label=\"Contextuel\" data-gtm-event=\"customEventSPE\" data-fig-domain=\"LEFIGARO\" target=\"_blank\" rel=\"noopener\">guerre commerciale mondiale<\/a>\u00a0qu\u2019il a lanc\u00e9e mercredi 2 avril pourrait faire m\u00e9caniquement augmenter les prix de nombreux biens de consommation. Les droits de douane sont une mauvaise nouvelle aussi bien pour les entreprises \u00e9trang\u00e8res exportant aux \u00c9tats-Unis que pour les entreprises produisant sur le sol am\u00e9ricain, dont les co\u00fbts de production pourraient exploser avec ceux des mati\u00e8res premi\u00e8res.<\/p>\n<p class=\"fig-paragraph\">\u00c0 ce stade, rien ne laisse penser que certaines firmes pourraient b\u00e9n\u00e9ficier d\u2019exemptions, comme ce fut le cas durant le premier mandat de Trump. Et difficile d\u2019imaginer que celles-ci choisiraient d\u2019absorber la hausse du co\u00fbt de revient plut\u00f4t que de la r\u00e9percuter sur les consommateurs. Illustration avec trois indispensables du quotidien d\u2019un Am\u00e9ricain\u00a0: le smartphone, la voiture et le petit-d\u00e9jeuner.<\/p>\n<p class=\"fig-premium-paywall__infos\">\n        Cet article est r\u00e9serv\u00e9 aux abonn\u00e9s.        Il vous reste 90% \u00e0 d\u00e9couvrir.\n    <\/p>\n<p>                <img  data- alt=\"Le Figaro\" class=\"fig-img--complete fig-img\"\/><\/p>\n<p class=\"fig-premium-paywall__title\">Vous avez envie de lire la suite ?<\/p>\n<p class=\"fig-premium-paywall__subtitle\">D\u00e9bloquez tous les articles imm\u00e9diatement.<\/p>\n<p class=\"fig-premium-paywall__connect\">\n                D\u00e9j\u00e0 abonn\u00e9\u00a0?                <a class=\"fig-premium-paywall__connect-link\" href=\"https:\/\/connect.lefigaro.fr\/login?client=horizon_web&amp;type=main&amp;redirect_uri=https%3A%2F%2Fwww.lefigaro.fr%2Fconjoncture%2Fvoiture-smartphone-petit-dejeuner-trois-exemples-pour-comprendre-les-effets-des-droits-de-douane-sur-les-americains-20250409\" data-js-gtm=\"{&quot;customCategorie&quot;: &quot;conversion&quot;, &quot;customAction&quot;: &quot;before_Landing_Connexion_paywall_manuel&quot;, &quot;customLabel&quot;: &quot;bGVmaWdhcm8uZnJfXzFmMDEzYzVlLTQxMDgtNjA0Yy05OGJiLTE5MDBjNDE4ZjIwN19fTmV3c0ZsYXNo_Voiture, smartphone, petit-d\u00e9jeuner\u00a0: trois exemples pour comprendre les effets des droits de douane sur les Am\u00e9ricains_409&quot;, &quot;customIDSPE&quot;: &quot;bGVmaWdhcm8uZnJfXzFmMDEzYzVlLTQxMDgtNjA0Yy05OGJiLTE5MDBjNDE4ZjIwN19fTmV3c0ZsYXNo&quot;, &quot;event&quot;: &quot;customEventSPE&quot;}\" target=\"_blank\" rel=\"noopener\"><br \/>\n                    Connectez-vous<br \/>\n                <\/a>\n            <\/p>\n","protected":false},"excerpt":{"rendered":"D\u00c9CRYPTAGE &#8211; Les droits de douane massifs impos\u00e9s par Donald Trump devraient entra\u00eener une hausse des co\u00fbts de&hellip;\n","protected":false},"author":2,"featured_media":12121,"comment_status":"","ping_status":"","sticky":false,"template":"","format":"standard","meta":{"footnotes":""},"categories":[6],"tags":[339,340,35,343,345,350,130,344,352,349,75,33,34,341,313,1011,27,346,342,353,351,347,348,2658,354],"class_list":{"0":"post-12120","1":"post","2":"type-post","3":"status-publish","4":"format-standard","5":"has-post-thumbnail","7":"category-economie","8":"tag-actualite-economique","9":"tag-bourse","10":"tag-business","11":"tag-cac-40","12":"tag-chef-dentreprise","13":"tag-concurrence","14":"tag-consommation","15":"tag-creation-dentreprise","16":"tag-crise","17":"tag-delocalisations","18":"tag-donald-trump","19":"tag-economie","20":"tag-economy","21":"tag-emploi","22":"tag-entreprises","23":"tag-fr","24":"tag-france","25":"tag-grands-patrons","26":"tag-impots","27":"tag-licenciements","28":"tag-monopole","29":"tag-multinationales","30":"tag-privatisation","31":"tag-taxes-douanieres","32":"tag-unio"},"share_on_mastodon":{"url":"https:\/\/pubeurope.com\/@fr\/114306998848949691","error":""},"_links":{"self":[{"href":"https:\/\/www.europesays.com\/fr\/wp-json\/wp\/v2\/posts\/12120","targetHints":{"allow":["GET"]}}],"collection":[{"href":"https:\/\/www.europesays.com\/fr\/wp-json\/wp\/v2\/posts"}],"about":[{"href":"https:\/\/www.europesays.com\/fr\/wp-json\/wp\/v2\/types\/post"}],"author":[{"embeddable":true,"href":"https:\/\/www.europesays.com\/fr\/wp-json\/wp\/v2\/users\/2"}],"replies":[{"embeddable":true,"href":"https:\/\/www.europesays.com\/fr\/wp-json\/wp\/v2\/comments?post=12120"}],"version-history":[{"count":0,"href":"https:\/\/www.europesays.com\/fr\/wp-json\/wp\/v2\/posts\/12120\/revisions"}],"wp:featuredmedia":[{"embeddable":true,"href":"https:\/\/www.europesays.com\/fr\/wp-json\/wp\/v2\/media\/12121"}],"wp:attachment":[{"href":"https:\/\/www.europesays.com\/fr\/wp-json\/wp\/v2\/media?parent=12120"}],"wp:term":[{"taxonomy":"category","embeddable":true,"href":"https:\/\/www.europesays.com\/fr\/wp-json\/wp\/v2\/categories?post=12120"},{"taxonomy":"post_tag","embeddable":true,"href":"https:\/\/www.europesays.com\/fr\/wp-json\/wp\/v2\/tags?post=12120"}],"curies":[{"name":"wp","href":"https:\/\/api.w.org\/{rel}","templated":true}]}}