{"id":121205,"date":"2025-05-23T05:24:09","date_gmt":"2025-05-23T05:24:09","guid":{"rendered":"https:\/\/www.europesays.com\/fr\/121205\/"},"modified":"2025-05-23T05:24:09","modified_gmt":"2025-05-23T05:24:09","slug":"cette-piste-cyclable-est-une-veritable-catastrophe-a-strasbourg","status":"publish","type":"post","link":"https:\/\/www.europesays.com\/fr\/121205\/","title":{"rendered":"Cette piste cyclable est une v\u00e9ritable \u00ab\u00a0catastrophe\u00a0\u00bb \u00e0 Strasbourg !"},"content":{"rendered":"<p itemprop=\"description\">Apr\u00e8s avoir co\u00fbt\u00e9 pr\u00e8s d&rsquo;un million d&rsquo;euros, cette piste cyclable strasbourgeoise commence d\u00e9j\u00e0 \u00e0 \u00eatre d\u00e9cri\u00e9e par les riverains.<\/p>\n<p>EN BREF<\/p>\n<ul class=\"bloc_resume_post_list\">\n<li>\n<p>\t\t\t\t\t\t\t\tStrasbourg, capitale du v\u00e9lo en France, fait face \u00e0 une pol\u00e9mique urbaine autour d&rsquo;une piste cyclable rue M\u00e9lanie, inaugur\u00e9e r\u00e9cemment.\n\t\t\t\t\t\t<\/li>\n<li>\n<p>\t\t\t\t\t\t\t\tLe r\u00e9am\u00e9nagement \u00e0 900 000 euros cr\u00e9e des tensions entre cyclistes et automobilistes, avec des man\u0153uvres risqu\u00e9es et des critiques sur la s\u00e9curit\u00e9.\n\t\t\t\t\t\t<\/li>\n<li>\n<p>\t\t\t\t\t\t\t\tLa mairie envisage des modifications pour apaiser les tensions, mais la controverse souligne les d\u00e9fis de l&rsquo;urbanisme \u00e9cologique en milieu urbain.\n\t\t\t\t\t\t<\/li>\n<\/ul>\n<p><strong>Strasbourg<\/strong> est consid\u00e9r\u00e9e comme la capitale fran\u00e7aise du <a href=\"https:\/\/www.autoplus.fr\/mobilite\/telephone-feu-rouge-trottoir-combien-coutent-toutes-ces-infractions-a-velo-1377704.html\" target=\"_blank\" rel=\"noopener\">v\u00e9lo<\/a>. Pourtant, la ville se retrouve d\u00e9sormais au c\u0153ur d\u00a0\u00bbune <strong>pol\u00e9mique urbaine<\/strong> li\u00e9e \u00e0 une <strong>piste cyclable<\/strong>. Les cyclistes sont d\u00e9sormais prioritaires sur les automobilistes dans la <strong>rue M\u00e9lanie<\/strong>, mais le r\u00e9sultat est qualifi\u00e9 de \u00ab\u00a0catastrophe\u00a0\u00bb par les riverains.<\/p>\n<p>    Une piste cyclable controvers\u00e9e en Alsace <\/p>\n<p>Un r\u00e9am\u00e9nagement flambant neuf chiffr\u00e9 \u00e0 pr\u00e8s de <strong>900 000 euros<\/strong> est \u00e0 l&rsquo;origine de cette <strong>discorde<\/strong>, selon les informations d\u00e9voil\u00e9es par <a href=\"https:\/\/actu.fr\/grand-est\/strasbourg_67482\/video-a-strasbourg-l-amenagement-de-cette-rue-ulcere-les-habitants-comment-voulez-vous-que-ca-marche_62590150.html\" target=\"_blank\" rel=\"nofollow noopener\">Actu.fr<\/a>. La configuration pr\u00e9voit une <strong>large piste cyclable centrale<\/strong>, entour\u00e9e par <strong>deux \u00e9troites voies de circulation automobile<\/strong> en double sens. Selon la mairie, cette infrastructure devait permettre aux voitures et v\u00e9los de <strong>cohabiter harmonieusement<\/strong>. Mais sur le terrain, c&rsquo;est un tout autre sc\u00e9nario qui se joue depuis quelques semaines.<\/p>\n<p>Concr\u00e8tement, la largeur de la chauss\u00e9e oblige en permanence les automobilistes \u00e0 se ranger sur les c\u00f4t\u00e9s pour laisser passer les v\u00e9hicules venant en sens inverse. Toutefois, certains optent pour des <strong>man\u0153uvres risqu\u00e9es<\/strong> tandis que d&rsquo;autres empi\u00e8tent directement sur la piste cyclable. Cela cr\u00e9e une situation totalement ironique. Ce dispositif est cens\u00e9 prot\u00e9ger les <a href=\"https:\/\/www.autoplus.fr\/pratique\/accident-nocturne-automobiliste-responsable-cycliste-sans-eclairage-1380920.html\" target=\"_blank\" rel=\"noopener\">cyclistes<\/a>, mais\u00a0il devient davantage un <strong>facteur d&rsquo;ins\u00e9curit\u00e9<\/strong>.<\/p>\n<p>data-href=\u00a0\u00bbhttps:\/\/www.facebook.com\/jeanphilippe.vetter\/videos\/1888506471963355&Prime;<br \/>\ndata-width=\u00a0\u00bb500&Prime;<br \/>\ndata-allowfullscreen=\u00a0\u00bbtrue\u00a0\u00bb data-autoplay=\u00a0\u00bbtrue\u00a0\u00bb data-show-captions=\u00a0\u00bbtrue\u00a0\u00bb&gt;<\/p>\n<p>La tension a mont\u00e9 d&rsquo;un cran d\u00e9but mai lorsqu&rsquo;un <strong>conseiller municipal d&rsquo;opposition<\/strong> a publi\u00e9 une vid\u00e9o sur les r\u00e9seaux sociaux. Elle montre des sc\u00e8nes de d\u00e9sordre total. On voit des files de voitures \u00e0 l&rsquo;arr\u00eat, des cyclistes d\u00e9pass\u00e9s et des pi\u00e9tons m\u00e9dus\u00e9s.<\/p>\n<p>    Une fracture entre cyclistes et automobilistes <\/p>\n<p>Cette controverse a clairement fait \u00e9merger <strong>deux camps<\/strong>. D&rsquo;un c\u00f4t\u00e9, les <strong>d\u00e9fenseurs du v\u00e9lo<\/strong> saluent un pas en avant vers une ville plus verte. De l&rsquo;autre, des <strong>automobilistes exc\u00e9d\u00e9s<\/strong> d\u00e9noncent un projet co\u00fbteux, mal con\u00e7u et inadapt\u00e9 \u00e0 l&rsquo;environnement urbain existant. C\u00f4t\u00e9 mairie, l&rsquo;adjoint \u00e0 la voirie a d\u00e9j\u00e0 reconnu des \u00ab\u00a0d\u00e9fauts de conception\u00a0\u00bb. Il assure n\u00e9anmoins que des <strong>modifications<\/strong> sont actuellement \u00e0 l&rsquo;\u00e9tude : agrandissement des encoches de croisement, <a href=\"https:\/\/www.autoplus.fr\/actualite\/que-cachent-marquages-colores-1134393.html\" target=\"_blank\" rel=\"noopener\">marquages color\u00e9s<\/a> pour signaler la priorit\u00e9 aux cyclistes, voire modification du sch\u00e9ma de circulation si n\u00e9cessaire. En attendant, la col\u00e8re ne faiblit pas.<\/p>\n<p>Autrefois, la rue M\u00e9lanie de Strasbourg \u00e9tait une banale art\u00e8re r\u00e9sidentielle. Aujourd&rsquo;hui, elle devient <strong>un cas d&rsquo;\u00e9cole<\/strong> sur les d\u00e9fis de la cohabitation urbaine et symbolise les tensions grandissantes entre <a href=\"https:\/\/www.autoplus.fr\/environnement\/taxes-ecologiques-ecologie-ministre-transports-1378830.html\" target=\"_blank\" rel=\"noopener\">aspirations \u00e9cologiques<\/a> et r\u00e9alit\u00e9s du quotidien.<\/p>\n<p>Strasbourg est souvent en avance sur les questions de mobilit\u00e9 douce avec de nombreuses pistes cyclables. Mais la ville se retrouve ici pi\u00e9g\u00e9e par un <strong>exc\u00e8s de z\u00e8le<\/strong> ou une <strong>mise en \u0153uvre pr\u00e9cipit\u00e9e<\/strong>. M\u00eame avec les meilleures intentions, l&rsquo;urbanisme ne peut ignorer les usages r\u00e9els ni les dynamiques locales.<\/p>\n","protected":false},"excerpt":{"rendered":"Apr\u00e8s avoir co\u00fbt\u00e9 pr\u00e8s d&rsquo;un million d&rsquo;euros, cette piste cyclable strasbourgeoise commence d\u00e9j\u00e0 \u00e0 \u00eatre d\u00e9cri\u00e9e par les&hellip;\n","protected":false},"author":2,"featured_media":121206,"comment_status":"","ping_status":"","sticky":false,"template":"","format":"standard","meta":{"footnotes":""},"categories":[2820],"tags":[1111,11,7183,3477,13340,932,1777,674,1011,27,775,12,8061,25,640,24298,96,24297],"class_list":{"0":"post-121205","1":"post","2":"type-post","3":"status-publish","4":"format-standard","5":"has-post-thumbnail","7":"category-strasbourg","8":"tag-actu","9":"tag-actualites","10":"tag-catastrophe","11":"tag-cette","12":"tag-cyclable","13":"tag-est","14":"tag-eu","15":"tag-europe","16":"tag-fr","17":"tag-france","18":"tag-grand-est","19":"tag-news","20":"tag-piste","21":"tag-republique-francaise","22":"tag-strasbourg","23":"tag-u00e0","24":"tag-une","25":"tag-vu00e9ritable"},"share_on_mastodon":{"url":"https:\/\/pubeurope.com\/@fr\/114555483822532432","error":""},"_links":{"self":[{"href":"https:\/\/www.europesays.com\/fr\/wp-json\/wp\/v2\/posts\/121205","targetHints":{"allow":["GET"]}}],"collection":[{"href":"https:\/\/www.europesays.com\/fr\/wp-json\/wp\/v2\/posts"}],"about":[{"href":"https:\/\/www.europesays.com\/fr\/wp-json\/wp\/v2\/types\/post"}],"author":[{"embeddable":true,"href":"https:\/\/www.europesays.com\/fr\/wp-json\/wp\/v2\/users\/2"}],"replies":[{"embeddable":true,"href":"https:\/\/www.europesays.com\/fr\/wp-json\/wp\/v2\/comments?post=121205"}],"version-history":[{"count":0,"href":"https:\/\/www.europesays.com\/fr\/wp-json\/wp\/v2\/posts\/121205\/revisions"}],"wp:featuredmedia":[{"embeddable":true,"href":"https:\/\/www.europesays.com\/fr\/wp-json\/wp\/v2\/media\/121206"}],"wp:attachment":[{"href":"https:\/\/www.europesays.com\/fr\/wp-json\/wp\/v2\/media?parent=121205"}],"wp:term":[{"taxonomy":"category","embeddable":true,"href":"https:\/\/www.europesays.com\/fr\/wp-json\/wp\/v2\/categories?post=121205"},{"taxonomy":"post_tag","embeddable":true,"href":"https:\/\/www.europesays.com\/fr\/wp-json\/wp\/v2\/tags?post=121205"}],"curies":[{"name":"wp","href":"https:\/\/api.w.org\/{rel}","templated":true}]}}