{"id":121209,"date":"2025-05-23T05:26:11","date_gmt":"2025-05-23T05:26:11","guid":{"rendered":"https:\/\/www.europesays.com\/fr\/121209\/"},"modified":"2025-05-23T05:26:11","modified_gmt":"2025-05-23T05:26:11","slug":"formes-aux-etats-unis-ces-deux-jeunes-pilotes-des-alpes-maritimes-sont-aux-commandes-du-premier-vol-qui-relie-washington-a-laeroport-de-nice-cote-dazur-2","status":"publish","type":"post","link":"https:\/\/www.europesays.com\/fr\/121209\/","title":{"rendered":"Form\u00e9s aux \u00c9tats-Unis, ces deux jeunes pilotes des Alpes-Maritimes sont aux commandes du premier vol qui relie Washington \u00e0 l&rsquo;a\u00e9roport de Nice C\u00f4te d&rsquo;Azur"},"content":{"rendered":"<p>Si vous \u00eates vers <strong>l\u2019a\u00e9roport de Nice<\/strong> aujourd\u2019hui, et plut\u00f4t matinal, un peu avant 8 heures, il faudra lever la t\u00eate.<\/p>\n<p>Vous y verrez sans doute un Boeing 767-300 de la compagnie United Airlines en approche. <strong>Deux jeunes pilotes azur\u00e9ens, \u00c9douard Fromentin, 32 ans, et Dylan Maill\u00e9, 28 ans, seront aux commandes de cet oiseau pour ce tout premier vol inaugural entre l\u2019a\u00e9roport de Washington-Dulles et celui de Nice C\u00f4te d\u2019Azur.<\/strong><\/p>\n<p>\u00ab\u00a0On est vite devenus amis\u00a0\u00bb<\/p>\n<p>Pouvoir poser un jour un gros-porteur \u00e0 Nice, c\u2019est pour c<strong>es deux jeunes pilotes, n\u00e9s \u00e0 Antibes et Cannes, et ayant grandi ici avant de partir se former aux \u00c9tats-Unis<\/strong>, un r\u00eave qui devient r\u00e9alit\u00e9. \u00ab\u00a0Avec Dylan, nous nous sommes rencontr\u00e9s il y a deux ans au sein de la compagnie United Airlines pour laquelle on bosse, confie \u00c9douard. Bas\u00e9s tous les deux sur Washington, on s\u2019est rendu compte qu\u2019on avait sensiblement le m\u00eame parcours. J\u2019ai grandi \u00e0 Antibes, lui \u00e0 Auribeau-sur-Siagne, puis nous sommes partis tous les deux aux \u00c9tats-Unis faire nos \u00e9tudes pour devenir pilotes. Et tous les deux, nous sommes domicili\u00e9s \u00e0 Antibes, et nos maisons \u00e0 quelques m\u00e8tres l\u2019une de l\u2019autre! Cela nous a rapproch\u00e9s. On est vite devenu amis.\u00a0\u00bb<\/p>\n<p>Il y a quelques mois, \u00c9douard et Dylan apprennent que leur compagnie va ouvrir une ligne directe entre Washington et Nice. Leur c\u0153ur s\u2019emballe: \u00ab\u00a0Et si c\u2019\u00e9tait nous, ensemble, aux commandes de ce premier vol? T\u2019imagines?\u00a0\u00bb<\/p>\n<p>\u00ab\u00a0On s\u2019est bien vendus aupr\u00e8s de la compagnie!\u00a0\u00bb<\/p>\n<p>Sans trop y croire, les deux Azur\u00e9ens font une demande aupr\u00e8s de leur compagnie. \u00ab\u00a0On a tent\u00e9, en \u00e9tant conscients que ce serait compliqu\u00e9. Ce type de vol inaugural, qui plus est \u00e0 destination de la C\u00f4te d\u2019Azur, c\u2019est r\u00e9serv\u00e9 aux pilotes qui ont de l\u2019anciennet\u00e9, ce qui n\u2019est pas notre cas\u00a0\u00bb, ajoute Dylan.<\/p>\n<p>Il y a une dizaine de jours, alors qu\u2019ils sont tous les deux \u00ab\u00a0off\u00a0\u00bb, et chez eux \u00e0 Juan-les-Pins, ils apprennent dans la nuit qu\u2019ils sont inscrits en tant que pilotes sur ce vol inaugural \u2013 qui a quitt\u00e9 Washington-Dulles \u00e0 17h20 ce jeudi \u2013 pour atterrir \u00e0 l\u2019a\u00e9roport de Nice-C\u00f4te d\u2019Azur \u00e0 8 heures le lendemain, apr\u00e8s une travers\u00e9e de nuit. \u00ab\u00a0Notre profil et notre histoire les ont convaincus. Il faut dire qu\u2019on s\u2019est bien vendus! Quand on l\u2019a appris, on \u00e9tait excit\u00e9s comme deux gosses\u00a0\u00bb, livre \u00c9douard, qui a grandi du c\u00f4t\u00e9 de Juan-les-Pins en voyant les arriv\u00e9es des avions sur Nice qui passaient au-dessus de la maison familiale.<\/p>\n<p>\u00ab\u00a0Une immense fiert\u00e9\u00a0\u00bb<\/p>\n<p>Pour Dylan, \u00ab\u00a0ce vol entre Washington et Nice va relier deux morceaux de notre histoire commune. En arrivant sur Nice, on va longer Cannes, les \u00eeles de L\u00e9rins, Antibes, puis Nice. C\u2019est toute notre enfance \u00e0 \u201cEd\u00a0\u00bb et moi. Et puis ce sera la premi\u00e8re fois qu\u2019on va voler ensemble. Tous les voyants sont au vert pour en faire un moment fort de notre carri\u00e8re. On a h\u00e2te d\u2019y \u00eatre et de poser ce Boeing 767-300 de la United Airlines sur la piste ni\u00e7oise. Ce sera une immense fiert\u00e9 pour nous \u00bb.<\/p>\n<p>Si l\u2019\u00e9motion est grande, tous deux assurent pr\u00e9parer ce vol \u00ab\u00a0comme un vol classique\u00a0\u00bb.<\/p>\n<p>En termes de pilotage, ils ont h\u00e2te: \u00ab\u00a0Se poser sur la piste ni\u00e7oise, qui est tr\u00e8s manuelle, c\u2019est un bonheur pour tout pilote. Et vous ajoutez \u00e0 \u00e7a son cadre unique au monde\u00a0\u00bb, commente avec fiert\u00e9 \u00c9douard qui a d\u00e9j\u00e0 pratiqu\u00e9 une fois la piste ni\u00e7oise comme pilote r\u00e9serviste.<\/p>\n<p>Hier, au d\u00e9part de l\u2019a\u00e9roport de Washington, c\u2019est bien son ami et lui qui \u00e9taient seuls aux commandes. \u00c0 l\u2019arriv\u00e9e \u00e0 Nice, ce sera alors le moment de tout rel\u00e2cher. Et de partager joie et fiert\u00e9, peut-\u00eatre avec un peu de larmes, avec famille et amis qui seront pr\u00e9sents pour les f\u00e9liciter.<\/p>\n<p>\u00a0<\/p>\n","protected":false},"excerpt":{"rendered":"Si vous \u00eates vers l\u2019a\u00e9roport de Nice aujourd\u2019hui, et plut\u00f4t matinal, un peu avant 8 heures, il faudra&hellip;\n","protected":false},"author":2,"featured_media":121208,"comment_status":"","ping_status":"","sticky":false,"template":"","format":"standard","meta":{"footnotes":""},"categories":[2819],"tags":[1111,11,11130,1777,674,1011,27,12,2401,882,25,800],"class_list":{"0":"post-121209","1":"post","2":"type-post","3":"status-publish","4":"format-standard","5":"has-post-thumbnail","7":"category-nice","8":"tag-actu","9":"tag-actualites","10":"tag-belle-histoire","11":"tag-eu","12":"tag-europe","13":"tag-fr","14":"tag-france","15":"tag-news","16":"tag-nice","17":"tag-provence-alpes-cote-dazur","18":"tag-republique-francaise","19":"tag-transports"},"share_on_mastodon":{"url":"https:\/\/pubeurope.com\/@fr\/114555491682473491","error":""},"_links":{"self":[{"href":"https:\/\/www.europesays.com\/fr\/wp-json\/wp\/v2\/posts\/121209","targetHints":{"allow":["GET"]}}],"collection":[{"href":"https:\/\/www.europesays.com\/fr\/wp-json\/wp\/v2\/posts"}],"about":[{"href":"https:\/\/www.europesays.com\/fr\/wp-json\/wp\/v2\/types\/post"}],"author":[{"embeddable":true,"href":"https:\/\/www.europesays.com\/fr\/wp-json\/wp\/v2\/users\/2"}],"replies":[{"embeddable":true,"href":"https:\/\/www.europesays.com\/fr\/wp-json\/wp\/v2\/comments?post=121209"}],"version-history":[{"count":0,"href":"https:\/\/www.europesays.com\/fr\/wp-json\/wp\/v2\/posts\/121209\/revisions"}],"wp:featuredmedia":[{"embeddable":true,"href":"https:\/\/www.europesays.com\/fr\/wp-json\/wp\/v2\/media\/121208"}],"wp:attachment":[{"href":"https:\/\/www.europesays.com\/fr\/wp-json\/wp\/v2\/media?parent=121209"}],"wp:term":[{"taxonomy":"category","embeddable":true,"href":"https:\/\/www.europesays.com\/fr\/wp-json\/wp\/v2\/categories?post=121209"},{"taxonomy":"post_tag","embeddable":true,"href":"https:\/\/www.europesays.com\/fr\/wp-json\/wp\/v2\/tags?post=121209"}],"curies":[{"name":"wp","href":"https:\/\/api.w.org\/{rel}","templated":true}]}}