{"id":121210,"date":"2025-05-23T05:27:11","date_gmt":"2025-05-23T05:27:11","guid":{"rendered":"https:\/\/www.europesays.com\/fr\/121210\/"},"modified":"2025-05-23T05:27:11","modified_gmt":"2025-05-23T05:27:11","slug":"apres-les-crues-et-les-secheresses-les-pecheurs-soffrent-un-festival-national-a-nantes","status":"publish","type":"post","link":"https:\/\/www.europesays.com\/fr\/121210\/","title":{"rendered":"apr\u00e8s les crues et les s\u00e9cheresses, les p\u00eacheurs s\u2019offrent un festival national \u00e0 Nantes"},"content":{"rendered":"<p>La premi\u00e8re \u00e9dition d\u2019un rendez-vous national consacr\u00e9 \u00e0 la p\u00eache de loisir ouvre ses portes au public du 23 au 25 mai. L\u2019occasion, pour la fili\u00e8re, de souffler un peu apr\u00e8s de pr\u00e9c\u00e9dentes saisons marqu\u00e9es par des ph\u00e9nom\u00e8nes climatiques extr\u00eames.<\/p>\n<p class=\"fig-paragraph\">Les app\u00e2ts sont lanc\u00e9s\u00a0<a href=\"https:\/\/www.lefigaro.fr\/nantes\" target=\"_blank\" data-fig-type=\"Section\" rel=\"noopener\" data-gtm-custom-categorie=\"navigation\" data-gtm-custom-action=\"crossclick\" data-gtm-custom-label=\"Contextuel\" data-gtm-event=\"customEventSPE\" data-fig-domain=\"LEFIGARO\">\u00e0 Nantes<\/a>. La cit\u00e9 des ducs inaugure ce vendredi 23 mai, la premi\u00e8re \u00e9dition du festival national\u00a0<a href=\"https:\/\/www.lefigaro.fr\/tag\/peche\" target=\"_blank\" rel=\"noopener\" data-gtm-custom-categorie=\"navigation\" data-gtm-custom-action=\"crossclick\" data-gtm-custom-label=\"Contextuel\" data-gtm-event=\"customEventSPE\">de la p\u00eache<\/a>, dans l\u2019enceinte et aux abords du parc des expositions, au nord de l\u2019agglom\u00e9ration. Ouvert jusqu\u2019au 25 mai, l\u2019\u00e9v\u00e9nement, con\u00e7u pour les n\u00e9ophytes comme pour les plus chevronn\u00e9s, a mont\u00e9 un faisceau d\u2019animations, de stands et d\u2019\u00e9v\u00e9nements consacr\u00e9s au monde de la p\u00eache de loisir, r\u00e9partis sur un espace de 15.000 m2 ainsi que sur les bords de l\u2019Erdre. Il n\u2019en fallait pas moins pour c\u00e9l\u00e9brer une activit\u00e9 qui compte plus d\u20191,2 million de licenci\u00e9s en France. Soit la seconde activit\u00e9 nationale,\u00a0<a href=\"http:\/\/www.lefigaro.fr\/sports\/football\/foot-la-fff-devoile-les-chiffres-impressionnants-du-football-feminin-sur-le-nombre-de-licenciees-20240308\" target=\"_blank\" data-fig-type=\"NewsFlash\" rel=\"noopener\" data-gtm-custom-categorie=\"navigation\" data-gtm-custom-action=\"crossclick\" data-gtm-custom-label=\"Contextuel\" data-gtm-event=\"customEventSPE\" data-fig-domain=\"LEFIGARO\">apr\u00e8s le football<\/a>.<\/p>\n<p class=\"fig-paragraph\">Organis\u00e9 par le Groupement des industries et fabricants d\u2019articles de p\u00eache (GIFAP) et la soci\u00e9t\u00e9 Exponantes, le festival a invit\u00e9 quelque 150 exposants. Les acteurs de la fili\u00e8re entendent se remettre d\u2019aplomb, apr\u00e8s un \u00e9t\u00e9 2022 marqu\u00e9\u00a0<a href=\"http:\/\/www.lefigaro.fr\/sciences\/secheresse-les-photos-impressionnantes-des-cours-d-eau-francais-asseches-20220813\" target=\"_blank\" data-fig-type=\"NewsFlash\" rel=\"noopener\" data-gtm-custom-categorie=\"navigation\" data-gtm-custom-action=\"crossclick\" data-gtm-custom-label=\"Contextuel\" data-gtm-event=\"customEventSPE\" data-fig-domain=\"LEFIGARO\">par une s\u00e9cheresse historique<\/a>\u00a0et, plus r\u00e9cemment, une ann\u00e9e 2024\u00a0<a href=\"http:\/\/www.lefigaro.fr\/meteo\/meteo-l-hiver-2023-2024-affiche-un-excedent-de-pluie-de-10-en-moyenne-20240304\" target=\"_blank\" data-fig-type=\"NewsFlash\" rel=\"noopener\" data-gtm-custom-categorie=\"navigation\" data-gtm-custom-action=\"crossclick\" data-gtm-custom-label=\"Contextuel\" data-gtm-event=\"customEventSPE\" data-fig-domain=\"LEFIGARO\">travers\u00e9e d\u2019\u00e9pisodes pluvieux<\/a>\u00a0et\u00a0<a href=\"http:\/\/www.lefigaro.fr\/voyages\/une-crue-en-octobre-c-est-du-jamais-vu-comment-les-bateaux-mouches-s-adaptent-a-la-montee-de-la-seine-20241011\" target=\"_blank\" data-fig-type=\"Article\" rel=\"noopener\" data-gtm-custom-categorie=\"navigation\" data-gtm-custom-action=\"crossclick\" data-gtm-custom-label=\"Contextuel\" data-gtm-event=\"customEventSPE\" data-fig-domain=\"LEFIGARO\">de crues records<\/a>. Autant d\u2019al\u00e9as climatiques qui ont pes\u00e9 sur le secteur dont le poids \u00e9conomique \u00e9tait \u00e9valu\u00e9, en 2020, \u00e0 10 millions d\u2019euros en Loire-Atlantique, selon une \u00e9tude publi\u00e9e l\u2019ann\u00e9e suivante par la f\u00e9d\u00e9ration d\u00e9partementale pour la p\u00eache et la protection du milieu aquatique.<\/p>\n<p>Faire preuve de p\u00e9dagogie<\/p>\n<p class=\"fig-paragraph\">\u00abNous sommes \u00e0 la merci des \u00e9v\u00e9nements climatiques extr\u00eames qui d\u00e9r\u00e8glent les cours d\u2019eau et peuvent avoir des cons\u00e9quences d\u00e9vastatrices sur les poissons\u00bb, t\u00e9moigne Mathieu Becker, agent de d\u00e9veloppement au sein de la f\u00e9d\u00e9ration de p\u00eache de Loire-Atlantique. Le sp\u00e9cialiste se souvient en particulier de l\u2019\u00e9pisode de chaleur qui avait\u00a0<a href=\"https:\/\/video.lefigaro.fr\/figaro\/video\/secheresse-la-loire-si-basse-quelle-se-traverse-a-pied\/\" target=\"_blank\" data-fig-type=\"Video\" rel=\"noopener\" data-gtm-custom-categorie=\"navigation\" data-gtm-custom-action=\"crossclick\" data-gtm-custom-label=\"Contextuel\" data-gtm-event=\"customEventSPE\" data-fig-domain=\"VIDEO\">quasiment ass\u00e9ch\u00e9 certaines portions de la Loire, il y a trois ans<\/a>. \u00abSur les bassins les plus m\u00e9t\u00e9o-d\u00e9pendants, ceux du Gesvres et du Cens, cela a \u00e9t\u00e9 un massacre. On regardait les poissons mourir d\u2019anoxie, faute d\u2019oxyg\u00e8ne dans l\u2019eau. \u00c0 la fin de l\u2019\u00e9t\u00e9, la population de poissons a \u00e9t\u00e9 divis\u00e9e par vingt ou trente, sur ces cours d\u2019eau\u00bb, d\u00e9crit-il.<\/p>\n<p class=\"fig-body-link\">\n            \u00c0 lire aussi<br \/>\n        <a class=\"fig-body-link__link\" href=\"http:\/\/www.lefigaro.fr\/nantes\/nantes-a-78-ans-elle-n-arrive-pas-a-recuperer-son-logement-squatte-depuis-plus-de-18-mois-par-une-famille-precaire-20250521\" target=\"_blank\" data-fig-type=\"NewsFlash\" rel=\"noopener\" data-gtm-custom-categorie=\"navigation\" data-gtm-custom-action=\"crossclick\" data-gtm-custom-label=\"Contextuel\" data-gtm-event=\"customEventSPE\" data-fig-domain=\"LEFIGARO\">Nantes\u00a0: \u00e0 78 ans, elle n\u2019arrive pas \u00e0 r\u00e9cup\u00e9rer son logement squatt\u00e9 depuis plus de 18 mois par une famille \u00abpr\u00e9caire\u00bb<br \/>\n    <\/a>\n<\/p>\n<p class=\"fig-paragraph\">Depuis, les bassins de Loire-Atlantique ont pu se reconstituer gr\u00e2ce aux micro-migrations, comme celles du gardon. Les f\u00e9d\u00e9rations de p\u00eache restent cependant vigilantes face aux risques que l\u2019activit\u00e9 de loisir peut faire porter \u00e0 certains poissons, \u00e0 l\u2019instar du brochet, de la truite fario, de l\u2019alose ou encore de la lamproie. La p\u00eache professionnelle de ces derni\u00e8res est pass\u00e9e\u00a0<a href=\"http:\/\/www.lefigaro.fr\/nantes\/loire-atlantique-la-peche-a-la-lamproie-et-a-l-alose-preservee-20250226\" target=\"_blank\" data-fig-type=\"NewsFlash\" rel=\"noopener\" data-gtm-custom-categorie=\"navigation\" data-gtm-custom-action=\"crossclick\" data-gtm-custom-label=\"Contextuel\" data-gtm-event=\"customEventSPE\" data-fig-domain=\"LEFIGARO\">\u00e0 deux doigts d\u2019\u00eatre interdite dans le d\u00e9partement<\/a>, en d\u00e9but d\u2019ann\u00e9e, au terme d\u2019une proc\u00e9dure d\u2019urgence entam\u00e9e aupr\u00e8s du tribunal administratif de Nantes\u00a0<a href=\"http:\/\/www.lefigaro.fr\/nantes\/pecher-la-lamproie-pourrait-etre-bientot-interdit-le-long-de-la-loire-20250213\" target=\"_blank\" data-fig-type=\"NewsFlash\" rel=\"noopener\" data-gtm-custom-categorie=\"navigation\" data-gtm-custom-action=\"crossclick\" data-gtm-custom-label=\"Contextuel\" data-gtm-event=\"customEventSPE\" data-fig-domain=\"LEFIGARO\">par deux associations de d\u00e9fense de l\u2019environnement<\/a>.<\/p>\n<p class=\"fig-paragraph\">\u00abOn sent parfois le manque de connaissances des associations animalistes\u00bb, observe Mathieu Becker, en rappelant que les p\u00eacheurs de loisir pratiquent \u00e0 95% la graciation des poissons, c\u2019est-\u00e0-dire leur remise \u00e0 l\u2019eau. \u00abNous sensibilisons tout de m\u00eame \u00e0 la bonne manipulation des poissons, car ils peuvent \u00eatre victimes de stress thermique, selon les saisons\u00bb, ajoute-t-il. Plusieurs stands du festival devraient insister sur ce travail de p\u00e9dagogie, en faisant d\u00e9couvrir une pratique responsable de l\u2019activit\u00e9. \u00abCe rendez-vous festif et convivial a \u00e9t\u00e9 con\u00e7u pour tous les amoureux de la nature\u00bb, vante Virginie L\u00e9ger-Mathys, organisatrice de l\u2019\u00e9v\u00e9nement. De quoi redonner la p\u00eache, apr\u00e8s quelques saisons de blues.<\/p>\n","protected":false},"excerpt":{"rendered":"La premi\u00e8re \u00e9dition d\u2019un rendez-vous national consacr\u00e9 \u00e0 la p\u00eache de loisir ouvre ses portes au public du&hellip;\n","protected":false},"author":2,"featured_media":121211,"comment_status":"","ping_status":"","sticky":false,"template":"","format":"standard","meta":{"footnotes":""},"categories":[2818],"tags":[1111,11,1777,674,462,1011,27,2640,2642,766,2638,2643,2637,2639,2646,2645,2641,2635,2644,2647,12,2636,4838,25],"class_list":{"0":"post-121210","1":"post","2":"type-post","3":"status-publish","4":"format-standard","5":"has-post-thumbnail","7":"category-nantes","8":"tag-actu","9":"tag-actualites","10":"tag-eu","11":"tag-europe","12":"tag-fc-nantes","13":"tag-fr","14":"tag-france","15":"tag-hauts-paves-saint-felix","16":"tag-ile-de-nantes","17":"tag-nantes","18":"tag-nantes-bellevue-chantenay-sainte-anne","19":"tag-nantes-breil-barberie","20":"tag-nantes-centre-ville","21":"tag-nantes-dervallieres-zola","22":"tag-nantes-doulon-bottiere","23":"tag-nantes-erdre","24":"tag-nantes-malakoff-saint-donatien","25":"tag-nantes-metropole","26":"tag-nantes-nord","27":"tag-nantes-sud","28":"tag-news","29":"tag-pays-de-la-loire","30":"tag-peche","31":"tag-republique-francaise"},"share_on_mastodon":{"url":"https:\/\/pubeurope.com\/@fr\/114555495589132663","error":""},"_links":{"self":[{"href":"https:\/\/www.europesays.com\/fr\/wp-json\/wp\/v2\/posts\/121210","targetHints":{"allow":["GET"]}}],"collection":[{"href":"https:\/\/www.europesays.com\/fr\/wp-json\/wp\/v2\/posts"}],"about":[{"href":"https:\/\/www.europesays.com\/fr\/wp-json\/wp\/v2\/types\/post"}],"author":[{"embeddable":true,"href":"https:\/\/www.europesays.com\/fr\/wp-json\/wp\/v2\/users\/2"}],"replies":[{"embeddable":true,"href":"https:\/\/www.europesays.com\/fr\/wp-json\/wp\/v2\/comments?post=121210"}],"version-history":[{"count":0,"href":"https:\/\/www.europesays.com\/fr\/wp-json\/wp\/v2\/posts\/121210\/revisions"}],"wp:featuredmedia":[{"embeddable":true,"href":"https:\/\/www.europesays.com\/fr\/wp-json\/wp\/v2\/media\/121211"}],"wp:attachment":[{"href":"https:\/\/www.europesays.com\/fr\/wp-json\/wp\/v2\/media?parent=121210"}],"wp:term":[{"taxonomy":"category","embeddable":true,"href":"https:\/\/www.europesays.com\/fr\/wp-json\/wp\/v2\/categories?post=121210"},{"taxonomy":"post_tag","embeddable":true,"href":"https:\/\/www.europesays.com\/fr\/wp-json\/wp\/v2\/tags?post=121210"}],"curies":[{"name":"wp","href":"https:\/\/api.w.org\/{rel}","templated":true}]}}