{"id":121222,"date":"2025-05-23T05:33:16","date_gmt":"2025-05-23T05:33:16","guid":{"rendered":"https:\/\/www.europesays.com\/fr\/121222\/"},"modified":"2025-05-23T05:33:16","modified_gmt":"2025-05-23T05:33:16","slug":"village-parcours-transports-ce-quil-faut-savoir","status":"publish","type":"post","link":"https:\/\/www.europesays.com\/fr\/121222\/","title":{"rendered":"village, parcours, transports&#8230; Ce qu&rsquo;il faut savoir"},"content":{"rendered":"<p>            Par<br \/>\n        <strong><br \/>\n            <a href=\"https:\/\/actu.fr\/auteur\/margot-nicodeme\" title=\"Consulter tous les articles de Margot Nicod\u00e8me\" target=\"_blank\" rel=\"noopener\">Margot Nicod\u00e8me<\/a><br \/>\n        <\/strong><\/p>\n<p>        Publi\u00e9 le<\/p>\n<p>            23 mai 2025 \u00e0 6h32        <\/p>\n<p>Elle est de retour, toujours plus color\u00e9e, toujours plus festive. <b>L\u2019\u00e9dition 2025 de la Marche des Fiert\u00e9s<\/b>, ou <b>Pride de <a href=\"https:\/\/actu.fr\/hauts-de-france\/lille_59350\" target=\"_blank\" rel=\"noopener\">Lille<\/a><\/b> (Nord), se tiendra ce samedi 24 mai dans le centre-ville, comme les ann\u00e9es pr\u00e9c\u00e9dentes. Parcours des chars, agenda des festivit\u00e9s, r\u00e9organisation des transports en commun\u2026 Voici <b>tout ce qu\u2019il faut savoir <\/b>pour profiter de cet \u00e9v\u00e9nement hors-normes, auquel r\u00e9pondent syst\u00e9matiquement pr\u00e9sents des milliers de participants.<\/p>\n<p>Le village associatif place Fran\u00e7ois-Mitterrand<\/p>\n<p class=\" wall-content\">C\u2019est la <b>28e \u00e9dition<\/b> de la Marche des fiert\u00e9s, organis\u00e9e par le collectif Lille Pride, dans la Capitale des Flandres. La ligne conductrice sera le village associatif, sur la place Fran\u00e7ois-Mitterrand, entre les gares Lille-Flandres et Lille-Europe. Il sera en place de 10h \u00e0 19h samedi 24 mai.<\/p>\n<p class=\" wall-content\">Y seront pr\u00e9sents des stands d\u2019associations et de syndicats, une sc\u00e8ne avec des artistes, comme des DJ (concerts et shows d\u00e8s 11h), o\u00f9 se succ\u00e8deront des prises de parole, des commerces, de la restauration, une buvette et des toilettes avec acc\u00e8s PMR.<\/p>\n<p>Le parcours de la Pride de Lille<\/p>\n<p class=\" wall-content\"><b>Le grand d\u00e9part sera donn\u00e9 \u00e0 14h<\/b>, depuis le village place Fran\u00e7ois-Mitterrand (le retour se fera l\u00e0 \u00e9galement). Le cort\u00e8ge empruntera l\u2019avenue du Corbusier, puis les rues suivantes :<\/p>\n<ul class=\" wall-content\">\n<li>Place de la gare<\/li>\n<li>Rue Faidherbe<\/li>\n<li>Rue des Manneliers<\/li>\n<li>Place du G\u00e9n\u00e9ral de Gaulle<\/li>\n<li>Rue Nationale<\/li>\n<li>Rue de l\u2019H\u00f4pital militaire<\/li>\n<li>Rue de Tenremonde<\/li>\n<li>Avenue Foch<\/li>\n<li>Retour par la rue Nationale<\/li>\n<li>Place du G\u00e9n\u00e9ral de Gaulle<\/li>\n<li>Rue des Manneliers<\/li>\n<li>Rue Faidherbe<\/li>\n<li>Place de la gare<\/li>\n<li>Arriv\u00e9e avenue Le Corbusier<\/li>\n<\/ul>\n<p>Vid\u00e9os : en ce moment sur Actu<br \/>\n    <img   decoding=\"async\" loading=\"lazy\" class=\"size-large\" src=\"https:\/\/www.europesays.com\/fr\/wp-content\/uploads\/2025\/05\/cb1f65542f286af1f65542f28932f6v-960x640.jpg\" alt=\"Voici le parcours de la Marche des Fiert\u00e9s \u00e0 travers Lille (Nord), ce samedi 24 mai \u00e0 compter de 14h.\" width=\"960\" height=\"640\"\/><br \/>\n    Voici le parcours de la Marche des Fiert\u00e9s \u00e0 travers Lille (Nord), ce samedi 24 mai \u00e0 compter de 14h. \u00a9Collectif Lille PrideLa soir\u00e9e officielle et les autres<\/p>\n<p class=\" wall-content\">Elle se tiendra, comme l\u2019an pass\u00e9, \u00e0 Garage (34, boulevard Carnot \u00e0 Lille) de 23h \u00e0 6h, dimanche matin. Deux salles pour deux ambiances : \u00e9lectro room et pop dance room. Le \u00ab\u00a0before\u00a0\u00bb se tiendra au Privil\u00e8ge, rue Royale. Dimanche, \u00e0 17h, un drag show est pr\u00e9vu dans ce m\u00eame bar (d\u00e9but du spectacle \u00e0 19h).\u00a0<\/p>\n<p class=\" wall-content\">Enfin, l&rsquo;\u00a0\u00bbafter\u00a0\u00bb de la Pride se tiendra de 17h \u00e0 1h dimanche 25 mai \u00e0 la D\u00e9cadente (74, rue Jacquemars Gi\u00e9l\u00e9e \u00e0 Lille). Plusieurs<b> clubs \u00ab\u00a0friendly\u00a0\u00bb<\/b> accueillent les f\u00eatards avant, pendant, et apr\u00e8s les festivit\u00e9s : <a href=\"https:\/\/actu.fr\/hauts-de-france\/lille_59350\/nouvelle-discotheque-a-lille-vous-pourrez-bientot-danser-au-slay-club_62185473.html\" target=\"_blank\" rel=\"noopener\">Slay Club<\/a> (9, rue Maracci), le Silom Bar (138, rue Nationale) et le Flower Power (153, rue Nationale).<\/p>\n<p>Les transports en commun s\u2019adaptent<\/p>\n<p class=\" wall-content\">Il\u00e9via annonce le <b>renforcement de ses deux lignes de m\u00e9tro<\/b> en journ\u00e9e et en soir\u00e9e, samedi (pour simplifier le trajet des fans de <a href=\"https:\/\/actu.fr\/hauts-de-france\/lille_59350\/bruce-springsteen-a-lille-dernieres-places-disponibles-pour-le-concert-hors-normes-du-boss_62246958.html\" target=\"_blank\" rel=\"noopener\">Bruce Springsteen<\/a> en parall\u00e8le). Le dernier d\u00e9part pour la ligne 1 et la ligne 2 se fera \u00e0 1h30 depuis la gare Lille-Flandres, dans toutes les directions. Un dispositif d\u2019agents de s\u00e9curit\u00e9, en plus des agents Il\u00e9via, sera d\u00e9ploy\u00e9 sur le r\u00e9seau.<\/p>\n<p class=\" wall-content\">\u00c0 noter que pour<b> le tramway<\/b>, en raison de la pr\u00e9sence du village et du d\u00e9fil\u00e9, l\u2019arr\u00eat de la gare Lille-Europe ne sera pas accessible le samedi 24 mai, de 10h \u00e0 20h environ. Il faudra se reporter \u00e0 l\u2019arr\u00eat de la gare Lille-Flandres, situ\u00e9 \u00e0 500 m\u00e8tres (7 minutes \u00e0 pied).<\/p>\n<p class=\" wall-content\">\n<p>Toutes les infos, tr\u00e8s compl\u00e8tes, sur la Marche des fiert\u00e9s 2025 \u00e0 Lille sont \u00e0 retrouver <a href=\"https:\/\/lille-pride.fr\/guide\/\" target=\"_blank\" rel=\"noopener\">dans le guide officiel<\/a>.<\/p>\n<p class=\" wall-content\">Suivez toute l\u2019actualit\u00e9 de vos villes et m\u00e9dias favoris en vous inscrivant \u00e0 <a href=\"https:\/\/moncompte.actu.fr\" title=\"D\u00e9couvez Mon Actu\" rel=\"nofollow noopener\" data-trk=\"{&quot;cta&quot;:{&quot;action&quot;:&quot;https:\\\/\\\/moncompte.actu.fr&quot;,&quot;category&quot;:&quot;mon compte&quot;,&quot;from&quot;:&quot;article footer&quot;,&quot;name&quot;:&quot;Mon actu&quot;,&quot;type&quot;:&quot;cta&quot;}}\" target=\"_blank\">Mon Actu<\/a>.<\/p>\n","protected":false},"excerpt":{"rendered":"Par Margot Nicod\u00e8me Publi\u00e9 le 23 mai 2025 \u00e0 6h32 Elle est de retour, toujours plus color\u00e9e, toujours&hellip;\n","protected":false},"author":2,"featured_media":121223,"comment_status":"","ping_status":"","sticky":false,"template":"","format":"standard","meta":{"footnotes":""},"categories":[2815],"tags":[1111,11,1777,674,1011,27,811,9087,1307,1652,12,25],"class_list":{"0":"post-121222","1":"post","2":"type-post","3":"status-publish","4":"format-standard","5":"has-post-thumbnail","7":"category-lille","8":"tag-actu","9":"tag-actualites","10":"tag-eu","11":"tag-europe","12":"tag-fr","13":"tag-france","14":"tag-hauts-de-france","15":"tag-lgbt","16":"tag-lille","17":"tag-loisirs-culture","18":"tag-news","19":"tag-republique-francaise"},"share_on_mastodon":{"url":"https:\/\/pubeurope.com\/@fr\/114555519233228231","error":""},"_links":{"self":[{"href":"https:\/\/www.europesays.com\/fr\/wp-json\/wp\/v2\/posts\/121222","targetHints":{"allow":["GET"]}}],"collection":[{"href":"https:\/\/www.europesays.com\/fr\/wp-json\/wp\/v2\/posts"}],"about":[{"href":"https:\/\/www.europesays.com\/fr\/wp-json\/wp\/v2\/types\/post"}],"author":[{"embeddable":true,"href":"https:\/\/www.europesays.com\/fr\/wp-json\/wp\/v2\/users\/2"}],"replies":[{"embeddable":true,"href":"https:\/\/www.europesays.com\/fr\/wp-json\/wp\/v2\/comments?post=121222"}],"version-history":[{"count":0,"href":"https:\/\/www.europesays.com\/fr\/wp-json\/wp\/v2\/posts\/121222\/revisions"}],"wp:featuredmedia":[{"embeddable":true,"href":"https:\/\/www.europesays.com\/fr\/wp-json\/wp\/v2\/media\/121223"}],"wp:attachment":[{"href":"https:\/\/www.europesays.com\/fr\/wp-json\/wp\/v2\/media?parent=121222"}],"wp:term":[{"taxonomy":"category","embeddable":true,"href":"https:\/\/www.europesays.com\/fr\/wp-json\/wp\/v2\/categories?post=121222"},{"taxonomy":"post_tag","embeddable":true,"href":"https:\/\/www.europesays.com\/fr\/wp-json\/wp\/v2\/tags?post=121222"}],"curies":[{"name":"wp","href":"https:\/\/api.w.org\/{rel}","templated":true}]}}