{"id":121226,"date":"2025-05-23T05:35:09","date_gmt":"2025-05-23T05:35:09","guid":{"rendered":"https:\/\/www.europesays.com\/fr\/121226\/"},"modified":"2025-05-23T05:35:09","modified_gmt":"2025-05-23T05:35:09","slug":"au-ici-jazz-fest-a-marseille-on-en-prend-plein-les-oreilles","status":"publish","type":"post","link":"https:\/\/www.europesays.com\/fr\/121226\/","title":{"rendered":"Au Ici Jazz Fest \u00e0 Marseille, on en prend plein les oreilles"},"content":{"rendered":"<p>Le Ici Jazz Fest, c\u2019est le festival capsule &#8211; comprenez le mini-festival gratuit -, imagin\u00e9 pour les 25 ans du Marseille Jazz des cinq continents, qui a d\u00e9but\u00e9 ce jeudi 22 mai, et qui se tient jusqu\u2019\u00e0 dimanche dans une vingtaine de lieux de la ville. \u00ab\u00a0On est sorti de cette id\u00e9e que le jazz est une musique de riches et de connaisseurs. Elle s\u2019adresse \u00e0 tout le monde\u00a0\u00bb, rappelait, dans nos colonnes,<a href=\"https:\/\/www.laprovence.com\/article\/culture-loisirs\/8013539972606214\/ici-jazz-fest-25-concerts-gratuits-dans-25-lieux-pour-les-25-ans-du-marseille-jazz-des-cinq-continents\" target=\"_blank\" rel=\"noopener\"> le directeur du festival Hughes Kieffer<\/a>. L\u2019occasion d\u2019une premi\u00e8re balade musicale foisonnante dans le respect de la culture m\u00e9diterran\u00e9enne ouverte \u00e0 tous les m\u00e9tissages, avec des artistes locaux, professionnels ou non, qui en appellera \u00e0 l\u2019avenir sans doute d\u2019autres.<\/p>\n<p>Chim\u00e8re, Tiffany and The Nightbirds pour d\u00e9buter<\/p>\n<p>Les amateurs de jazz qui ont l\u2019embarras du choix parmi les vingt-cinq propositions durant quatre jours, pouvaient opter sans risque, ce jeudi 22 mai \u00e0 midi, pour un concert d\u2019ouverture sur le parvis de l\u2019Op\u00e9ra (1er). \u00ab\u00a0O\u00f9 sont les femmes\u00a0?\u00a0\u00bb, demande-t-on parfois dans le milieu assez ferm\u00e9 du jazz. Au Ici Jazz Fest, c\u2019est certain, les femmes occupent une place de choix. On attaquait d\u2019entr\u00e9e, malgr\u00e9 le temps frisquet, avec le groupe marseillais Chim\u00e8re conduit par la charmante chanteuse Coline Fourment, toute de noir v\u00eatue, qui impressionnait le public avec ses m\u00e9lodies, son univers et sa voix. Le quartet qui combine aussi une trompette (Quentin Tillie), un piano (Maryline Ferrero) et une contrebasse (Willy Quiko) a d\u00e9j\u00e0 \u00e9t\u00e9 entendu \u00e0 plusieurs reprises du c\u00f4t\u00e9 de Marseille, puisque tous sont originaires du sud de la France.<\/p>\n<p>Autre salle, autre ambiance toujours jeudi, en soir\u00e9e, au 6e \u00e9tage de Grand Central (1er, par ailleurs si\u00e8ge de la r\u00e9daction marseillaise de La Provence) o\u00f9 \u00e9tait organis\u00e9 pour la premi\u00e8re fois un concert, avec Tiffany Muzellec, accompagn\u00e9e de The Nightbirds. Qui se cache derri\u00e8re ce nom ? La vocaliste bretonne Tiffany Muzellec, le guitariste Simon Pace, le contrebassiste Nghia Duong et le batteur L\u00e9o Achard. La jeune femme reconna\u00eet sur sc\u00e8ne sa fascination \u00ab\u00a0pour les douces m\u00e9lodies envo\u00fbtantes. J\u2019aime le son des albums avec orchestres\u00a0\u00bb. Celle qui voulait \u00eatre \u00ab\u00a0ing\u00e9nieure du son\u00a0\u00bb a suivi des cours au conservatoire de Marseille. Sur sc\u00e8ne, ce sont une flop\u00e9e de r\u00e9arrangements de morceaux \u00ab\u00a0m\u00e9connus\u00a0\u00bb. Un moment de gr\u00e2ce o\u00f9 po\u00e9sie et rythme se m\u00ealaient d\u00e9licatement devant plus de deux cents personnes. Apr\u00e8s avoir revisit\u00e9 quelques titres de Nancy Wilson et Oscar Brown, la chanteuse a poursuivi avec d\u2019autres standards dont ceux de Nat King Cole.<\/p>\n<p>Frac Sud, CNTL<br \/>et Estaque gare<\/p>\n<p>Le Ici Jazz Festival se poursuit encore trois jours et promet de ravir les oreilles de ses visiteurs avec une programmation o\u00f9 devrait se distinguer ce vendredi 23\u00a0mai le jazz nomade du Trio LROM au Frac Sud (2e) \u00e0 18\u00a0h\u00a030. Leur musique est n\u00e9e dans les cordes du oud, l\u2019un des plus vieux instruments qui existent. Heureuse surprise pour les m\u00e9lomanes qui pourront \u00e9couter le bal swing du Coco Swing House Band. C\u2019est \u00e0 la Maison Yellow (2e) ce samedi 24\u00a0mai \u00e0 17\u00a0heures. Dans le m\u00eame temps, \u00e0 17 h 30, il sera possible d\u2019\u00e9couter le gospel de Soul Addict Singers au jardin Guy Aza\u00efs (10e). Comme les dimanches sont des jours heureux, pourquoi ne pas cl\u00f4turer ce festival en d\u00e9couvrant le jazz d\u2019Amadis Quartet qui passe du swing au bop \u00e0 17 h au CNTL quai Marcel-Pagnol (7e) et le jazz carib\u00e9en de\u00a0Boogie Lionne apr\u00e8s une promenade sur le littoral, \u00e0 l\u2019Harmonie de l\u2019Estaque gare (16e) \u00e0 19\u00a0heures ?<\/p>\n<p>Programmation compl\u00e8te sur icijazzfestival.com. Gratuit.<\/p>\n","protected":false},"excerpt":{"rendered":"Le Ici Jazz Fest, c\u2019est le festival capsule &#8211; comprenez le mini-festival gratuit -, imagin\u00e9 pour les 25&hellip;\n","protected":false},"author":2,"featured_media":121227,"comment_status":"","ping_status":"","sticky":false,"template":"","format":"standard","meta":{"footnotes":""},"categories":[2814],"tags":[17,1111,11,1777,674,21,12853,3337,1011,27,9103,6910,12333,884,12,882,25,24299,4824],"class_list":{"0":"post-121226","1":"post","2":"type-post","3":"status-publish","4":"format-standard","5":"has-post-thumbnail","7":"category-marseille","8":"tag-17","9":"tag-actu","10":"tag-actualites","11":"tag-eu","12":"tag-europe","13":"tag-fait","14":"tag-fest","15":"tag-festivals","16":"tag-fr","17":"tag-france","18":"tag-ici","19":"tag-jazz","20":"tag-jusqua","21":"tag-marseille","22":"tag-news","23":"tag-provence-alpes-cote-dazur","24":"tag-republique-francaise","25":"tag-swinguer","26":"tag-ville"},"share_on_mastodon":{"url":"https:\/\/pubeurope.com\/@fr\/114555527129417762","error":""},"_links":{"self":[{"href":"https:\/\/www.europesays.com\/fr\/wp-json\/wp\/v2\/posts\/121226","targetHints":{"allow":["GET"]}}],"collection":[{"href":"https:\/\/www.europesays.com\/fr\/wp-json\/wp\/v2\/posts"}],"about":[{"href":"https:\/\/www.europesays.com\/fr\/wp-json\/wp\/v2\/types\/post"}],"author":[{"embeddable":true,"href":"https:\/\/www.europesays.com\/fr\/wp-json\/wp\/v2\/users\/2"}],"replies":[{"embeddable":true,"href":"https:\/\/www.europesays.com\/fr\/wp-json\/wp\/v2\/comments?post=121226"}],"version-history":[{"count":0,"href":"https:\/\/www.europesays.com\/fr\/wp-json\/wp\/v2\/posts\/121226\/revisions"}],"wp:featuredmedia":[{"embeddable":true,"href":"https:\/\/www.europesays.com\/fr\/wp-json\/wp\/v2\/media\/121227"}],"wp:attachment":[{"href":"https:\/\/www.europesays.com\/fr\/wp-json\/wp\/v2\/media?parent=121226"}],"wp:term":[{"taxonomy":"category","embeddable":true,"href":"https:\/\/www.europesays.com\/fr\/wp-json\/wp\/v2\/categories?post=121226"},{"taxonomy":"post_tag","embeddable":true,"href":"https:\/\/www.europesays.com\/fr\/wp-json\/wp\/v2\/tags?post=121226"}],"curies":[{"name":"wp","href":"https:\/\/api.w.org\/{rel}","templated":true}]}}