{"id":121228,"date":"2025-05-23T05:36:07","date_gmt":"2025-05-23T05:36:07","guid":{"rendered":"https:\/\/www.europesays.com\/fr\/121228\/"},"modified":"2025-05-23T05:36:07","modified_gmt":"2025-05-23T05:36:07","slug":"acces-securite-vente-de-billets-les-conseils-des-autorites","status":"publish","type":"post","link":"https:\/\/www.europesays.com\/fr\/121228\/","title":{"rendered":"acc\u00e8s, s\u00e9curit\u00e9, vente de billets, les conseils des autorit\u00e9s"},"content":{"rendered":"<p>            Par<br \/>\n        <strong><br \/>\n            <a href=\"https:\/\/actu.fr\/auteur\/fabien-binacchi\" title=\"Consulter tous les articles de Fabien Binacchi\" rel=\"nofollow noopener\" target=\"_blank\">Fabien Binacchi<\/a><br \/>\n        <\/strong><\/p>\n<p>        Publi\u00e9 le<\/p>\n<p>            23 mai 2025 \u00e0 7h24        <\/p>\n<p>Le dispositif de s\u00e9curit\u00e9 mis en place est \u00e0 la hauteur de l\u2019excitation des fans du chanteur. Ces vendredi\u00a023 et samedi 24\u00a0mai 2025, <a href=\"https:\/\/actu.fr\/tag\/jul\" rel=\"nofollow noopener\" target=\"_blank\">Jul<\/a> donne deux concerts tr\u00e8s attendus au <a href=\"https:\/\/actu.fr\/tag\/velodrome\" rel=\"nofollow noopener\" target=\"_blank\">stade V\u00e9lodrome<\/a> de <a href=\"https:\/\/actu.fr\/marseille\/\" rel=\"nofollow noopener\" target=\"_blank\">Marseille<\/a>, avec <strong>plus de 120000 spectateurs en deux jours.<\/strong><\/p>\n<p class=\" wall-content\">Acc\u00e8s, s\u00e9curit\u00e9, vente de billets\u2026 la pr\u00e9fecture de police des <a href=\"https:\/\/actu.fr\/provence-alpes-cote-d-azur\/bouches-du-rhone_13\" rel=\"nofollow noopener\" target=\"_blank\">Bouches-du-Rh\u00f4ne<\/a> a pr\u00e9par\u00e9 <strong>une liste de \u00ab\u2009conseils\u2009\u00bb \u00e0 leur attention.<\/strong><\/p>\n<p>Ouverture des portes \u00e0 18h<\/p>\n<p class=\" wall-content\">Pour encadrer les fans en transe et les longues files d\u2019attente dans le secteur du V\u00e9lodrome ces 23 et 24 mai, \u00e0 l\u2019occasion des concerts de Jul, <strong>\u00ab\u2009un dispositif de police et de secours<\/strong> sp\u00e9cifique sera d\u00e9ploy\u00e9 progressivement\u2009\u00bb <strong>d\u00e8s 10h,<\/strong> pr\u00e9vient la pr\u00e9fecture.<\/p>\n<p class=\" wall-content\">Elle appelle les spectateurs \u00e0 respecter certaines consignes. Et notamment \u00e0 <strong>\u00ab\u2009anticiper\u2009\u00bb leur arriv\u00e9e,<\/strong> \u00ab\u2009en privil\u00e9giant une pr\u00e9sence sur place d\u00e8s 18\u2009h, horaire d\u2019ouverture des portes\u2009\u00bb. <a href=\"https:\/\/actu.fr\/provence-alpes-cote-d-azur\/marseille_13055\/circulation-a-marseille-concert-de-jul-mobilisation-des-taxis-un-vendredi-noir-en-vue_62677239.html\" rel=\"nofollow noopener\" target=\"_blank\">La circulation promet d\u2019\u00eatre compliqu\u00e9e<\/a> avec l\u2019affluence attendue, notamment ce vendredi, marqu\u00e9 \u00e9galement par une nouvelle mobilisation des taxis dans le secteur.<\/p>\n<p class=\" wall-content\">Pour fluidifier les entr\u00e9es au V\u00e9lodrome, o\u00f9 des op\u00e9rations de fouilles et palpations sont pr\u00e9vues, les autorit\u00e9s exhortent \u00e9galement le public \u00e0 \u00ab\u2009se rendre au concert <strong>avec le moins d\u2019effets personnels possible<\/strong>\u2009\u00bb. Une liste des objets interdits est disponible <a href=\"https:\/\/www.orangevelodrome.com\/quels-sont-les-objets-interdits-dans-le-stade-faq7.html\" rel=\"nofollow noopener\" target=\"_blank\">ici<\/a>.<\/p>\n<p>Vid\u00e9os : en ce moment sur ActuGare \u00e0 la vente \u00e0 la sauvette<\/p>\n<p class=\" wall-content\">Et si vous comptiez encore acheter votre s\u00e9same sur place, m\u00e9fiance\u2009! Les deux concerts sont d\u00e9j\u00e0 complets. <a href=\"https:\/\/actu.fr\/provence-alpes-cote-d-azur\/marseille_13055\/le-concert-de-jul-complet-en-moins-d-une-heure-les-fans-frustes-j-aurai-essaye_62465703.html\" rel=\"nofollow noopener\" target=\"_blank\">Les places sont toutes parties en quelques instants<\/a> \u00e0 leur mise en vente. \u00ab\u2009Il n\u2019y aura donc pas de billetterie au stade\u2009\u00bb et gare \u00e0 la vente \u00e0 la sauvette\u2009: <strong>\u00ab\u2009le risque de faux billets est important\u2009\u00bb<\/strong>, mettent en garde les autorit\u00e9s.<\/p>\n<blockquote class=\"ac-article-quote wall-content\">\n<p>Trois phases de v\u00e9rifications de billets sont pr\u00e9vues par l&rsquo;organisateur pour entrer dans l&rsquo;enceinte du stade. Les personnes d\u00e9tentrices de ce type de places seront d\u00e9tect\u00e9es d\u00e8s le pr\u00e9filtrage et ne pourront pas acc\u00e9der au p\u00e9rim\u00e8tre autour du stade.<\/p>\n<p>    <strong>Pr\u00e9fecture de police des Bouches-du-Rh\u00f4ne<\/strong>\n            <\/p><\/blockquote>\n<p class=\" wall-content\">En plus des policiers et des CRS en tenue pr\u00e9sents aux abords du stade pour \u00ab\u2009intervenir en cas de trouble \u00e0 l\u2019ordre public\u2009\u00bb, des agents en civil seront \u00e9galement l\u00e0 <strong>pour emp\u00eacher ces escroqueries,<\/strong> pr\u00e9viennent encore les services de l\u2019\u00c9tat.<\/p>\n<p class=\" wall-content\">Suivez toute l\u2019actualit\u00e9 de vos villes et m\u00e9dias favoris en vous inscrivant \u00e0 <a href=\"https:\/\/moncompte.actu.fr\" title=\"D\u00e9couvez Mon Actu\" rel=\"nofollow noopener\" data-trk=\"{&quot;cta&quot;:{&quot;action&quot;:&quot;https:\\\/\\\/moncompte.actu.fr&quot;,&quot;category&quot;:&quot;mon compte&quot;,&quot;from&quot;:&quot;article footer&quot;,&quot;name&quot;:&quot;Mon actu&quot;,&quot;type&quot;:&quot;cta&quot;}}\" target=\"_blank\">Mon Actu<\/a>.<\/p>\n","protected":false},"excerpt":{"rendered":"Par Fabien Binacchi Publi\u00e9 le 23 mai 2025 \u00e0 7h24 Le dispositif de s\u00e9curit\u00e9 mis en place est&hellip;\n","protected":false},"author":2,"featured_media":121229,"comment_status":"","ping_status":"","sticky":false,"template":"","format":"standard","meta":{"footnotes":""},"categories":[2814],"tags":[1111,11,1697,1777,674,1011,27,1279,884,12,1072,882,25,104],"class_list":{"0":"post-121228","1":"post","2":"type-post","3":"status-publish","4":"format-standard","5":"has-post-thumbnail","7":"category-marseille","8":"tag-actu","9":"tag-actualites","10":"tag-concert","11":"tag-eu","12":"tag-europe","13":"tag-fr","14":"tag-france","15":"tag-jul","16":"tag-marseille","17":"tag-news","18":"tag-police","19":"tag-provence-alpes-cote-dazur","20":"tag-republique-francaise","21":"tag-societe"},"share_on_mastodon":{"url":"https:\/\/pubeurope.com\/@fr\/114555531844686880","error":""},"_links":{"self":[{"href":"https:\/\/www.europesays.com\/fr\/wp-json\/wp\/v2\/posts\/121228","targetHints":{"allow":["GET"]}}],"collection":[{"href":"https:\/\/www.europesays.com\/fr\/wp-json\/wp\/v2\/posts"}],"about":[{"href":"https:\/\/www.europesays.com\/fr\/wp-json\/wp\/v2\/types\/post"}],"author":[{"embeddable":true,"href":"https:\/\/www.europesays.com\/fr\/wp-json\/wp\/v2\/users\/2"}],"replies":[{"embeddable":true,"href":"https:\/\/www.europesays.com\/fr\/wp-json\/wp\/v2\/comments?post=121228"}],"version-history":[{"count":0,"href":"https:\/\/www.europesays.com\/fr\/wp-json\/wp\/v2\/posts\/121228\/revisions"}],"wp:featuredmedia":[{"embeddable":true,"href":"https:\/\/www.europesays.com\/fr\/wp-json\/wp\/v2\/media\/121229"}],"wp:attachment":[{"href":"https:\/\/www.europesays.com\/fr\/wp-json\/wp\/v2\/media?parent=121228"}],"wp:term":[{"taxonomy":"category","embeddable":true,"href":"https:\/\/www.europesays.com\/fr\/wp-json\/wp\/v2\/categories?post=121228"},{"taxonomy":"post_tag","embeddable":true,"href":"https:\/\/www.europesays.com\/fr\/wp-json\/wp\/v2\/tags?post=121228"}],"curies":[{"name":"wp","href":"https:\/\/api.w.org\/{rel}","templated":true}]}}