{"id":121247,"date":"2025-05-23T05:48:09","date_gmt":"2025-05-23T05:48:09","guid":{"rendered":"https:\/\/www.europesays.com\/fr\/121247\/"},"modified":"2025-05-23T05:48:09","modified_gmt":"2025-05-23T05:48:09","slug":"le-royaume-uni-envisage-de-generaliser-la-castration-chimique-pour-certains-delinquants-sexuels","status":"publish","type":"post","link":"https:\/\/www.europesays.com\/fr\/121247\/","title":{"rendered":"Le Royaume-Uni envisage de g\u00e9n\u00e9raliser la castration chimique pour certains d\u00e9linquants sexuels"},"content":{"rendered":"<p>La ministre de la Justice Shabana Mahmood a annonc\u00e9 jeudi qu\u2019elle envisageait de rendre obligatoire la castration chimique pour certains <a href=\"https:\/\/www.20minutes.fr\/dossier\/violences_sexuelles\" target=\"_blank\" class=\"color-ultramarine c-link\" rel=\"noopener\">d\u00e9linquants sexuels<\/a> au <a href=\"https:\/\/www.20minutes.fr\/monde\/royaume-uni\/\" target=\"_blank\" class=\"color-ultramarine c-link\" rel=\"noopener\">Royaume-Uni<\/a>. Une mesure choc qui vise \u00e0 r\u00e9duire les risques de r\u00e9cidive tout en d\u00e9sengorgeant un <a href=\"https:\/\/www.20minutes.fr\/dossier\/prison\" target=\"_blank\" class=\"color-ultramarine c-link\" rel=\"noopener\">syst\u00e8me carc\u00e9ral<\/a> au bord de la saturation.<\/p>\n<p>\u00ab\u00a0J\u2019examine la possibilit\u00e9 de rendre ce dispositif obligatoire\u00a0\u00bb, a-t-elle d\u00e9clar\u00e9 devant les d\u00e9put\u00e9s, pr\u00e9cisant qu\u2019un d\u00e9ploiement national d\u00e9butera dans deux r\u00e9gions et concernera 20 prisons. Actuellement propos\u00e9 sur une base volontaire depuis\u00a02022 dans le sud-ouest de l\u2019Angleterre, ce traitement \u00e0 base d\u2019inhibiteurs de libido s\u2019inscrit dans un projet pilote d\u00e9j\u00e0 en cours.<\/p>\n<p>Les traitements psychologiques restent essentiels<\/p>\n<p>Cette initiative s\u2019appuie sur un rapport ind\u00e9pendant sur la d\u00e9termination des peines, publi\u00e9 jeudi, qui anticipe un d\u00e9ficit de 9.500 places de prison d\u2019ici\u00a02028. Le document recommande de poursuivre l\u2019exp\u00e9rimentation du <a href=\"https:\/\/www.20minutes.fr\/dossier\/traitement\" target=\"_blank\" class=\"color-ultramarine c-link\" rel=\"noopener\">traitement m\u00e9dicamenteux<\/a> pour les d\u00e9linquants pr\u00e9sentant des troubles du d\u00e9sir sexuel.<\/p>\n<\/p>\n<p>La ministre a n\u00e9anmoins rappel\u00e9 que \u00ab\u00a0les traitements psychologiques restent essentiels, notamment pour les auteurs pouss\u00e9s par un besoin de pouvoir ou de domination plut\u00f4t que par un d\u00e9sir sexuel\u00a0\u00bb. Le porte-parole du Premier ministre <a href=\"https:\/\/www.20minutes.fr\/monde\/keir-starmer\/\" target=\"_blank\" class=\"color-ultramarine c-link\" rel=\"noopener\">Keir Starmer<\/a> a \u00e9galement d\u00e9fendu la mesure\u00a0: \u00ab\u00a0Les preuves scientifiques sont claires sur le fait que les traitements chimiques peuvent \u00eatre efficaces pour traiter les d\u00e9linquants dangereux\u00a0\u00bb.<\/p>\n<p>\u00ab\u00a0Des consid\u00e9rations \u00e9thiques\u00a0\u00bb<\/p>\n<p>Si la castration chimique est d\u00e9j\u00e0 utilis\u00e9e dans plusieurs pays, dont la <a href=\"https:\/\/www.20minutes.fr\/dossier\/pologne\" target=\"_blank\" class=\"color-ultramarine c-link\" rel=\"noopener\">Pologne<\/a>, l\u2019Allemagne, la <a href=\"https:\/\/www.20minutes.fr\/dossier\/coree_du_sud\" target=\"_blank\" class=\"color-ultramarine c-link\" rel=\"noopener\">Cor\u00e9e du Sud<\/a> ou certains Etats am\u00e9ricains, son caract\u00e8re obligatoire suscite de vives inqui\u00e9tudes au Royaume-Uni. \u00ab\u00a0Il y a des consid\u00e9rations \u00e9thiques \u00e9videntes\u00a0\u00bb, alerte Pia Sinha, directrice de l\u2019<a href=\"https:\/\/www.20minutes.fr\/dossier\/ong\" target=\"_blank\" class=\"color-ultramarine c-link\" rel=\"noopener\">ONG<\/a> Prison Reform Trust. L\u2019avocat p\u00e9naliste Marcus Johnstone estime de son c\u00f4t\u00e9 que \u00ab\u00a0cela ne r\u00e9glera rien sur le long terme\u00a0\u00bb en l\u2019absence de financement suffisant pour l\u2019accompagnement psychologique.<\/p>\n<p><a href=\"https:\/\/www.20minutes.fr\/monde\/royaume-uni\/\" target=\"_blank\" class=\"c-link c-btn c-btn--primary\" rel=\"noopener\">Notre dossier sur le Royaume-Uni<\/a><\/p>\n<p>Le rapport recommande \u00e9galement la cr\u00e9ation de tribunaux sp\u00e9cialis\u00e9s pour les violences domestiques ainsi qu\u2019un recours accru au <a href=\"https:\/\/www.20minutes.fr\/dossier\/bracelet_electronique\" target=\"_blank\" class=\"color-ultramarine c-link\" rel=\"noopener\">bracelet \u00e9lectronique<\/a> pour les auteurs de violences envers les femmes. Au 31\u00a0mars 2025, 14.863 personnes \u00e9taient incarc\u00e9r\u00e9es pour des infractions sexuelles en Angleterre et au Pays de Galles, repr\u00e9sentant environ 21\u00a0% de la population carc\u00e9rale adulte. Une situation qui alimente la pression sur le gouvernement travailliste pour agir.<\/p>\n","protected":false},"excerpt":{"rendered":"La ministre de la Justice Shabana Mahmood a annonc\u00e9 jeudi qu\u2019elle envisageait de rendre obligatoire la castration chimique&hellip;\n","protected":false},"author":2,"featured_media":121248,"comment_status":"","ping_status":"","sticky":false,"template":"","format":"standard","meta":{"footnotes":""},"categories":[1588],"tags":[47,11,1267,10531,1777,674,2581,225,4145,74,12,473,1853,1851,1850,1852,1265],"class_list":{"0":"post-121247","1":"post","2":"type-post","3":"status-publish","4":"format-standard","5":"has-post-thumbnail","7":"category-royaume-uni","8":"tag-actualite","9":"tag-actualites","10":"tag-agression-sexuelle","11":"tag-chimie","12":"tag-eu","13":"tag-europe","14":"tag-keir-starmer","15":"tag-medicament","16":"tag-ministre-de-la-justice","17":"tag-monde","18":"tag-news","19":"tag-royaume-uni","20":"tag-royaume-uni-de-grande-bretagne-et-dirlande-du-nord","21":"tag-uk","22":"tag-united-kingdom","23":"tag-united-kingdom-of-great-britain-and-northern-ireland","24":"tag-viol"},"share_on_mastodon":{"url":"https:\/\/pubeurope.com\/@fr\/114555578180591236","error":""},"_links":{"self":[{"href":"https:\/\/www.europesays.com\/fr\/wp-json\/wp\/v2\/posts\/121247","targetHints":{"allow":["GET"]}}],"collection":[{"href":"https:\/\/www.europesays.com\/fr\/wp-json\/wp\/v2\/posts"}],"about":[{"href":"https:\/\/www.europesays.com\/fr\/wp-json\/wp\/v2\/types\/post"}],"author":[{"embeddable":true,"href":"https:\/\/www.europesays.com\/fr\/wp-json\/wp\/v2\/users\/2"}],"replies":[{"embeddable":true,"href":"https:\/\/www.europesays.com\/fr\/wp-json\/wp\/v2\/comments?post=121247"}],"version-history":[{"count":0,"href":"https:\/\/www.europesays.com\/fr\/wp-json\/wp\/v2\/posts\/121247\/revisions"}],"wp:featuredmedia":[{"embeddable":true,"href":"https:\/\/www.europesays.com\/fr\/wp-json\/wp\/v2\/media\/121248"}],"wp:attachment":[{"href":"https:\/\/www.europesays.com\/fr\/wp-json\/wp\/v2\/media?parent=121247"}],"wp:term":[{"taxonomy":"category","embeddable":true,"href":"https:\/\/www.europesays.com\/fr\/wp-json\/wp\/v2\/categories?post=121247"},{"taxonomy":"post_tag","embeddable":true,"href":"https:\/\/www.europesays.com\/fr\/wp-json\/wp\/v2\/tags?post=121247"}],"curies":[{"name":"wp","href":"https:\/\/api.w.org\/{rel}","templated":true}]}}