{"id":121251,"date":"2025-05-23T05:50:08","date_gmt":"2025-05-23T05:50:08","guid":{"rendered":"https:\/\/www.europesays.com\/fr\/121251\/"},"modified":"2025-05-23T05:50:08","modified_gmt":"2025-05-23T05:50:08","slug":"une-secheresse-exceptionnelle-frappe-leurope-du-nord","status":"publish","type":"post","link":"https:\/\/www.europesays.com\/fr\/121251\/","title":{"rendered":"Une s\u00e9cheresse exceptionnelle frappe l\u2019Europe du Nord"},"content":{"rendered":"<p>Une telle s\u00e9cheresse, in\u00e9dite depuis des d\u00e9cennies, pourrait r\u00e9duire les futurs rendements des cultures que les agriculteurs sont en train de semer.<\/p>\n<p class=\"fig-paragraph\">Une s\u00e9cheresse jamais vue depuis des d\u00e9cennies frappe depuis plusieurs semaines une partie du nord de l&rsquo;Europe, allant de l&rsquo;<a href=\"http:\/\/www.lefigaro.fr\/voyages\/dossier\/ecosse\" target=\"_blank\" data-fig-type=\"Topic\" rel=\"noopener nofollow\" data-gtm-custom-categorie=\"navigation\" data-gtm-custom-action=\"crossclick\" data-gtm-custom-label=\"Contextuel\" data-gtm-event=\"customEventSPE\" data-fig-domain=\"LEFIGARO\">\u00c9cosse<\/a>\u00a0aux\u00a0<a href=\"http:\/\/www.lefigaro.fr\/international\/pays-bas-l-armee-releve-son-niveau-d-alerte-en-raison-d-une-menace-accrue-20250514\" target=\"_blank\" data-fig-type=\"NewsFlash\" rel=\"noopener nofollow\" data-gtm-custom-categorie=\"navigation\" data-gtm-custom-action=\"crossclick\" data-gtm-custom-label=\"Contextuel\" data-gtm-event=\"customEventSPE\" data-fig-domain=\"LEFIGARO\">Pays-Bas<\/a>, ce qui pourrait, si elle se prolongeait, r\u00e9duire les futurs rendements des cultures que les agriculteurs sont en train de semer.<\/p>\n<p class=\"fig-paragraph\">Lorsqu&rsquo;il y a un d\u00e9ficit d&rsquo;eau dans les champs de\u00a0<a href=\"http:\/\/www.lefigaro.fr\/flash-eco\/le-ble-chahute-par-une-possible-treve-en-mer-noire-entre-la-russie-et-l-ukraine-20250326\" target=\"_blank\" data-fig-type=\"NewsFlash\" rel=\"noopener nofollow\" data-gtm-custom-categorie=\"navigation\" data-gtm-custom-action=\"crossclick\" data-gtm-custom-label=\"Contextuel\" data-gtm-event=\"customEventSPE\" data-fig-domain=\"LEFIGARO\">bl\u00e9<\/a>, de ma\u00efs, de colza ou d&rsquo;orge, leur \u00abcroissance est limit\u00e9e\u00bb, explique \u00e0 l&rsquo;AFP Nicolas Guilpart, ma\u00eetre de conf\u00e9rences en agronomie \u00e0 Agro Paris Tech. Il a plu beaucoup moins que la normale au printemps dans le nord de la France, en\u00a0<a href=\"http:\/\/www.lefigaro.fr\/faits-divers\/vols-de-montres-et-lingots-un-reseau-d-escrocs-demantele-en-france-et-en-belgique-160-000-euros-saisis-20250520\" data-fig-type=\"NewsFlash\" data-gtm-custom-categorie=\"navigation\" data-gtm-custom-action=\"crossclick\" data-gtm-custom-label=\"Contextuel\" data-gtm-event=\"customEventSPE\" data-fig-domain=\"LEFIGARO\" rel=\"nofollow noopener\" target=\"_blank\">Belgique<\/a>\u00a0ou au\u00a0<a href=\"http:\/\/www.lefigaro.fr\/international\/royaume-uni-la-justice-britannique-donne-son-feu-vert-a-l-accord-de-restitution-des-iles-chagos-a-l-ile-maurice-20250522\" target=\"_blank\" data-fig-type=\"NewsFlash\" rel=\"noopener nofollow\" data-gtm-custom-categorie=\"navigation\" data-gtm-custom-action=\"crossclick\" data-gtm-custom-label=\"Contextuel\" data-gtm-event=\"customEventSPE\" data-fig-domain=\"LEFIGARO\">Royaume-Uni<\/a>, et les sols sont secs, au point d&rsquo;\u00eatre poussi\u00e9reux par endroits. Dans les champs, les semis de printemps n&rsquo;ont pas encore germ\u00e9 \u00e0 cause du temps exceptionnellement sec.<\/p>\n<p class=\"fig-paragraph\">Luke Abblitt, agriculteur de l&rsquo;est de l&rsquo;Angleterre, \u00abprie pour que la pluie\u00bb tombe alors que le Royaume-Uni conna\u00eet jusqu&rsquo;ici son printemps le plus sec depuis plus d&rsquo;un si\u00e8cle et demi. \u00abNous passons d&rsquo;un extr\u00eame \u00e0 l&rsquo;autre\u00a0: il pleut beaucoup en hiver, et moins au printemps et en \u00e9t\u00e9\u00bb, a dit l&rsquo;agriculteur \u00e0 l&rsquo;AFP. Il se r\u00e9signe d\u00e9sormais \u00e0 adapter ses m\u00e9thodes de culture ou \u00abexplorer de nouvelles vari\u00e9t\u00e9s\u00bb r\u00e9sistantes.<\/p>\n<p>Trop t\u00f4t pour d\u00e9finir l\u2019impact pour l\u2019\u00e9t\u00e9<\/p>\n<p class=\"fig-paragraph\">Mais dans le nord de l&rsquo;Angleterre, les niveaux des r\u00e9servoirs d&rsquo;eau \u00absont particuli\u00e8rement, voire exceptionnellement bas\u00bb, selon l&rsquo;Agence de l&rsquo;Environnement. Certains agriculteurs ont commenc\u00e9 \u00e0 irriguer plus t\u00f4t, a rapport\u00e9 le principal syndicat agricole NFU, qui r\u00e9clame des investissements pour installer des cuves de stockage directement sur les exploitations. Aux Pays-Bas, il n&rsquo;avait jamais aussi peu plu depuis le d\u00e9but des relev\u00e9s en 1906.<\/p>\n<p class=\"fig-paragraph\">Au Danemark, l&rsquo;institut m\u00e9t\u00e9orologique a pr\u00e9venu d\u00e9but mai que les trois derniers mois avaient \u00e9t\u00e9 exceptionnellement secs, avec moins de 63 mm de pluie enregistr\u00e9s. \u00abDepuis 1874, il n&rsquo;est arriv\u00e9 que 7 fois que la p\u00e9riode de f\u00e9vrier \u00e0 avril ait moins de pr\u00e9cipitations\u00bb, a-t-il relev\u00e9. \u00c0 cela s&rsquo;ajoutent un ensoleillement et des temp\u00e9ratures sup\u00e9rieurs \u00e0 la normale pour le Danemark. Depuis le 15 mai, l&rsquo;indice de s\u00e9cheresse est sup\u00e9rieur ou \u00e9gal \u00e0 9 sur une \u00e9chelle de 1 \u00e0 10, ce qui n&rsquo;est jamais arriv\u00e9 aussi t\u00f4t depuis que cet indice a \u00e9t\u00e9 \u00e9tabli en 2005, a soulign\u00e9 l&rsquo;institut.<\/p>\n<p class=\"fig-paragraph\">En Su\u00e8de, il est encore \u00abtrop t\u00f4t pour dire quel sera l&rsquo;impact sur l&rsquo;agriculture cet \u00e9t\u00e9\u00bb, estime la F\u00e9d\u00e9ration des agriculteurs. Elle conseille quand m\u00eame aux exploitants de revoir leur planification en mati\u00e8re d&rsquo;eau.<\/p>\n<p>\u00abLe rendement peut varier du simple au double\u00bb<\/p>\n<p class=\"fig-paragraph\">En France, les nappes phr\u00e9atiques, en sous-sol, sont bien remplies, mais les plantes ont besoin d&rsquo;eau en surface pour pousser, et donc de pluie. Or le Nord est plac\u00e9 en vigilance s\u00e9cheresse depuis lundi\u00a0: le d\u00e9partement a re\u00e7u, entre f\u00e9vrier et d\u00e9but mai, la quantit\u00e9 de pluie qui tombe habituellement en un mois, et le vent du Nord-Est a accentu\u00e9 l&rsquo;ass\u00e8chement des sols. Les agriculteurs misent donc de plus en plus sur l&rsquo;irrigation.<\/p>\n<p class=\"fig-paragraph\">C&rsquo;est le cas de S\u00e9bastien De Coninck, producteur d&rsquo;endive. Le village de ce trentenaire, Beuvry-la-For\u00eat, a re\u00e7u entre mars et mai huit fois moins de pr\u00e9cipitations que sur la m\u00eame p\u00e9riode l&rsquo;ann\u00e9e derni\u00e8re, particuli\u00e8rement arros\u00e9e, explique-t-il \u00e0 l&rsquo;AFP. \u00abJusqu&rsquo;\u00e0 il y a cinq ans, on ne se posait pas la question de l&rsquo;irrigation dans le Nord\u00bb mais les lignes bougent, car sans ou avec, \u00able rendement peut varier du simple au double\u00bb, pointe l&rsquo;agriculteur.<\/p>\n<p class=\"fig-paragraph\">L&rsquo;irrigation permet de \u00abpallier ce manque de pr\u00e9cipitation\u00bb, reconna\u00eet l&rsquo;agronome Nicolas Guilpart, mais encore faut-il \u00abavoir les ressources pour le faire\u00bb. Pour irriguer, l&rsquo;eau est pr\u00e9lev\u00e9e dans les nappes, les cours d&rsquo;eau \u00e0 proximit\u00e9 ou dans les retenues d&rsquo;eau, \u00e9galement appel\u00e9es \u00abbassines\u00bb.<\/p>\n<p class=\"fig-paragraph\">En France aussi les temp\u00e9ratures sont au-dessus de la normale, notamment dans les Hauts-de-France, \u00abrendant l&rsquo;atmosph\u00e8re plus \u201cs\u00e9chante\u201d\u00bb, entra\u00eenant \u00abplus d&rsquo;\u00e9vapotranspiration [combinaison de l&rsquo;\u00e9vaporation et de la transpiration des plantes, NDLR] et donc augmentant la demande en eau des plantes\u00bb, explique l&rsquo;agronome. Mais cette s\u00e9cheresse intense dans une partie du nord de l&rsquo;Europe contraste avec celle du sud du continent, et notamment de l&rsquo;Espagne et du Portugal o\u00f9 l&rsquo;on a mesur\u00e9 jusqu&rsquo;au double des quantit\u00e9s de pluie habituelles sur cette p\u00e9riode.<\/p>\n","protected":false},"excerpt":{"rendered":"Une telle s\u00e9cheresse, in\u00e9dite depuis des d\u00e9cennies, pourrait r\u00e9duire les futurs rendements des cultures que les agriculteurs sont&hellip;\n","protected":false},"author":2,"featured_media":121252,"comment_status":"","ping_status":"","sticky":false,"template":"","format":"standard","meta":{"footnotes":""},"categories":[1586],"tags":[47,49,11,48,51,1777,674,54,1011,27,12,52,25,41,50,12817,53],"class_list":{"0":"post-121251","1":"post","2":"type-post","3":"status-publish","4":"format-standard","5":"has-post-thumbnail","7":"category-europe","8":"tag-actualite","9":"tag-actualite-scientifique","10":"tag-actualites","11":"tag-astronomie","12":"tag-ecologie","13":"tag-eu","14":"tag-europe","15":"tag-faune-et-flore","16":"tag-fr","17":"tag-france","18":"tag-news","19":"tag-planete","20":"tag-republique-francaise","21":"tag-sciences","22":"tag-sciences-humaines","23":"tag-secheresse","24":"tag-zoologie"},"share_on_mastodon":{"url":"https:\/\/pubeurope.com\/@fr\/114555586013920271","error":""},"_links":{"self":[{"href":"https:\/\/www.europesays.com\/fr\/wp-json\/wp\/v2\/posts\/121251","targetHints":{"allow":["GET"]}}],"collection":[{"href":"https:\/\/www.europesays.com\/fr\/wp-json\/wp\/v2\/posts"}],"about":[{"href":"https:\/\/www.europesays.com\/fr\/wp-json\/wp\/v2\/types\/post"}],"author":[{"embeddable":true,"href":"https:\/\/www.europesays.com\/fr\/wp-json\/wp\/v2\/users\/2"}],"replies":[{"embeddable":true,"href":"https:\/\/www.europesays.com\/fr\/wp-json\/wp\/v2\/comments?post=121251"}],"version-history":[{"count":0,"href":"https:\/\/www.europesays.com\/fr\/wp-json\/wp\/v2\/posts\/121251\/revisions"}],"wp:featuredmedia":[{"embeddable":true,"href":"https:\/\/www.europesays.com\/fr\/wp-json\/wp\/v2\/media\/121252"}],"wp:attachment":[{"href":"https:\/\/www.europesays.com\/fr\/wp-json\/wp\/v2\/media?parent=121251"}],"wp:term":[{"taxonomy":"category","embeddable":true,"href":"https:\/\/www.europesays.com\/fr\/wp-json\/wp\/v2\/categories?post=121251"},{"taxonomy":"post_tag","embeddable":true,"href":"https:\/\/www.europesays.com\/fr\/wp-json\/wp\/v2\/tags?post=121251"}],"curies":[{"name":"wp","href":"https:\/\/api.w.org\/{rel}","templated":true}]}}