{"id":121253,"date":"2025-05-23T05:51:10","date_gmt":"2025-05-23T05:51:10","guid":{"rendered":"https:\/\/www.europesays.com\/fr\/121253\/"},"modified":"2025-05-23T05:51:10","modified_gmt":"2025-05-23T05:51:10","slug":"les-usa-poussent-lue-a-reduire-ses-droits-de-douane-selon-la-presse-23-05-2025-a-0715","status":"publish","type":"post","link":"https:\/\/www.europesays.com\/fr\/121253\/","title":{"rendered":"Les USA poussent l&rsquo;UE \u00e0 r\u00e9duire ses droits de douane, selon la presse &#8211; 23\/05\/2025 \u00e0 07:15"},"content":{"rendered":"<p>        <img fetchpriority=\"high\" decoding=\"async\" src=\"https:\/\/www.europesays.com\/fr\/wp-content\/uploads\/2025\/05\/09048d7794cf0af6be82c3d8944f0030-760x508.jpg\" alt=\"Illustration d'un mod\u00e8le miniature du pr\u00e9sident am\u00e9ricain Donald Trump, le drapeau am\u00e9ricain et le mot &quot;Tarifs&quot;\" loading=\"eager\" width=\"760\" height=\"508\" style=\"max-width: 100%!important; height: auto;\"\/><\/p>\n<p class=\"c-image-news__legend\">Illustration d&rsquo;un mod\u00e8le miniature du pr\u00e9sident am\u00e9ricain Donald Trump, le drapeau am\u00e9ricain et le mot \u00ab\u00a0Tarifs\u00a0\u00bb<\/p>\n<p>\n Les n\u00e9gociateurs am\u00e9ricains poussent l&rsquo;Union europ\u00e9enne \u00e0 r\u00e9duire les droits de douane qui visent les produits am\u00e9ricains, disant que si le bloc ne fait pas de concessions, les n\u00e9gociations portant sur les droits de douane dits \u00ab\u00a0r\u00e9ciproques\u00a0\u00bb impos\u00e9s par Donald Trump ne progresseront pas, rapporte vendredi le Financial Times.\n<\/p>\n<p>\n Le repr\u00e9sentant am\u00e9ricain au commerce, Jamieson Greer, s&rsquo;appr\u00eate \u00e0 annoncer vendredi au commissaire europ\u00e9en au Commerce, Maros Sefcovic, qu&rsquo;une note diffus\u00e9e r\u00e9cemment par Bruxelles n&rsquo;est pas \u00e0 la hauteur des attentes de Washington, indique le journal, citant des sources.\n<\/p>\n<p>\n Selon le Financial Times, l&rsquo;UE a fait pression pour que les n\u00e9gociations aboutissent \u00e0 un cadre commun, mais des diff\u00e9rends persistent entre les deux parties.\n<\/p>\n<p>\n Reuters n&rsquo;a pas \u00e9t\u00e9 en mesure de v\u00e9rifier ces informations.\n<\/p>\n<p>\n L&rsquo;UE est actuellement soumise \u00e0 des droits de douane am\u00e9ricains de 25% sur l&rsquo;acier, l&rsquo;aluminium et les voitures, ainsi qu&rsquo;\u00e0 des droits de douane \u00ab\u00a0r\u00e9ciproques\u00a0\u00bb de 10% sur la quasi-totalit\u00e9 des autres produits, droits qui pourraient atteindre 20% \u00e0 l&rsquo;expiration du d\u00e9lai de 90 jours accord\u00e9 par Donald Trump le 8 juillet.\n<\/p>\n<p>\n La Commission europ\u00e9enne a r\u00e9p\u00e9t\u00e9 \u00e0 plusieurs reprises qu&rsquo;elle privil\u00e9giait une solution n\u00e9goci\u00e9e, mais qu&rsquo;une riposte devait \u00eatre pr\u00eate d&rsquo;ici juillet en cas d&rsquo;\u00e9chec des pourparlers.\n<\/p>\n<p>\n En avril, l&rsquo;UE a approuv\u00e9 des droits de douane, principalement de 25%, sur certaines importations am\u00e9ricaines. Ces mesures, r\u00e9ponse aux droits am\u00e9ricains sur les m\u00e9taux, ont \u00e9t\u00e9 suspendues apr\u00e8s l&rsquo;annonce par Donald Trump d&rsquo;un moratoire de 90 jours.\n<\/p>\n<p>\n (Reportage de Mrinmay Dey \u00e0 Bengaluru ; R\u00e9daction de Jacqueline Wong et Sonali Paul)<\/p>\n","protected":false},"excerpt":{"rendered":"Illustration d&rsquo;un mod\u00e8le miniature du pr\u00e9sident am\u00e9ricain Donald Trump, le drapeau am\u00e9ricain et le mot \u00ab\u00a0Tarifs\u00a0\u00bb Les n\u00e9gociateurs&hellip;\n","protected":false},"author":2,"featured_media":121254,"comment_status":"","ping_status":"","sticky":false,"template":"","format":"standard","meta":{"footnotes":""},"categories":[1586],"tags":[400,11,398,408,405,1777,674,1779,1011,27,403,402,399,404,12,25,401,406,1778,364,407],"class_list":{"0":"post-121253","1":"post","2":"type-post","3":"status-publish","4":"format-standard","5":"has-post-thumbnail","7":"category-europe","8":"tag-action-cac-40","9":"tag-actualites","10":"tag-bourse-de-paris","11":"tag-boursorama","12":"tag-cotations","13":"tag-eu","14":"tag-europe","15":"tag-european-union","16":"tag-fr","17":"tag-france","18":"tag-indices-devises","19":"tag-investir","20":"tag-investissement","21":"tag-marche-boursier","22":"tag-news","23":"tag-republique-francaise","24":"tag-sicav","25":"tag-trackers","26":"tag-ue","27":"tag-union-europeenne","28":"tag-warrants"},"share_on_mastodon":{"url":"https:\/\/pubeurope.com\/@fr\/114555589981199527","error":""},"_links":{"self":[{"href":"https:\/\/www.europesays.com\/fr\/wp-json\/wp\/v2\/posts\/121253","targetHints":{"allow":["GET"]}}],"collection":[{"href":"https:\/\/www.europesays.com\/fr\/wp-json\/wp\/v2\/posts"}],"about":[{"href":"https:\/\/www.europesays.com\/fr\/wp-json\/wp\/v2\/types\/post"}],"author":[{"embeddable":true,"href":"https:\/\/www.europesays.com\/fr\/wp-json\/wp\/v2\/users\/2"}],"replies":[{"embeddable":true,"href":"https:\/\/www.europesays.com\/fr\/wp-json\/wp\/v2\/comments?post=121253"}],"version-history":[{"count":0,"href":"https:\/\/www.europesays.com\/fr\/wp-json\/wp\/v2\/posts\/121253\/revisions"}],"wp:featuredmedia":[{"embeddable":true,"href":"https:\/\/www.europesays.com\/fr\/wp-json\/wp\/v2\/media\/121254"}],"wp:attachment":[{"href":"https:\/\/www.europesays.com\/fr\/wp-json\/wp\/v2\/media?parent=121253"}],"wp:term":[{"taxonomy":"category","embeddable":true,"href":"https:\/\/www.europesays.com\/fr\/wp-json\/wp\/v2\/categories?post=121253"},{"taxonomy":"post_tag","embeddable":true,"href":"https:\/\/www.europesays.com\/fr\/wp-json\/wp\/v2\/tags?post=121253"}],"curies":[{"name":"wp","href":"https:\/\/api.w.org\/{rel}","templated":true}]}}