{"id":121259,"date":"2025-05-23T05:54:11","date_gmt":"2025-05-23T05:54:11","guid":{"rendered":"https:\/\/www.europesays.com\/fr\/121259\/"},"modified":"2025-05-23T05:54:11","modified_gmt":"2025-05-23T05:54:11","slug":"lequipe-de-france-sur-la-piste-de-la-guerison","status":"publish","type":"post","link":"https:\/\/www.europesays.com\/fr\/121259\/","title":{"rendered":"l\u2019\u00e9quipe de France sur la piste de la gu\u00e9rison"},"content":{"rendered":"<p>Ce sont des Bleus traumatis\u00e9s qu\u2019a repris Herv\u00e9 Faget \u00e0 son arriv\u00e9e au poste d\u2019entra\u00eeneur national, en d\u00e9cembre\u00a0dernier. \u00ab\u00a0Il y avait de la d\u00e9pression pour certains, il y en a d\u2019autres qui manquaient de confiance en eux et d\u2019autres qui ne croyaient plus \u00e0 leur jeu\u00a0\u00bb, d\u00e9taille celui qui \u00e9tait auparavant \u00e0 la t\u00eate du collectif f\u00e9minin.<\/p>\n<p>Depuis son arriv\u00e9e, les \u00e9p\u00e9istes tentent de retrouver leur niveau d\u2019antan. Ils auront l\u2019occasion de le prouver ce week-end lors du challenge Monal \u00e0 Saint-Maur-des-Foss\u00e9s (Val-de-Marne), o\u00f9 les meilleurs tireurs de la plan\u00e8te vont s\u2019affronter lors de cette unique \u00e9tape de la Coupe du monde en France.<\/p>\n<p>\u00c0 l\u2019Institut national du sport, de l\u2019expertise et de la performance (INSEP) cette semaine, les mines \u00e9taient souriantes, d\u00e9tendues. Alexandre Bardenet, qui a d\u00e9nonc\u00e9 publiquement sa non-s\u00e9lection aux Jeux et qui \u00e9tait en guerre ouverte avec le pr\u00e9c\u00e9dent entra\u00eeneur, Hugues Obry, confie : \u00ab\u00a0Je suis tr\u00e8s content de revenir ici. \u00c7a fait du bien d\u2019\u00e9voluer \u00e0 nouveau dans un cadre qui est sain. Je n\u2019ai plus cette boule au fond de l\u2019estomac \u00e0 chaque fois que je passe le seuil de la porte de cette grande institution\u00a0\u00bb.<\/p>\n<p>Le chemin a \u00e9t\u00e9 long pour retrouver cette s\u00e9r\u00e9nit\u00e9. Herv\u00e9 Faget a commenc\u00e9 son mandat par discuter avec chaque athl\u00e8te. 28 entretiens en 3 semaines \u00ab\u00a0pour savoir ce qui s\u2019\u00e9tait pass\u00e9, mais surtout dans quelle direction aller\u00a0\u00bb. L\u2019ancien entra\u00eeneur de Laura Flessel et son adjoint Robin Rieu bousculent les m\u00e9thodes, en faisant par exemple intervenir un psychologue du sport, Alexis Ruffault, qui \u00ab\u00a0aide beaucoup sur le travail de groupe et du collectif\u00a0\u00bb. Et le technicien innove en filmant toutes les s\u00e9ances d\u2019assauts dans la salle d\u2019armes de l\u2019INSEP, que les athl\u00e8tes comme le staff peuvent visionner. \u00ab\u00a0ll n\u2019y a rien qui est cach\u00e9\u00a0\u00bb, pr\u00e9cise-t-il.<\/p>\n<p>Faget le sait : si le groupe se ressoude, le chemin pour revenir au plus haut niveau \u00ab\u00a0va \u00eatre long \u00bb. \u00ab Mais on est d\u00e9j\u00e0 surpris des r\u00e9sultats qu\u2019on a obtenu r\u00e9cemment\u00a0\u00bb, poursuit l\u2019entra\u00eeneur. La m\u00e9daille de bronze obtenue lors de la derni\u00e8re manche de Coupe du monde \u00e0 Bogota par Luidgi Midelton (26\u00a0\u00a0ans) est donc de bon augure pour un collectif en convalescence. \u00ab\u00a0Il y a 2 ans, une 3e place c\u2019\u00e9tait ridicule. Aujourd\u2019hui, on en est l\u00e0. On est en retard sur beaucoup de nations\u00a0\u00bb, regrette toutefois l\u2019homme qui a \u00e9galement entra\u00een\u00e9 la s\u00e9lection suisse pendant 8 ans.<\/p>\n<p>\u00c0 Saint-Maur, Midelton compte bien marquer les esprits. L\u2019actuel n\u00b01 fran\u00e7ais au classement FIE et 17e\u00a0\u00a0 mondial affirme qu\u2019il va \u00ab\u00a0tout mettre en \u0153uvre pour aller chercher un podium, voire une victoire au Monal\u00a0\u00bb.<\/p>\n<p>Des ambitions \u00e0 la hauteur de l\u2019enjeu puisque cette manche constitue la derni\u00e8re \u00e9preuve qualificative pour les prochains championnats d\u2019Europe (du 14 au 19 juin) \u2013 o\u00f9 Midelton tentera de d\u00e9fendre sa couronne \u2013 et du monde (du 20 au 30 juillet).<\/p>\n","protected":false},"excerpt":{"rendered":"Ce sont des Bleus traumatis\u00e9s qu\u2019a repris Herv\u00e9 Faget \u00e0 son arriv\u00e9e au poste d\u2019entra\u00eeneur national, en d\u00e9cembre\u00a0dernier.&hellip;\n","protected":false},"author":2,"featured_media":121260,"comment_status":"","ping_status":"","sticky":false,"template":"","format":"standard","meta":{"footnotes":""},"categories":[4],"tags":[11,1946,107,1011,27,12,25,517,1947,21508],"class_list":{"0":"post-121259","1":"post","2":"type-post","3":"status-publish","4":"format-standard","5":"has-post-thumbnail","7":"category-france","8":"tag-actualites","9":"tag-escrime","10":"tag-fil-info","11":"tag-fr","12":"tag-france","13":"tag-news","14":"tag-republique-francaise","15":"tag-sport","16":"tag-sport-national","17":"tag-sports-de-combat"},"share_on_mastodon":{"url":"https:\/\/pubeurope.com\/@fr\/114555601885275601","error":""},"_links":{"self":[{"href":"https:\/\/www.europesays.com\/fr\/wp-json\/wp\/v2\/posts\/121259","targetHints":{"allow":["GET"]}}],"collection":[{"href":"https:\/\/www.europesays.com\/fr\/wp-json\/wp\/v2\/posts"}],"about":[{"href":"https:\/\/www.europesays.com\/fr\/wp-json\/wp\/v2\/types\/post"}],"author":[{"embeddable":true,"href":"https:\/\/www.europesays.com\/fr\/wp-json\/wp\/v2\/users\/2"}],"replies":[{"embeddable":true,"href":"https:\/\/www.europesays.com\/fr\/wp-json\/wp\/v2\/comments?post=121259"}],"version-history":[{"count":0,"href":"https:\/\/www.europesays.com\/fr\/wp-json\/wp\/v2\/posts\/121259\/revisions"}],"wp:featuredmedia":[{"embeddable":true,"href":"https:\/\/www.europesays.com\/fr\/wp-json\/wp\/v2\/media\/121260"}],"wp:attachment":[{"href":"https:\/\/www.europesays.com\/fr\/wp-json\/wp\/v2\/media?parent=121259"}],"wp:term":[{"taxonomy":"category","embeddable":true,"href":"https:\/\/www.europesays.com\/fr\/wp-json\/wp\/v2\/categories?post=121259"},{"taxonomy":"post_tag","embeddable":true,"href":"https:\/\/www.europesays.com\/fr\/wp-json\/wp\/v2\/tags?post=121259"}],"curies":[{"name":"wp","href":"https:\/\/api.w.org\/{rel}","templated":true}]}}