{"id":121265,"date":"2025-05-23T05:58:08","date_gmt":"2025-05-23T05:58:08","guid":{"rendered":"https:\/\/www.europesays.com\/fr\/121265\/"},"modified":"2025-05-23T05:58:08","modified_gmt":"2025-05-23T05:58:08","slug":"roland-garros-adriano-panatta-qui-pour-arreter-sinner-et-alcaraz-le-seul-cest-lui","status":"publish","type":"post","link":"https:\/\/www.europesays.com\/fr\/121265\/","title":{"rendered":"Roland Garros > Adriano Panatta : \u00ab\u00a0Qui pour arr\u00eater Sinner et Alcaraz ? Le seul,\u00a0c&rsquo;est\u00a0lui\u00a0\u00bb"},"content":{"rendered":"<p>\u00c9tant sur les deux premi\u00e8res marches du clas\u00adse\u00adment ATP, Carlos Alcaraz et Jannik Sinner ne pour\u00adront pas se croiser avant une \u00e9ven\u00adtuelle finale \u00e0 Roland\u2010Garros.\u00a0<\/p>\n<p>Dans un entre\u00adtien accord\u00e9 \u00e0 la <a href=\"https:\/\/www.gazzetta.it\/Tennis\/ATP\/20-05-2025\/panatta-al-roland-garros-sara-ancora-sfida-sinner-alcaraz-ma-occhio-a-musetti.shtml\" data-wpel-link=\"external\" target=\"_blank\" rel=\"nofollow external noopener\">Gazetta dello Sport<\/a>, Adriano Panatta estime que cette affiche est presque in\u00e9luc\u00adtable. Le seul capable d\u2019emp\u00eacher cette rencontre de gala serait Lorenzo Musetti, selon le vain\u00adqueur des Internationaux de France 1976. Le num\u00e9ro huit mondial a de solides argu\u00adments \u00e0 faire valoir, avec deux derniers carr\u00e9s \u00e0 Madrid et Rome, et une finale \u00e0 Monte\u2010Carlo, cette saison.<\/p>\n<p><strong>\u00ab\u202fLui et Alcaraz sont de loin les meilleurs sur le circuit, il n\u2019y a pas d\u2019ad\u00adver\u00adsaires qui peuvent les d\u00e9fier. S\u2019ils perdent un set, c\u2019est unique\u00adment parce qu\u2019ils sont distraits. La diff\u00e9\u00adrence entre eux et les autres est trop \u00e9vidente. Et aussi parce qu\u2019avec 3 sets [gagnants], il y a plus de marge de man\u0153uvre en cas de mauvaise journ\u00e9e\u00a0: celui qui est le plus fort a un avan\u00adtage. Ils seront l\u2019un d\u2019un c\u00f4t\u00e9 et l\u2019autre de l\u2019autre du tableau, puis\u00adqu\u2019ils sont premier et deuxi\u00e8me au clas\u00adse\u00adment ATP, et honn\u00ea\u00adte\u00adment, je ne vois pas qui peut se mettre en travers de leur chemin. Le seul pour\u00adrait \u00eatre Musetti, mais je ne pense pas que ce soit le cas des autres. Zverev, oui, est un grand joueur pour l\u2019amour du ciel, mais\u2026 Alors qui est l\u00e0, Draper\u202f? Tsitsipas a \u00e0 moiti\u00e9 disparu, Medvedev n\u2019est plus ce qu\u2019il \u00e9tait il y a un an et demi, De Minaur perd avant de jouer, Ruud pareil. Le seul,\u00a0c\u2019est\u00a0Musetti\u202f\u00bb.<\/strong><\/p>\n<p>Pour rappel, <a href=\"https:\/\/www.welovetennis.fr\/roland-garros\/sinner-avec-zverev-et-djokovic-alcaraz-epargne-par-le-tirage-au-sort\" data-wpel-link=\"internal\" target=\"_blank\" rel=\"noopener\">Musetti pour\u00adrait affronter le num\u00e9ro deux mondial \u00e0 la Porte d\u2019Auteuil, en demi\u2010finale<\/a>.<\/p>\n<p class=\"post-published-date\" style=\"color: silver; font-size: 75%; text-align: left;\">Publi\u00e9 le jeudi 22 mai 2025 \u00e0 18:18<\/p>\n","protected":false},"excerpt":{"rendered":"\u00c9tant sur les deux premi\u00e8res marches du clas\u00adse\u00adment ATP, Carlos Alcaraz et Jannik Sinner ne pour\u00adront pas se&hellip;\n","protected":false},"author":2,"featured_media":111256,"comment_status":"","ping_status":"","sticky":false,"template":"","format":"standard","meta":{"footnotes":""},"categories":[1415],"tags":[1744,3252,8081,4388,1011,27,2127,60,1467,5443,4542],"class_list":{"0":"post-121265","1":"post","2":"type-post","3":"status-publish","4":"format-standard","5":"has-post-thumbnail","7":"category-tennis","8":"tag-alcaraz","9":"tag-daniil-medvedev","10":"tag-de-minaur","11":"tag-draper","12":"tag-fr","13":"tag-france","14":"tag-sinner","15":"tag-sports","16":"tag-tennis","17":"tag-tsitsipas","18":"tag-zverev"},"share_on_mastodon":{"url":"https:\/\/pubeurope.com\/@fr\/114555617458222541","error":""},"_links":{"self":[{"href":"https:\/\/www.europesays.com\/fr\/wp-json\/wp\/v2\/posts\/121265","targetHints":{"allow":["GET"]}}],"collection":[{"href":"https:\/\/www.europesays.com\/fr\/wp-json\/wp\/v2\/posts"}],"about":[{"href":"https:\/\/www.europesays.com\/fr\/wp-json\/wp\/v2\/types\/post"}],"author":[{"embeddable":true,"href":"https:\/\/www.europesays.com\/fr\/wp-json\/wp\/v2\/users\/2"}],"replies":[{"embeddable":true,"href":"https:\/\/www.europesays.com\/fr\/wp-json\/wp\/v2\/comments?post=121265"}],"version-history":[{"count":0,"href":"https:\/\/www.europesays.com\/fr\/wp-json\/wp\/v2\/posts\/121265\/revisions"}],"wp:featuredmedia":[{"embeddable":true,"href":"https:\/\/www.europesays.com\/fr\/wp-json\/wp\/v2\/media\/111256"}],"wp:attachment":[{"href":"https:\/\/www.europesays.com\/fr\/wp-json\/wp\/v2\/media?parent=121265"}],"wp:term":[{"taxonomy":"category","embeddable":true,"href":"https:\/\/www.europesays.com\/fr\/wp-json\/wp\/v2\/categories?post=121265"},{"taxonomy":"post_tag","embeddable":true,"href":"https:\/\/www.europesays.com\/fr\/wp-json\/wp\/v2\/tags?post=121265"}],"curies":[{"name":"wp","href":"https:\/\/api.w.org\/{rel}","templated":true}]}}