{"id":121268,"date":"2025-05-23T06:01:08","date_gmt":"2025-05-23T06:01:08","guid":{"rendered":"https:\/\/www.europesays.com\/fr\/121268\/"},"modified":"2025-05-23T06:01:08","modified_gmt":"2025-05-23T06:01:08","slug":"colapinto-un-talent-rapide-mais-imprevisible","status":"publish","type":"post","link":"https:\/\/www.europesays.com\/fr\/121268\/","title":{"rendered":"Colapinto, un talent rapide mais impr\u00e9visible"},"content":{"rendered":"<p>Jacques Villeneuve a exprim\u00e9 ses r\u00e9serves quant \u00e0 l\u2019avenir de Franco Colapinto chez Alpine, estimant que le pilote argentin adopte un style de conduite trop risqu\u00e9, ce qui pourrait compromettre ses perspectives \u00e0 long terme au sein de l\u2019\u00e9curie fran\u00e7aise.<\/p>\n<p>Engag\u00e9 en remplacement de Jack Doohan pour une s\u00e9rie de cinq Grands Prix, jusqu\u2019\u00e0 l\u2019\u00e9preuve d\u2019Autriche, <a href=\"https:\/\/f1only.fr\/montoya-debat-alpine-colapinto-aron\/\" target=\"_blank\" rel=\"noopener\">Colapinto<\/a> partage actuellement le garage avec Pierre Gasly. S\u2019il a d\u00e9montr\u00e9 une pointe de vitesse certaine lors de son passage chez Williams \u2014 o\u00f9 il a marqu\u00e9 cinq points en neuf courses apr\u00e8s avoir pris la rel\u00e8ve de Logan Sargeant \u2014, le jeune pilote s\u2019est \u00e9galement illustr\u00e9 par plusieurs accidents spectaculaires.<\/p>\n<p>Parmi les incidents notables : une sortie de piste en essais libres \u00e0 Bakou, un crash sur piste mouill\u00e9e \u00e0 Interlagos, un \u00e9norme accident en qualifications \u00e0 Las Vegas, et plus r\u00e9cemment une violente sortie de piste \u00e0 Imola avec sa nouvelle <a href=\"https:\/\/f1only.fr\/alpine-denonce-abus-ligne-doohan\/\" target=\"_blank\" rel=\"noopener\">Alpine<\/a>.<\/p>\n<p><a href=\"https:\/\/f1only.fr\/jacques-villeneuve-tacle-mclaren-imola\/\" target=\"_blank\" rel=\"noopener\">Villeneuve<\/a> reconna\u00eet le potentiel de Colapinto, mais souligne que son style agressif pourrait jouer contre lui : \u00ab Il est rapide, mais on ne sait pas encore si cela suffira. C\u2019est du 50-50. \u00bb Un avertissement clair pour un pilote encore \u00e0 la recherche de stabilit\u00e9.<\/p>\n<p>\u00ab Il est rapide, mais il est aussi un pilote qui a tendance \u00e0 avoir des accidents, alors quel Franco allons-nous avoir ? \u00bb, s\u2019est interrog\u00e9 Villeneuve sur Sky Sports F1. \u00ab C\u2019est comme quand on lance des d\u00e9s, on ne sait jamais. Sera-t-il capable d\u2019\u00eatre aussi rapide sans accident, ou devra-t-il ralentir pour ne pas casser la monoplace ? C\u2019est la grande question. Mais nous le saurons, car il a eu une ann\u00e9e pour dig\u00e9rer la saison derni\u00e8re. Il b\u00e9n\u00e9ficie d\u2019un soutien, donc il apporte d\u00e9j\u00e0 quelque chose que le pilote pr\u00e9c\u00e9dent n\u2019avait pas. \u00bb<\/p>\n","protected":false},"excerpt":{"rendered":"Jacques Villeneuve a exprim\u00e9 ses r\u00e9serves quant \u00e0 l\u2019avenir de Franco Colapinto chez Alpine, estimant que le pilote&hellip;\n","protected":false},"author":2,"featured_media":121269,"comment_status":"","ping_status":"","sticky":false,"template":"","format":"standard","meta":{"footnotes":""},"categories":[1412],"tags":[5080,5081,2674,5082,1451,5083,5084,5085,5086,5087,5088,1452,1453,1454,1455,1011,27,18196,2676,5089,5090,2255,60,5091,3030],"class_list":{"0":"post-121268","1":"post","2":"type-post","3":"status-publish","4":"format-standard","5":"has-post-thumbnail","7":"category-f1","8":"tag-actualites-f1","9":"tag-actuf1","10":"tag-alpine","11":"tag-alpine-f1","12":"tag-f1","13":"tag-f1-actu","14":"tag-f1-direct","15":"tag-f1-live","16":"tag-f1-news","17":"tag-f1news","18":"tag-fia","19":"tag-formula-1","20":"tag-formula1","21":"tag-formule-1","22":"tag-formule1","23":"tag-fr","24":"tag-france","25":"tag-franco-colapinto","26":"tag-jacques-villeneuve","27":"tag-news-f1","28":"tag-newsf1","29":"tag-red-bull","30":"tag-sports","31":"tag-tip","32":"tag-top"},"share_on_mastodon":{"url":"https:\/\/pubeurope.com\/@fr\/114555629496325011","error":""},"_links":{"self":[{"href":"https:\/\/www.europesays.com\/fr\/wp-json\/wp\/v2\/posts\/121268","targetHints":{"allow":["GET"]}}],"collection":[{"href":"https:\/\/www.europesays.com\/fr\/wp-json\/wp\/v2\/posts"}],"about":[{"href":"https:\/\/www.europesays.com\/fr\/wp-json\/wp\/v2\/types\/post"}],"author":[{"embeddable":true,"href":"https:\/\/www.europesays.com\/fr\/wp-json\/wp\/v2\/users\/2"}],"replies":[{"embeddable":true,"href":"https:\/\/www.europesays.com\/fr\/wp-json\/wp\/v2\/comments?post=121268"}],"version-history":[{"count":0,"href":"https:\/\/www.europesays.com\/fr\/wp-json\/wp\/v2\/posts\/121268\/revisions"}],"wp:featuredmedia":[{"embeddable":true,"href":"https:\/\/www.europesays.com\/fr\/wp-json\/wp\/v2\/media\/121269"}],"wp:attachment":[{"href":"https:\/\/www.europesays.com\/fr\/wp-json\/wp\/v2\/media?parent=121268"}],"wp:term":[{"taxonomy":"category","embeddable":true,"href":"https:\/\/www.europesays.com\/fr\/wp-json\/wp\/v2\/categories?post=121268"},{"taxonomy":"post_tag","embeddable":true,"href":"https:\/\/www.europesays.com\/fr\/wp-json\/wp\/v2\/tags?post=121268"}],"curies":[{"name":"wp","href":"https:\/\/api.w.org\/{rel}","templated":true}]}}