{"id":121293,"date":"2025-05-23T06:15:13","date_gmt":"2025-05-23T06:15:13","guid":{"rendered":"https:\/\/www.europesays.com\/fr\/121293\/"},"modified":"2025-05-23T06:15:13","modified_gmt":"2025-05-23T06:15:13","slug":"a-gaza-des-morts-par-dizaines-au-milieu-du-naufrage-humanitaire-liberation","status":"publish","type":"post","link":"https:\/\/www.europesays.com\/fr\/121293\/","title":{"rendered":"\u00e0 Gaza, des morts par dizaines au milieu du naufrage humanitaire \u2013 Lib\u00e9ration"},"content":{"rendered":"<p class=\"sc-ksZaOG ehjQrN text-element\">Le chiffre \u00e9claire \u00e0 la fois la dur\u00e9e insoutenable du supplice endur\u00e9 par les Gazaouis et l\u2019impuissance criante de la communaut\u00e9 internationale \u00e0 y mettre un terme. Mercredi 21 mai au soir, l\u2019ONU a diffus\u00e9 <a href=\"https:\/\/www.ochaopt.org\/content\/humanitarian-situation-update-290-gaza-strip\" target=\"_blank\" rel=\"noopener\" title=\"https:\/\/www.ochaopt.org\/content\/humanitarian-situation-update-290-gaza-strip\">son 290e point d\u2019\u00e9tape<\/a> sur la situation humanitaire dans l\u2019enclave palestinienne. Et jamais, en plus de dix-neuf mois d\u2019une guerre implacable d\u00e9clench\u00e9e par l\u2019attaque terroriste du Hamas contre Isra\u00ebl le 7 octobre 2023, les conditions de vie \u2013 ou plus exactement de survie \u2013 des Palestiniens de Gaza n\u2019avaient sembl\u00e9 aussi d\u00e9sesp\u00e9r\u00e9es.<\/p>\n<p class=\"sc-ksZaOG ehjQrN text-element\">Etal\u00e9 sur sept pages, nourri des t\u00e9moignages de terrain collect\u00e9s par diverses agences onusiennes (Bureau des affaires humanitaires, Unicef, Programme alimentaire mondial, Organisation mondiale de la sant\u00e9\u2026) ainsi que d\u2019autres ONG op\u00e9rant sur place, le rapport offre une plong\u00e9e saisissante dans un territoire ravag\u00e9, en proie \u00e0 une catastrophe humanitaire d\u2019une gravit\u00e9 extr\u00eame, <a href=\"https:\/\/www.liberation.fr\/international\/moyen-orient\/gaza-deliberement-etouffee-par-israel-laide-humanitaire-a-lagonie-20250425_5CCVIBNLG5BMNN5R7WB5JTQIQQ\/\" target=\"_blank\" rel=\"noopener\" title=\"https:\/\/www.liberation.fr\/international\/moyen-orient\/gaza-deliberement-etouffee-par-israel-laide-humanitaire-a-lagonie-20250425_5CCVIBNLG5BMNN5R7WB5JTQIQQ\/\">exacerb\u00e9e par plus de deux<\/a><\/p>\n","protected":false},"excerpt":{"rendered":"Le chiffre \u00e9claire \u00e0 la fois la dur\u00e9e insoutenable du supplice endur\u00e9 par les Gazaouis et l\u2019impuissance criante&hellip;\n","protected":false},"author":2,"featured_media":121294,"comment_status":"","ping_status":"","sticky":false,"template":"","format":"standard","meta":{"footnotes":""},"categories":[5],"tags":[11,1011,27,3517,3519,14,664,12,3521,28],"class_list":{"0":"post-121293","1":"post","2":"type-post","3":"status-publish","4":"format-standard","5":"has-post-thumbnail","7":"category-international","8":"tag-actualites","9":"tag-fr","10":"tag-france","11":"tag-gaza-l-escalade","12":"tag-hamas","13":"tag-international","14":"tag-israel","15":"tag-news","16":"tag-onu","17":"tag-world"},"share_on_mastodon":{"url":"https:\/\/pubeurope.com\/@fr\/114555684355803257","error":""},"_links":{"self":[{"href":"https:\/\/www.europesays.com\/fr\/wp-json\/wp\/v2\/posts\/121293","targetHints":{"allow":["GET"]}}],"collection":[{"href":"https:\/\/www.europesays.com\/fr\/wp-json\/wp\/v2\/posts"}],"about":[{"href":"https:\/\/www.europesays.com\/fr\/wp-json\/wp\/v2\/types\/post"}],"author":[{"embeddable":true,"href":"https:\/\/www.europesays.com\/fr\/wp-json\/wp\/v2\/users\/2"}],"replies":[{"embeddable":true,"href":"https:\/\/www.europesays.com\/fr\/wp-json\/wp\/v2\/comments?post=121293"}],"version-history":[{"count":0,"href":"https:\/\/www.europesays.com\/fr\/wp-json\/wp\/v2\/posts\/121293\/revisions"}],"wp:featuredmedia":[{"embeddable":true,"href":"https:\/\/www.europesays.com\/fr\/wp-json\/wp\/v2\/media\/121294"}],"wp:attachment":[{"href":"https:\/\/www.europesays.com\/fr\/wp-json\/wp\/v2\/media?parent=121293"}],"wp:term":[{"taxonomy":"category","embeddable":true,"href":"https:\/\/www.europesays.com\/fr\/wp-json\/wp\/v2\/categories?post=121293"},{"taxonomy":"post_tag","embeddable":true,"href":"https:\/\/www.europesays.com\/fr\/wp-json\/wp\/v2\/tags?post=121293"}],"curies":[{"name":"wp","href":"https:\/\/api.w.org\/{rel}","templated":true}]}}