{"id":121299,"date":"2025-05-23T06:18:08","date_gmt":"2025-05-23T06:18:08","guid":{"rendered":"https:\/\/www.europesays.com\/fr\/121299\/"},"modified":"2025-05-23T06:18:08","modified_gmt":"2025-05-23T06:18:08","slug":"saint-etienne-cinq-ans-apres-la-plaque-hommage-aux-40-juifs-deportes-a-auschwitz-va-enfin-etre-inaguree","status":"publish","type":"post","link":"https:\/\/www.europesays.com\/fr\/121299\/","title":{"rendered":"Saint-\u00c9tienne. Cinq ans apr\u00e8s, la plaque hommage aux 40 juifs d\u00e9port\u00e9s \u00e0 Auschwitz va enfin \u00eatre inagur\u00e9e"},"content":{"rendered":"<p>Cinq\u00a0ans. C\u2019est le temps qu\u2019il se sera \u00e9coul\u00e9 entre la pose par la Ville, en mars\u00a02020, de la plaque comm\u00e9morative de la rafle du 26\u00a0ao\u00fbt 1942 et son inauguration, qui aura lieu ce lundi 26\u00a0mai 2025.<\/p>\n<p>Cet \u00e9criteau, fix\u00e9 sur l\u2019un des piliers du portail d\u2019entr\u00e9e de la Maison de quartier du Soleil, est le fruit d\u2019un travail de recoupements et de recherches historiques dont les membres du groupe \u00ab\u00a0m\u00e9moire\u00a0\u00bb de la Maison de quartier ont \u00e9t\u00e9 \u00e0 l\u2019initiative pendant&#8230;<\/p>\n","protected":false},"excerpt":{"rendered":"Cinq\u00a0ans. C\u2019est le temps qu\u2019il se sera \u00e9coul\u00e9 entre la pose par la Ville, en mars\u00a02020, de la&hellip;\n","protected":false},"author":2,"featured_media":121300,"comment_status":"","ping_status":"","sticky":false,"template":"","format":"standard","meta":{"footnotes":""},"categories":[9653],"tags":[1111,11,2430,7539,1777,674,1011,27,937,12,25,4001,7538,104],"class_list":{"0":"post-121299","1":"post","2":"type-post","3":"status-publish","4":"format-standard","5":"has-post-thumbnail","7":"category-saint-etienne","8":"tag-actu","9":"tag-actualites","10":"tag-auvergne-rhone-alpes","11":"tag-edition-loire-sud","12":"tag-eu","13":"tag-europe","14":"tag-fr","15":"tag-france","16":"tag-histoire","17":"tag-news","18":"tag-republique-francaise","19":"tag-saint-etienne","20":"tag-saint-etienne-ville","21":"tag-societe"},"share_on_mastodon":{"url":"https:\/\/pubeurope.com\/@fr\/114555696497040418","error":""},"_links":{"self":[{"href":"https:\/\/www.europesays.com\/fr\/wp-json\/wp\/v2\/posts\/121299","targetHints":{"allow":["GET"]}}],"collection":[{"href":"https:\/\/www.europesays.com\/fr\/wp-json\/wp\/v2\/posts"}],"about":[{"href":"https:\/\/www.europesays.com\/fr\/wp-json\/wp\/v2\/types\/post"}],"author":[{"embeddable":true,"href":"https:\/\/www.europesays.com\/fr\/wp-json\/wp\/v2\/users\/2"}],"replies":[{"embeddable":true,"href":"https:\/\/www.europesays.com\/fr\/wp-json\/wp\/v2\/comments?post=121299"}],"version-history":[{"count":0,"href":"https:\/\/www.europesays.com\/fr\/wp-json\/wp\/v2\/posts\/121299\/revisions"}],"wp:featuredmedia":[{"embeddable":true,"href":"https:\/\/www.europesays.com\/fr\/wp-json\/wp\/v2\/media\/121300"}],"wp:attachment":[{"href":"https:\/\/www.europesays.com\/fr\/wp-json\/wp\/v2\/media?parent=121299"}],"wp:term":[{"taxonomy":"category","embeddable":true,"href":"https:\/\/www.europesays.com\/fr\/wp-json\/wp\/v2\/categories?post=121299"},{"taxonomy":"post_tag","embeddable":true,"href":"https:\/\/www.europesays.com\/fr\/wp-json\/wp\/v2\/tags?post=121299"}],"curies":[{"name":"wp","href":"https:\/\/api.w.org\/{rel}","templated":true}]}}