{"id":121301,"date":"2025-05-23T06:19:10","date_gmt":"2025-05-23T06:19:10","guid":{"rendered":"https:\/\/www.europesays.com\/fr\/121301\/"},"modified":"2025-05-23T06:19:10","modified_gmt":"2025-05-23T06:19:10","slug":"les-gens-ne-nous-ont-pas-oublies-ca-flatte-notre-ego","status":"publish","type":"post","link":"https:\/\/www.europesays.com\/fr\/121301\/","title":{"rendered":"\u00ab\u00a0Les gens ne nous ont pas oubli\u00e9s, \u00e7a flatte notre ego\u00a0\u00bb"},"content":{"rendered":"<p>Samedi soir, les Verts seront pr\u00e9sents \u00e0 Saint-Denis pour la finale de la coupe de France PSG-Reims. Pas les joueurs de l\u2019\u00e9quipe actuelle, \u00e9videmment, en vacances forc\u00e9es apr\u00e8s avoir laiss\u00e9 \u00e9chapper leur chance de disputer les barrages. Mais leurs glorieux a\u00een\u00e9s, oui, invit\u00e9s 50 ans apr\u00e8s leur succ\u00e8s face \u00e0 Lens (2-0, le 14\u00a0juin 1975), gr\u00e2ce \u00e0 l\u2019op\u00e9ration conjointe men\u00e9e par <a href=\"https:\/\/www.leprogres.fr\/p\/jean-michel-larque\" target=\"_blank\" rel=\"noopener\">Jean-Michel Larqu\u00e9<\/a> et le patron des brioches Pasquier, sponsor de l\u2019\u00e9preuve.\u00a0<\/p>\n<p>\u00c0 un an du cinquantenaire de la finale de Glasgow, ils seront une dizaine des joueurs de l\u2019\u00e9poque r\u00e9unis pour la bonne cause (1) autour de leur pr\u00e9sident Dominique Bathenay. L\u2019ancien milieu de terrain a pris le temps de plonger dans ses souvenirs mais aussi d\u2019\u00e9voquer l\u2019actualit\u00e9 br\u00fblante du club st\u00e9phanois.<\/p>\n<p>\u00ab\u00a0En 1975-76, l\u2019impression que rien ne pouvait nous arriver\u00a0\u00bb<\/p>\n<blockquote class=\"question\"><p>50 ans apr\u00e8s, quels souvenirs gardez-vous de la finale victorieuse contre Lens\u00a0?<\/p><\/blockquote>\n<p>\u00ab\u00a0J\u2019ai du&#8230;<\/p>\n","protected":false},"excerpt":{"rendered":"Samedi soir, les Verts seront pr\u00e9sents \u00e0 Saint-Denis pour la finale de la coupe de France PSG-Reims. Pas&hellip;\n","protected":false},"author":2,"featured_media":121302,"comment_status":"","ping_status":"","sticky":false,"template":"","format":"standard","meta":{"footnotes":""},"categories":[9653],"tags":[1111,11,4000,2430,15922,7539,1777,674,107,63,1011,27,4002,3367,12,25,4001,7538,4604,517],"class_list":{"0":"post-121301","1":"post","2":"type-post","3":"status-publish","4":"format-standard","5":"has-post-thumbnail","7":"category-saint-etienne","8":"tag-actu","9":"tag-actualites","10":"tag-asse-as-saint-etienne-football","11":"tag-auvergne-rhone-alpes","12":"tag-coupe-de-france-de-football","13":"tag-edition-loire-sud","14":"tag-eu","15":"tag-europe","16":"tag-fil-info","17":"tag-football","18":"tag-fr","19":"tag-france","20":"tag-haute-loire","21":"tag-loire","22":"tag-news","23":"tag-republique-francaise","24":"tag-saint-etienne","25":"tag-saint-etienne-ville","26":"tag-selection-abonne","27":"tag-sport"},"share_on_mastodon":{"url":"https:\/\/pubeurope.com\/@fr\/114555700096681195","error":""},"_links":{"self":[{"href":"https:\/\/www.europesays.com\/fr\/wp-json\/wp\/v2\/posts\/121301","targetHints":{"allow":["GET"]}}],"collection":[{"href":"https:\/\/www.europesays.com\/fr\/wp-json\/wp\/v2\/posts"}],"about":[{"href":"https:\/\/www.europesays.com\/fr\/wp-json\/wp\/v2\/types\/post"}],"author":[{"embeddable":true,"href":"https:\/\/www.europesays.com\/fr\/wp-json\/wp\/v2\/users\/2"}],"replies":[{"embeddable":true,"href":"https:\/\/www.europesays.com\/fr\/wp-json\/wp\/v2\/comments?post=121301"}],"version-history":[{"count":0,"href":"https:\/\/www.europesays.com\/fr\/wp-json\/wp\/v2\/posts\/121301\/revisions"}],"wp:featuredmedia":[{"embeddable":true,"href":"https:\/\/www.europesays.com\/fr\/wp-json\/wp\/v2\/media\/121302"}],"wp:attachment":[{"href":"https:\/\/www.europesays.com\/fr\/wp-json\/wp\/v2\/media?parent=121301"}],"wp:term":[{"taxonomy":"category","embeddable":true,"href":"https:\/\/www.europesays.com\/fr\/wp-json\/wp\/v2\/categories?post=121301"},{"taxonomy":"post_tag","embeddable":true,"href":"https:\/\/www.europesays.com\/fr\/wp-json\/wp\/v2\/tags?post=121301"}],"curies":[{"name":"wp","href":"https:\/\/api.w.org\/{rel}","templated":true}]}}