{"id":121309,"date":"2025-05-23T06:23:09","date_gmt":"2025-05-23T06:23:09","guid":{"rendered":"https:\/\/www.europesays.com\/fr\/121309\/"},"modified":"2025-05-23T06:23:09","modified_gmt":"2025-05-23T06:23:09","slug":"un-stade-quon-adore-mais-qui-doit-evoluer-bernard-lemaitre-livre-sa-vision-dun-mayol-digne-du-rct-a-toulon","status":"publish","type":"post","link":"https:\/\/www.europesays.com\/fr\/121309\/","title":{"rendered":"\u00ab\u00a0Un stade qu\u2019on adore mais qui doit \u00e9voluer\u00a0\u00bb: Bernard Lemaitre livre sa vision d\u2019un Mayol digne du RCT \u00e0 Toulon"},"content":{"rendered":"<p>Rare, la parole de Bernard Lemaitre ne laisse g\u00e9n\u00e9ralement pas grand monde indiff\u00e9rent. D\u00e9but mai, le pr\u00e9sident du RCT avait \u00e9voqu\u00e9, dans nos colonnes, l\u2019id\u00e9e d\u2019un \u00ab\u00a0autre stade, capable d\u2019accueillir les spectateurs d\u2019une fa\u00e7on plus confortable, plus s\u00e9curis\u00e9e et en produisant plus de revenus\u00a0\u00bb. Un torrent de r\u00e9actions s\u2019\u00e9tait ensuivi, souvent peu am\u00e8nes \u00e0 l\u2019\u00e9gard de celui qui avait eu le malheur de critiquer Mayol. L\u2019enceinte, v\u00e9tuste, souffre de la comparaison avec la plupart des grands stades de l\u2019Hexagone? Qu\u2019importe, pour les supporters des Rouge et Noir: on n\u2019\u00e9gratigne pas impun\u00e9ment \u00ab\u00a0l\u2019antre l\u00e9gendaire\u00a0\u00bb du XV toulonnais.<\/p>\n<p>Mardi, Bernard Lemaitre a pourtant remis \u00e7a. D\u00e9m\u00e9nagement de l\u2019\u00e9crin du centre-ville ou pistes de modernisation pour le stade n\u00e9 \u00e0 Besagne en 1919 \u2013 et toujours propri\u00e9t\u00e9 municipale: <a href=\"https:\/\/www.youtube.com\/watch?v=dRHcRvus53Q\" target=\"_blank\" rel=\"noopener nofollow\">c\u2019est au m\u00e9dia web RazCast TV<\/a>, avec Serge Oddo et Patrick Fornet derri\u00e8re le micro, que l\u2019homme de 86 ans a pr\u00e9cis\u00e9 sa pens\u00e9e. Extraits.<\/p>\n<p>              <img ci-src=\"https:\/\/www.varmatin.com\/vie-locale\/protec\/DATA_ART_15573086-QFl21PbV.jpg?vh=f89ccf&amp;ci_seal=3da3659101\" alt=\"\"\/><br \/>\n        Bernard Lemaitre. <\/p>\n<p>                                Son interview \u00e0 Var-matin du 9 mai<\/p>\n<p>\u00ab\u00a0\u00c7a a fait h\u00e9risser quelques poils mais ce n\u2019est pas grave, car les faits sont les faits. On a un stade qu\u2019on adore mais qui doit \u00e9voluer, d\u00e9j\u00e0, sur le plan de la ma\u00eetrise des risques. Et pas seulement le risque que le toit nous tombe sur la t\u00eate. Je ferai une liste \u00e0 Madame le maire: beaucoup de choses nous font courir le risque de ne pas \u00eatre qualifi\u00e9 pour continuer \u00e0 jouer \u00e0 Mayol. C\u2019est une r\u00e9alit\u00e9. Il faut qu\u2019on aide les gens du monde politique \u00e0 prendre conscience de \u00e7a, m\u00eame s\u2019ils n\u2019ont pas envie de le voir.\u00a0\u00bb<\/p>\n<p>Quitter ou ne pas quitter Mayol<\/p>\n<p>\u00ab\u00a0Moi, je suis responsable de l\u2019avenir du club. J\u2019ai simplement dit (\u00e0 Var-matin, Ndlr) que si jamais il n\u2019y avait pas de solution \u00e0 Mayol, il faudrait envisager autre chose. D\u2019ici l\u00e0, il faut d\u00e9j\u00e0 songer \u00e0 am\u00e9liorer Mayol; un chantier in\u00e9vitable \u00e0 court ou moyen terme. Penser \u00e0 un nouveau stade, c\u2019est une affaire de dix ans. (&#8230;) Aujourd\u2019hui, il y a une petite incompr\u00e9hension avec la mairie sur cette histoire d\u2019externalisation. On va laisser \u00e7a de c\u00f4t\u00e9. Je n\u2019ai jamais eu l\u2019id\u00e9e qu\u2019on pouvait d\u00e9localiser en dehors de Mayol dans un d\u00e9lai court. C\u2019est compl\u00e8tement irr\u00e9aliste.\u00a0\u00bb<\/p>\n<p>\u00ab\u00a0Il n\u2019y a rien de plus beau que Mayol qui chante?\u00a0\u00bb<\/p>\n<p>\u00ab\u00a0Je connais bien l\u2019opinion d\u2019Hubert Falco. Quand Mayol chante, c\u2019est le plus beau stade du monde. Il faut arr\u00eater! Ce sont des incantations. On est dans le lyrisme! La r\u00e9alit\u00e9, c\u2019est qu\u2019il y a d\u2019aussi bonnes ambiances \u00e0 Castres qu\u2019\u00e0 Mayol.\u00a0\u00bb<\/p>\n<p>\u00ab\u00a0Des endroits dans le stade sont indignes\u00a0\u00bb<\/p>\n<p>\u00ab\u00a0Il existe des solutions techniques (pour moderniser Mayol, Ndlr). La premi\u00e8re am\u00e9lioration, c\u2019est assurer la s\u00e9curit\u00e9. La deuxi\u00e8me, c\u2019est am\u00e9liorer le confort des spectateurs. Des endroits dans le stade sont indignes. On fait payer des gens pour voir un spectacle, certes, mais \u00e7a ne veut pas dire qu\u2019il faut les accueillir dans des endroits insalubres. C\u2019est le cas. Et \u00e7a, je ne crois pas que nos \u00e9diles le savent&#8230;\u00a0\u00bb<\/p>\n<p>Couvrir les virages<\/p>\n<p>\u00ab La sono, \u00e7a va \u00eatre fait. L\u2019\u00e9clairage aussi, qui est une r\u00e9quisition absolue de la part de Canal +. (&#8230;) Le stade doit \u00eatre une source de revenus. Aujourd\u2019hui, \u00e7a ne l\u2019est pas.<\/p>\n<p>\u00c0 Delangre, on pourrait faire des choses. Il y a trois ans, j\u2019en avais parl\u00e9 \u00e0 Hubert Falco, qui n\u2019avait pas dit non. L\u2019id\u00e9e \u00e9tait de couronner la tribune Delangre avec un tr\u00e8s grand salon capable d\u2019accueillir 300 ou 400 personnes. \u00c7a n\u00e9cessite de soutenir la tribune. C\u2019est rest\u00e9 lettre morte. Autre chose auquel je tiens: couvrir les deux virages. Il ne pleut pas souvent mais, quand il pleut, il faut du courage pour aller au stade. Et quand il y a du soleil, il y fait tr\u00e8s chaud. Il faut respecter ces gens-l\u00e0.<\/p>\n<p>\u00c0 Lafontan, il faudrait mettre deux ou trois ascenseurs pour les personnes \u00e0 mobilit\u00e9 r\u00e9duite. Des trucs qui ne co\u00fbtent pas tr\u00e8s chers. On a eu le cas avec Mathieu Lartot, journaliste handicap\u00e9. Tout \u00e7a, c\u2019est du boulot. On en est au stade des desiderata. Apr\u00e8s, on va entamer un dialogue avec la mairie. Jusqu\u2019alors, on a un dialogue extr\u00eamement constructif. \u00bb<\/p><\/p>\n","protected":false},"excerpt":{"rendered":"Rare, la parole de Bernard Lemaitre ne laisse g\u00e9n\u00e9ralement pas grand monde indiff\u00e9rent. D\u00e9but mai, le pr\u00e9sident du&hellip;\n","protected":false},"author":2,"featured_media":121310,"comment_status":"","ping_status":"","sticky":false,"template":"","format":"standard","meta":{"footnotes":""},"categories":[9619],"tags":[1111,11,1777,674,1011,27,12,882,25,60,2310,3366],"class_list":{"0":"post-121309","1":"post","2":"type-post","3":"status-publish","4":"format-standard","5":"has-post-thumbnail","7":"category-toulon","8":"tag-actu","9":"tag-actualites","10":"tag-eu","11":"tag-europe","12":"tag-fr","13":"tag-france","14":"tag-news","15":"tag-provence-alpes-cote-dazur","16":"tag-republique-francaise","17":"tag-sports","18":"tag-toulon","19":"tag-vie-locale"},"share_on_mastodon":{"url":"https:\/\/pubeurope.com\/@fr\/114555715907494278","error":""},"_links":{"self":[{"href":"https:\/\/www.europesays.com\/fr\/wp-json\/wp\/v2\/posts\/121309","targetHints":{"allow":["GET"]}}],"collection":[{"href":"https:\/\/www.europesays.com\/fr\/wp-json\/wp\/v2\/posts"}],"about":[{"href":"https:\/\/www.europesays.com\/fr\/wp-json\/wp\/v2\/types\/post"}],"author":[{"embeddable":true,"href":"https:\/\/www.europesays.com\/fr\/wp-json\/wp\/v2\/users\/2"}],"replies":[{"embeddable":true,"href":"https:\/\/www.europesays.com\/fr\/wp-json\/wp\/v2\/comments?post=121309"}],"version-history":[{"count":0,"href":"https:\/\/www.europesays.com\/fr\/wp-json\/wp\/v2\/posts\/121309\/revisions"}],"wp:featuredmedia":[{"embeddable":true,"href":"https:\/\/www.europesays.com\/fr\/wp-json\/wp\/v2\/media\/121310"}],"wp:attachment":[{"href":"https:\/\/www.europesays.com\/fr\/wp-json\/wp\/v2\/media?parent=121309"}],"wp:term":[{"taxonomy":"category","embeddable":true,"href":"https:\/\/www.europesays.com\/fr\/wp-json\/wp\/v2\/categories?post=121309"},{"taxonomy":"post_tag","embeddable":true,"href":"https:\/\/www.europesays.com\/fr\/wp-json\/wp\/v2\/tags?post=121309"}],"curies":[{"name":"wp","href":"https:\/\/api.w.org\/{rel}","templated":true}]}}