{"id":121315,"date":"2025-05-23T06:26:08","date_gmt":"2025-05-23T06:26:08","guid":{"rendered":"https:\/\/www.europesays.com\/fr\/121315\/"},"modified":"2025-05-23T06:26:08","modified_gmt":"2025-05-23T06:26:08","slug":"pres-de-rouen-une-ecole-se-dote-dun-equipement-un-peu-special","status":"publish","type":"post","link":"https:\/\/www.europesays.com\/fr\/121315\/","title":{"rendered":"pr\u00e8s de Rouen, une \u00e9cole se dote d&rsquo;un \u00e9quipement un peu sp\u00e9cial"},"content":{"rendered":"<p>            Par<br \/>\n        <strong><br \/>\n            <a href=\"https:\/\/actu.fr\/auteur\/adrien-filoche\" title=\"Consulter tous les articles de Adrien Filoche\" rel=\"nofollow noopener\" target=\"_blank\">Adrien Filoche<\/a><br \/>\n        <\/strong><\/p>\n<p>        Publi\u00e9 le<\/p>\n<p>            23 mai 2025 \u00e0 7h52        <\/p>\n<p>\u00ab\u2009C\u2019est une premi\u00e8re en France\u2009\u00bb, se f\u00e9licite <strong>Julie Lesage<\/strong>, la maire de <a href=\"https:\/\/actu.fr\/normandie\/grand-couronne_76319\" rel=\"nofollow noopener\" target=\"_blank\">Grand-Couronne (Seine-Maritime)<\/a>, se tenant face \u00e0 ce nouvel \u00e9quipement sorti de terre. Devant elle se dresse le nouveau b\u00e2timent p\u00e9riscolaire <strong>de l\u2019\u00e9cole Victor-Hugo<\/strong>. Que ce soit le sol, les murs, ou encore les fondations, ce b\u00e2timent est presque exclusivement compos\u00e9 de <strong>mat\u00e9riaux de r\u00e9emploi.<\/strong> \u00ab\u2009C\u2019est quelque chose d\u2019unique dans le secteur public\u2009\u00bb, souligne la maire.<\/p>\n<p>\u00ab\u2009Redonner une nouvelle jeunesse \u00e0 l\u2019\u00e9cole\u2009\u00bb<\/p>\n<p class=\" wall-content\">Ces travaux entrent dans le cadre d\u2019un projet plus global de r\u00e9habilitation du groupe scolaire Victor-Hugo. Ce chantier regroupe ainsi des <strong>op\u00e9rations de renaturation<\/strong> et <strong>d\u2019isolation,<\/strong> ainsi que la construction de ce tout nouvel \u00e9quipement. \u00ab\u2009Il y avait tout \u00e0 faire, il fallait redonner une nouvelle jeunesse \u00e0 l\u2019\u00e9cole qui en avait bien besoin\u2009\u00bb, poursuit Julie Lesage.<\/p>\n<p class=\" wall-content\">L\u2019ancien local destin\u00e9 au p\u00e9riscolaire, un vieux b\u00e2timent des ann\u00e9es 1970 qui tr\u00f4nait au milieu de la cour d\u2019\u00e9cole, a \u00e9t\u00e9 d\u00e9truit d\u00e9but 2024 pour laisser place \u00e0 ce nouvel \u00e9quipement un peu particulier.<\/p>\n<p>Un b\u00e2timent construit avec des mat\u00e9riaux r\u00e9cup\u00e9r\u00e9s<\/p>\n<p class=\" wall-content\">Concernant le bois, qui compose la fa\u00e7ade du b\u00e2timent, il provient de <strong>r\u00e9cup\u00e9rations de fin de chantier<\/strong>. \u00ab\u2009Une grande partie est issue des caisses qui servaient aux transports de moteurs d\u2019\u00e9oliennes\u2009\u00bb, pr\u00e9cise par ailleurs l\u2019\u00e9lue.<\/p>\n<blockquote class=\"ac-article-quote wall-content\">\n<p>Nous avons \u00e9t\u00e9 accompagn\u00e9s par un ma\u00eetre d&rsquo;\u0153uvre sp\u00e9cialis\u00e9 dans les b\u00e2timents en r\u00e9emploi. Le b\u00e2timent est magnifique !<\/p>\n<p>    <strong>Julie Lesage<\/strong><br \/>\n        maire de Grand-Couronne    <\/p><\/blockquote>\n<p class=\" wall-content\">Pour le sol, ce sont <strong>des plastiques ramass\u00e9s en mer.<\/strong> Les fen\u00eatres, elles, ont \u00e9t\u00e9 r\u00e9cup\u00e9r\u00e9es aupr\u00e8s d\u2019entreprises. Pour l\u2019isolation, les ouvriers ont eu recours \u00e0 un <strong>enduit terre-paille.<\/strong> \u00ab\u2009Et pour les fondations, on a pris des pneus afin d\u2019utiliser moins de b\u00e9ton\u2009\u00bb, compl\u00e8te la maire.<\/p>\n<p>Une inauguration en juin<\/p>\n<p class=\" wall-content\">Le co\u00fbt de cet \u00e9quipement novateur est d\u2019environ 545\u2009000\u00a0euros pour la municipalit\u00e9, auxquels s\u2019ajoutent 515\u2009000\u00a0euros d\u00e9pens\u00e9s pour les travaux de renaturation et d\u2019isolation de l\u2019\u00e9cole. \u00ab\u2009Nous avons \u00e9t\u00e9 subventionn\u00e9s \u00e0 hauteur de 52\u2009% pour l\u2019ensemble des projets par la Caf, la M\u00e9tropole, le D\u00e9partement ainsi que trois m\u00e9c\u00e8nes\u2009\u00bb, note Julie Lesage.<\/p>\n<p class=\" wall-content\">Le chantier du futur b\u00e2timent p\u00e9riscolaire<strong> doit se terminer dans les prochaines semaines<\/strong>, tandis qu\u2019une inauguration est programm\u00e9e le 20 juin. Pass\u00e9 cette date, il sera op\u00e9rationnel pour l\u2019\u00e9quipe \u00e9ducative et les enfants.<\/p>\n<p>Suivez l\u2019actualit\u00e9 de Rouen sur <a href=\"https:\/\/www.whatsapp.com\/channel\/0029VaKfnf99hXF2ddApFB1D\" rel=\"nofollow noopener\" target=\"_blank\">notre cha\u00eene WhatsApp<\/a> et sur <a href=\"https:\/\/www.tiktok.com\/@76actu.fr?lang=fr\" rel=\"nofollow noopener\" target=\"_blank\">notre compte TikTok<\/a><\/p>\n<p class=\" wall-content\">Suivez toute l\u2019actualit\u00e9 de vos villes et m\u00e9dias favoris en vous inscrivant \u00e0 <a href=\"https:\/\/moncompte.actu.fr\" title=\"D\u00e9couvez Mon Actu\" rel=\"nofollow noopener\" data-trk=\"{&quot;cta&quot;:{&quot;action&quot;:&quot;https:\\\/\\\/moncompte.actu.fr&quot;,&quot;category&quot;:&quot;mon compte&quot;,&quot;from&quot;:&quot;article footer&quot;,&quot;name&quot;:&quot;Mon actu&quot;,&quot;type&quot;:&quot;cta&quot;}}\" target=\"_blank\">Mon Actu<\/a>.<\/p>\n<p>                    <script async src=\"\/\/www.tiktok.com\/embed.js\"><\/script><\/p>\n","protected":false},"excerpt":{"rendered":"Par Adrien Filoche Publi\u00e9 le 23 mai 2025 \u00e0 7h52 \u00ab\u2009C\u2019est une premi\u00e8re en France\u2009\u00bb, se f\u00e9licite Julie&hellip;\n","protected":false},"author":2,"featured_media":121316,"comment_status":"","ping_status":"","sticky":false,"template":"","format":"standard","meta":{"footnotes":""},"categories":[9587],"tags":[1111,11,1057,1777,674,1011,27,12,5161,52,25,9590,2086],"class_list":{"0":"post-121315","1":"post","2":"type-post","3":"status-publish","4":"format-standard","5":"has-post-thumbnail","7":"category-rouen","8":"tag-actu","9":"tag-actualites","10":"tag-education","11":"tag-eu","12":"tag-europe","13":"tag-fr","14":"tag-france","15":"tag-news","16":"tag-normandie","17":"tag-planete","18":"tag-republique-francaise","19":"tag-rouen","20":"tag-travaux"},"share_on_mastodon":{"url":"https:\/\/pubeurope.com\/@fr\/114555727710018054","error":""},"_links":{"self":[{"href":"https:\/\/www.europesays.com\/fr\/wp-json\/wp\/v2\/posts\/121315","targetHints":{"allow":["GET"]}}],"collection":[{"href":"https:\/\/www.europesays.com\/fr\/wp-json\/wp\/v2\/posts"}],"about":[{"href":"https:\/\/www.europesays.com\/fr\/wp-json\/wp\/v2\/types\/post"}],"author":[{"embeddable":true,"href":"https:\/\/www.europesays.com\/fr\/wp-json\/wp\/v2\/users\/2"}],"replies":[{"embeddable":true,"href":"https:\/\/www.europesays.com\/fr\/wp-json\/wp\/v2\/comments?post=121315"}],"version-history":[{"count":0,"href":"https:\/\/www.europesays.com\/fr\/wp-json\/wp\/v2\/posts\/121315\/revisions"}],"wp:featuredmedia":[{"embeddable":true,"href":"https:\/\/www.europesays.com\/fr\/wp-json\/wp\/v2\/media\/121316"}],"wp:attachment":[{"href":"https:\/\/www.europesays.com\/fr\/wp-json\/wp\/v2\/media?parent=121315"}],"wp:term":[{"taxonomy":"category","embeddable":true,"href":"https:\/\/www.europesays.com\/fr\/wp-json\/wp\/v2\/categories?post=121315"},{"taxonomy":"post_tag","embeddable":true,"href":"https:\/\/www.europesays.com\/fr\/wp-json\/wp\/v2\/tags?post=121315"}],"curies":[{"name":"wp","href":"https:\/\/api.w.org\/{rel}","templated":true}]}}