{"id":121323,"date":"2025-05-23T06:32:09","date_gmt":"2025-05-23T06:32:09","guid":{"rendered":"https:\/\/www.europesays.com\/fr\/121323\/"},"modified":"2025-05-23T06:32:09","modified_gmt":"2025-05-23T06:32:09","slug":"un-concert-pour-sa-preservation","status":"publish","type":"post","link":"https:\/\/www.europesays.com\/fr\/121323\/","title":{"rendered":"un concert pour sa pr\u00e9servation"},"content":{"rendered":"<p>Le c\u00e9l\u00e8bre violoniste, compositeur et com\u00e9dien Aleksey Igudesman, accompagn\u00e9 de l\u2019ensemble br\u00e9silien Ilumina, proposera un programme riche pour le concert Strings of the World organis\u00e9 le 30 mai \u00e0 l&rsquo;Aubette, \u00e0 Strasbourg. N\u00e9 \u00e0 S\u00e3o Paul, Ilumina est un projet rassemblant de jeunes musiciens br\u00e9siliens issus de tous horizons sociaux. Il est reconnu pour l\u2019excellence artistique de ses membres et son engagement social.<\/p>\n<p>Le programme du concert vous fera voyager \u00e0 travers les continents et les styles \u2013 de la samba \u00e0 Mozart. Des pi\u00e8ces comme la fantaisiste Gorgonzola Fantasy , le malicieux \u00a0Little Blue Danube Waltz ou encore l\u2019envo\u00fbtante Rumba de Mumbai illustrent le dialogue interculturel que pr\u00f4ne cette soir\u00e9e.<\/p>\n<p>Mais le rendez-vous a une autre vocation \u00a0: poser la question de l&rsquo;exploitation raisonn\u00e9e du bois de pernambouc, tr\u00e8s utilis\u00e9 dans la facture d&rsquo;instruments. Ce concert est ainsi un appel urgent contre le possible classement du pernambouc \u00e0 l\u2019annexe\u00a0I de la Convention de Washington sur <a href=\"https:\/\/www.dna.fr\/environnement\/2022\/11\/25\/commerce-et-peche-54-especes-de-requins-mieux-protegees-apres-une-decision-historique\" target=\"_blank\" rel=\"nofollow noopener\">le commerce international des esp\u00e8ces menac\u00e9es<\/a> (CITES).<\/p>\n<p>  Pr\u00e9server la ressource sans en restreindre drastiquement l&rsquo;acc\u00e8s<\/p>\n<p>Un paradoxe \u00a0? Cet arbre end\u00e9mique et embl\u00e9matique du Br\u00e9sil, Paubrasilia echinata de son nom botanique ou Pau-Brasil en portugais, avait \u00e9t\u00e9 class\u00e9 en juin\u00a02007 en annexe\u00a0II, ce qui avait d\u00e9j\u00e0 entra\u00een\u00e9 un contr\u00f4le renforc\u00e9 de son exportation.<\/p>\n<p>Ce contenu est bloqu\u00e9 car vous n&rsquo;avez pas accept\u00e9 les cookies et autres traceurs.<\/p>\n<p>En cliquant sur \u00ab J\u2019accepte \u00bb, les cookies et autres traceurs seront d\u00e9pos\u00e9s et vous pourrez visualiser les contenus  (<a href=\"\" class=\"consentModule_policy\" target=\"_blank\" title=\"Consulter la politique de protection des donn\u00e9es du fournisseur\">plus d&rsquo;informations<\/a>).<\/p>\n<p>En cliquant sur \u00ab J\u2019accepte tous les cookies \u00bb, vous autorisez des d\u00e9p\u00f4ts de cookies et autres traceurs pour le stockage de vos donn\u00e9es sur nos sites et applications \u00e0 des fins de personnalisation et de ciblage publicitaire.<\/p>\n<p class=\"consentModule_secondaryText\">Vous gardez la possibilit\u00e9 de retirer votre consentement \u00e0 tout moment en consultant notre <a href=\"https:\/\/www.dna.fr\/protection-des-donnees\" target=\"_blank\" title=\"Consulter notre politique de protection des donn\u00e9es\" rel=\"nofollow noopener\">politique de protection des donn\u00e9es<\/a>. <br \/>&#13;<br \/>\n            <a href=\"https:\/\/www.dna.fr\/culture-loisirs\/2025\/05\/23\/javascript:Didomi.notice.show()\" class=\"consentModule_cmp\" rel=\"nofollow noopener\" target=\"_blank\">G\u00e9rer mes choix<\/a>&#13;\n        <\/p>\n<p>&#13;<br \/>\n                        J&rsquo;accepte&#13;<br \/>\n            J&rsquo;accepte tous les cookies&#13;\n        <\/p>\n<p>Le classement en annexe\u00a0I aurait des cons\u00e9quences majeures pour le monde musical\u00a0: l\u2019utilisation, le commerce, le transport et m\u00eame la r\u00e9paration des archets en bois de pernambouc deviendraient extr\u00eamement compliqu\u00e9s, voire impossibles. D&rsquo;o\u00f9 ce double imp\u00e9ratif \u00a0: pr\u00e9server la ressource&#8230; sans pour autant en restreindre drastiquement l&rsquo;acc\u00e8s. \u00ab\u00a0La conservation du pernambouc est d\u2019une importance cruciale pour notre m\u00e9tier et pour la musique d\u2019instruments \u00e0 cordes. Pour les musiciens confirm\u00e9s et les professionnels, il n\u2019y a tout simplement pas de substitut \u00e0 la capacit\u00e9 de jeu et \u00e0 la cr\u00e9ation de tonalit\u00e9s rendues possibles par ce bois\u00a0\u00bb, insiste Thomas M. Gerbeth, archetier \u00e0 Vienne et pr\u00e9sident de l\u2019IPCI (International Pernambuco Conservation Initiative), qui existe depuis 2000. \u00ab\u00a0Il n\u2019est pas exag\u00e9r\u00e9 de dire que l\u2019avenir de la musique pour instruments \u00e0 cordes telle que nous la connaissons d\u00e9pend \u00e0 la fois de la conservation de l\u2019esp\u00e8ce et d\u2019une approche \u00e9quilibr\u00e9e de la r\u00e9glementation commerciale.\u00a0\u00bb<\/p>\n<p>En parall\u00e8le, cette mesure mettrait \u00e9galement en p\u00e9ril des projets pionniers de reboisement et de protection environnementale au Br\u00e9sil, fond\u00e9s sur plusieurs d\u00e9cennies de coop\u00e9ration locale. Un exemple remarquable de protection est le projet \u00ab\u00a0Plantar \u00c1gua\u00a0\u00bb (\u00ab\u00a0Planter l\u2019eau\u00a0\u00bb) dans l\u2019\u00e9tat de Bahia, qui pr\u00e9voit, avec le soutien de l\u2019IPCI et de la communaut\u00e9 locale, la cr\u00e9ation d\u2019une p\u00e9pini\u00e8re o\u00f9 seront cultiv\u00e9es des esp\u00e8ces d\u2019arbres indig\u00e8nes \u2013 dont le Pau-Brasil \u2013 destin\u00e9es \u00e0 la reforestation de zones d\u00e9grad\u00e9es et \u00e0 la restauration de l\u2019\u00e9quilibre hydrique de la r\u00e9serve.<\/p>\n<p>  Un manifeste artistique pour la biodiversit\u00e9<\/p>\n<p>Un moment symbolique fort de la soir\u00e9e sera la signature officielle d\u2019un accord de coop\u00e9ration entre l\u2019IPCI et Hamangai Marcos Melo Patax\u00f3, repr\u00e9sentante du peuple autochtone Patax\u00f3 H\u00e3-h\u00e3-h\u00e3e, pour soutenir ensemble des initiatives \u00e9cologiques. Strings of the World est bien plus qu\u2019un concert\u00a0: c\u2019est un manifeste artistique pour la biodiversit\u00e9, la diversit\u00e9 culturelle et la solidarit\u00e9 internationale.<\/p>\n<p class=\"note\">Strings of the World, concert en faveur de la pr\u00e9servation du pernambouc, vendredi 30\u00a0mai, \u00e0 la salle de l\u2019Aubette \u00e0 Strasbourg, \u00e0 19\u00a0h\u00a030. Entr\u00e9e libre. Recueil de dons pour soutenir les projets de conservation et de replantation men\u00e9s par l\u2019IPCI autour du Pau-Brasil. Placement libre, r\u00e9servation conseill\u00e9e sur www.ipci.international<\/p>\n","protected":false},"excerpt":{"rendered":"Le c\u00e9l\u00e8bre violoniste, compositeur et com\u00e9dien Aleksey Igudesman, accompagn\u00e9 de l\u2019ensemble br\u00e9silien Ilumina, proposera un programme riche pour&hellip;\n","protected":false},"author":2,"featured_media":121324,"comment_status":"","ping_status":"","sticky":false,"template":"","format":"standard","meta":{"footnotes":""},"categories":[2820],"tags":[1111,11,1477,1687,33,2880,436,1777,674,107,1011,27,775,873,12,25,640,2879],"class_list":{"0":"post-121323","1":"post","2":"type-post","3":"status-publish","4":"format-standard","5":"has-post-thumbnail","7":"category-strasbourg","8":"tag-actu","9":"tag-actualites","10":"tag-artisanat","11":"tag-culture-loisirs","12":"tag-economie","13":"tag-edition-strasbourg","14":"tag-environnement","15":"tag-eu","16":"tag-europe","17":"tag-fil-info","18":"tag-fr","19":"tag-france","20":"tag-grand-est","21":"tag-musique","22":"tag-news","23":"tag-republique-francaise","24":"tag-strasbourg","25":"tag-strasbourg-ville"},"share_on_mastodon":{"url":"https:\/\/pubeurope.com\/@fr\/114555751164173588","error":""},"_links":{"self":[{"href":"https:\/\/www.europesays.com\/fr\/wp-json\/wp\/v2\/posts\/121323","targetHints":{"allow":["GET"]}}],"collection":[{"href":"https:\/\/www.europesays.com\/fr\/wp-json\/wp\/v2\/posts"}],"about":[{"href":"https:\/\/www.europesays.com\/fr\/wp-json\/wp\/v2\/types\/post"}],"author":[{"embeddable":true,"href":"https:\/\/www.europesays.com\/fr\/wp-json\/wp\/v2\/users\/2"}],"replies":[{"embeddable":true,"href":"https:\/\/www.europesays.com\/fr\/wp-json\/wp\/v2\/comments?post=121323"}],"version-history":[{"count":0,"href":"https:\/\/www.europesays.com\/fr\/wp-json\/wp\/v2\/posts\/121323\/revisions"}],"wp:featuredmedia":[{"embeddable":true,"href":"https:\/\/www.europesays.com\/fr\/wp-json\/wp\/v2\/media\/121324"}],"wp:attachment":[{"href":"https:\/\/www.europesays.com\/fr\/wp-json\/wp\/v2\/media?parent=121323"}],"wp:term":[{"taxonomy":"category","embeddable":true,"href":"https:\/\/www.europesays.com\/fr\/wp-json\/wp\/v2\/categories?post=121323"},{"taxonomy":"post_tag","embeddable":true,"href":"https:\/\/www.europesays.com\/fr\/wp-json\/wp\/v2\/tags?post=121323"}],"curies":[{"name":"wp","href":"https:\/\/api.w.org\/{rel}","templated":true}]}}