{"id":121331,"date":"2025-05-23T06:36:16","date_gmt":"2025-05-23T06:36:16","guid":{"rendered":"https:\/\/www.europesays.com\/fr\/121331\/"},"modified":"2025-05-23T06:36:16","modified_gmt":"2025-05-23T06:36:16","slug":"portrait-qui-est-antoine-leroy-ce-procureur-venu-de-toulouse-pour-sinstaller-a-nantes","status":"publish","type":"post","link":"https:\/\/www.europesays.com\/fr\/121331\/","title":{"rendered":"Portrait. Qui est Antoine Leroy, ce procureur venu de Toulouse pour s&rsquo;installer \u00e0 Nantes\u00a0?"},"content":{"rendered":"<p>            Par<br \/>\n        <strong><br \/>\n            <a href=\"https:\/\/actu.fr\/auteur\/laure-gentil\" title=\"Consulter tous les articles de Laure Gentil\" target=\"_blank\" rel=\"noopener\">Laure Gentil<\/a><br \/>\n        <\/strong><\/p>\n<p>        Publi\u00e9 le<\/p>\n<p>            23 mai 2025 \u00e0 7h32        <\/p>\n<p>Il a \u00e9chang\u00e9 une vue de la Garonne pour la Loire. <strong>Antoine Leroy<\/strong>, 60\u00a0ans, est procureur de <a href=\"https:\/\/actu.fr\/nantes\" target=\"_blank\" rel=\"noopener\">Nantes<\/a> depuis maintenant quatre mois. Mais il connaissait d\u00e9j\u00e0 bien la cit\u00e9 des ducs de Bretagne ayant commenc\u00e9 sa carri\u00e8re non loin, \u00e0 <strong>Saint-Nazaire.<\/strong><\/p>\n<p class=\" wall-content\">D\u00e9j\u00e0 bien habitu\u00e9 \u00e0 son nouveau lieu de travail, il n\u2019est pas rare d\u2019apercevoir sa tr\u00e8s grande silhouette dans la salle des pas perdus. C\u2019est dans son bureau, qu\u2019il a accept\u00e9 de rencontrer\u00a0<a href=\"https:\/\/actu.fr\/nantes\/\" target=\"_blank\" rel=\"noopener\">actu Nantes<\/a> pour un entretien.<\/p>\n<p>\u00ab\u2009\u00c0\u00a0300\u00a0m\u00e8tres de chez moi, il y avait une fac de droit\u2009\u00bb<\/p>\n<p class=\" wall-content\">Antoine Leroy est <strong>n\u00e9 \u00e0 Paris<\/strong>. Fils de m\u00e9decin, rien ne le pr\u00e9destinait \u00e0 la magistrature, un monde compl\u00e8tement inconnu pour sa famille\u2009: \u00ab\u2009Encore aujourd\u2019hui, je ne suis pas s\u00fbr qu\u2019ils comprennent bien ce qu\u2019est la magistrature\u2009\u00bb, nous dit-il un sourire en coin. Il n\u2019y avait pas non plus de sa part une vocation personnelle et<strong> invoque le hasard.<\/strong><\/p>\n<blockquote class=\"ac-article-quote wall-content\">\n<p>Le droit ce n\u2019est pas attirant du tout, mais \u00e0 l\u2019\u00e9poque je vivais \u00e0 Sceaux (\u00cele-de-France) et \u00e0 300\u00a0m\u00e8tres de chez moi, il y avait une fac de droit. Si \u00e7a avait \u00e9t\u00e9 une fac de litt\u00e9rature, j\u2019aurais fait litt\u00e9rature.<\/p>\n<p>    <strong>Antoine Leroy<\/strong><br \/>\n        Procureur de Nantes    <\/p><\/blockquote>\n<p class=\" wall-content\">Apr\u00e8s sa ma\u00eetrise de droit (l\u2019\u00e9quivalent d\u2019une licence) en poche, Antoine Leroy entre \u00e0 <strong>Sciences Po Paris<\/strong>, dans la \u00ab\u2009section service public\u2009\u00bb qui l\u2019int\u00e9ressait.<\/p>\n<p class=\" wall-content\">Mains crois\u00e9es, coudes sur le fauteuil, il se rappelle cette p\u00e9riode avec un certain humour\u2009: \u00ab\u2009On avait le choix, si on \u00e9tait tr\u00e8s intelligent et tr\u00e8s travailleur on faisait l\u2019ENA (\u00c9cole Nationale de l\u2019Administration N.D.L.R), si on \u00e9tait moins intelligent, tr\u00e8s sympathique, mais tout aussi travailleur on faisait l\u2019ENM (\u00c9cole Nationale de la Magistrature N.D.L.R).\u2009\u00bb<\/p>\n<p class=\" wall-content\">Il d\u00e9cide de s\u2019inscrire dans la premi\u00e8re pr\u00e9pa ENM de Sciences Po, le directeur de l\u2019\u00e9poque partant du principe \u00ab\u2009qu\u2019il n\u2019y avait pas que l\u2019ENA dans la vie\u2009\u00bb. Pari gagn\u00e9, il r\u00e9ussit le concours d\u2019entr\u00e9e \u00e0 l\u2019ENM.<\/p>\n<blockquote class=\"ac-article-quote wall-content\">\n<p>Je n\u2019avais jamais \u00e9t\u00e9 dans un tribunal. Je ne connaissais pas les magistrats. Je suis entr\u00e9 \u00e0 l\u2019ENM et j\u2019ai trouv\u00e9 \u00e7a formidable. <\/p>\n<p>    <strong>Antoine Leroy<\/strong><br \/>\n        Procureur de Nantes    <\/p><\/blockquote>\n<p class=\" wall-content\">Le magistrat insiste, il ne regrette pas son choix de carri\u00e8re et en appr\u00e9cie la \u00ab\u2009diversit\u00e9 de m\u00e9tiers\u2009\u00bb. Une diversit\u00e9 dont il a profit\u00e9, <strong>alternant si\u00e8ge et parquet.<\/strong><\/p>\n<p>Des premi\u00e8res assises inoubliables<\/p>\n<p class=\" wall-content\">\u00c0 sa sortie, il choisit de devenir<strong> substitut du procureur \u00e0 <a href=\"https:\/\/actu.fr\/pays-de-la-loire\/saint-nazaire_44184\" target=\"_blank\" rel=\"noopener\">Saint-Nazaire<\/a><\/strong>, en partie pour celle qui deviendra par la suite son \u00e9pouse, magistrate elle aussi, qui travaillait non loin.<\/p>\n<p class=\" wall-content\">\u00ab\u2009C\u2019\u00e9tait une juridiction avec peu de monde, donc on faisait de tout, se souvient-il. J\u2019avais des responsabilit\u00e9s, <strong>j\u2019allais requ\u00e9rir \u00e0 Nantes aux assises<\/strong>, je faisais le parquet des mineurs, les stups\u2026 C\u2019\u00e9tait large, aujourd\u2019hui les magistrats sont plus sp\u00e9cialis\u00e9s.\u2009\u00bb<\/p>\n<p class=\" wall-content\">Il n\u2019a d\u2019ailleurs jamais oubli\u00e9 ses premi\u00e8res assises\u2009: \u00ab\u2009Je m\u2019en souviens tr\u00e8s bien de cette affaire, alors que j\u2019en ai oubli\u00e9 d\u2019autres. C\u2019\u00e9tait dans une commune connue pour son tr\u00e8s bon cidre, K\u00e9risac.\u2009\u00bb<\/p>\n<p class=\" wall-content\">Il quitte finalement l\u2019Hexagone pour <strong>Fort-de-France, en Martinique<\/strong> en tant que<strong> juge plac\u00e9<\/strong>, un magistrat d\u00e9di\u00e9 \u00e0 renforcer une juridiction en occupant des postes diff\u00e9rents.<\/p>\n<p>Une vie aux Antilles \u00ab\u2009formidable\u2009\u00bb<\/p>\n<p class=\" wall-content\">Il d\u00e9crit cette p\u00e9riode de sa vie comme \u00ab\u2009formidable\u2009\u00bb. Les Antilles n\u2019\u00e9taient pas un terrain inconnu pour Antoine Leroy, sa belle-famille \u00e9tant Guadeloup\u00e9enne. Il en garde un tr\u00e8s bon souvenir \u00ab\u2009\u00e0 la fois personnel et professionnel\u2009\u00bb.<\/p>\n<p class=\" wall-content\">Son poste lui a permis d\u2019\u00eatre juge d\u2019instruction, mais aussi juge aux affaires familiales et <strong>juge pour enfants.<\/strong> C\u2019est \u00e0 ce dernier r\u00f4le qu\u2019il se consacre apr\u00e8s deux ans. Il en appr\u00e9cie le \u00ab\u2009c\u00f4t\u00e9 \u00e9ducatif\u2009\u00bb et reconna\u00eet avec s\u00e9r\u00e9nit\u00e9 avoir eu une r\u00e9putation de juge \u00ab\u2009s\u00e9v\u00e8re\u2009\u00bb.<\/p>\n<blockquote class=\"ac-article-quote wall-content\">\n<p>Aux Antilles, il y a une sp\u00e9cificit\u00e9, les situations pouvaient sembler dramatiques mais malgr\u00e9 tout, l\u2019enfant est tr\u00e8s prot\u00e9g\u00e9. Quand il y avait placement, il y avait toujours quelqu\u2019un de la famille pr\u00eat \u00e0 prendre l\u2019enfant, ce qui n\u2019est pas forc\u00e9ment le cas en m\u00e9tropole.<\/p>\n<p>    <strong>Antoine Leroy<\/strong><br \/>\n        Procureur de Nantes    <\/p><\/blockquote>\n<p class=\" wall-content\">Au fur et \u00e0 mesure des ann\u00e9es, Antoine Leroy a appris \u00e0 <strong>se forger une carapace,<\/strong> pour r\u00e9sister aux enqu\u00eates parfois difficiles \u00e9motionnellement. \u00ab\u2009Quand les enfants sont gravement victimes, il y a quelque chose de plus lourd. Au final, on s\u2019habitue\u2009\u00bb, explique-t-il simplement.<\/p>\n<p>Nantes, une ville qui a chang\u00e9 en bien<\/p>\n<p class=\" wall-content\">Comme son arriv\u00e9e \u00e0 la magistrature, sa mutation au <strong>tribunal de Foix<\/strong> en tant que procureur est le fruit du hasard. Il <strong>s\u2019installe \u00e0 <a href=\"https:\/\/actu.fr\/toulouse\/\" target=\"_blank\" rel=\"noopener\">Toulouse<\/a><\/strong> \u00ab\u2009une ville tr\u00e8s attachante\u2009\u00bb, qu\u2019il ne quittera jamais vraiment.<\/p>\n<p class=\" wall-content\"><strong>Pendant 20\u00a0ans,<\/strong> Antoine Leroy <strong>reste en Occitanie<\/strong>\u2009: Carcassonne, Agen puis directement la Ville Rose o\u00f9 il devient procureur adjoint. \u00ab\u2009J\u2019ai boug\u00e9 sans bouger\u2009\u00bb, remarque ce v\u00e9t\u00e9ran du droit.<\/p>\n<p class=\" wall-content\">S\u2019il n\u2019a pas pris l\u2019accent, son amour pour le chef-lieu occitan est tr\u00e8s ancr\u00e9 et il garde encore un \u0153il sur les exploits du <strong>Stade Toulousain.<\/strong> \u00ab\u2009Ne me demandez pas de critiquer Toulouse, je ne le pourrai pas\u2009\u00bb, nous avoue-t-il m\u00eame.<\/p>\n<p class=\" wall-content\">Il y a quatre mois, il a fait son retour \u00e0 Nantes, pour la premi\u00e8re fois depuis 30\u00a0ans, au poste de procureur g\u00e9n\u00e9ral.<\/p>\n<p class=\" wall-content\">Par ses proches et coll\u00e8gues, il savait que Nantes \u00ab\u2009avait beaucoup chang\u00e9\u2009\u00bb. Mais contrairement aux d\u00e9tracteurs, il assure qu\u2019elle a chang\u00e9 \u00ab\u2009en bien\u2009\u00bb, notamment en termes de qualit\u00e9 de vie.<\/p>\n<blockquote class=\"ac-article-quote wall-content\">\n<p>\u00c7a peut surprendre les Nantais quand je dis \u00e7a !<\/p>\n<p>    <strong>Antoine Leroy<\/strong><br \/>\n        Procureur de Nantes    <\/p><\/blockquote>\n<p class=\" wall-content\">Il reconna\u00eet la<strong> pr\u00e9sence de la d\u00e9linquance,<\/strong> mais ne la pense pas pire qu\u2019ailleurs et la d\u00e9crit presque comme in\u00e9luctable.<\/p>\n<blockquote class=\"ac-article-quote wall-content\">\n<p>Pour les Nantais, le choc vient du fait que la d\u00e9linquance est arriv\u00e9e plus tard. Cette d\u00e9linquance-l\u00e0, Toulouse la conna\u00eet depuis plus longtemps.<\/p>\n<p>    <strong>Antoine Leroy<\/strong><br \/>\n        Procureur de Nantes    <\/p><\/blockquote>\n<p class=\" wall-content\">Selon lui, Nantes, \u00ab\u2009un peu comme <a href=\"https:\/\/actu.fr\/rennes\/\" target=\"_blank\" rel=\"noopener\">Rennes<\/a>\u2009\u00bb, a \u00e9t\u00e9 pr\u00e9serv\u00e9 \u00ab\u2009une dizaine d\u2019ann\u00e9es de plus\u2009\u00bb, et les Nantais \u00ab\u2009ont sans doute cru pouvoir \u00eatre \u00e9pargn\u00e9s\u2009\u00bb.<\/p>\n<p class=\" wall-content\">Lui, a pris ses habitudes. Il se balade en ville, notamment le matin en allant au travail. Il en appr\u00e9cie son c\u00f4t\u00e9 \u00ab\u2009jeune\u2009\u00bb.<\/p>\n<p class=\" wall-content\">Antoine Leroy jette alors un regard par la fen\u00eatre de son bureau, en direction de la Loire. \u00ab\u2009Je ne pensais pas que la ville \u00e9tait devenue aussi agr\u00e9able.\u2009\u00bb<\/p>\n<p class=\" wall-content\">Suivez toute l\u2019actualit\u00e9 de vos villes et m\u00e9dias favoris en vous inscrivant \u00e0 <a href=\"https:\/\/moncompte.actu.fr\" title=\"D\u00e9couvez Mon Actu\" rel=\"nofollow noopener\" data-trk=\"{&quot;cta&quot;:{&quot;action&quot;:&quot;https:\\\/\\\/moncompte.actu.fr&quot;,&quot;category&quot;:&quot;mon compte&quot;,&quot;from&quot;:&quot;article footer&quot;,&quot;name&quot;:&quot;Mon actu&quot;,&quot;type&quot;:&quot;cta&quot;}}\" target=\"_blank\">Mon Actu<\/a>.<\/p>\n","protected":false},"excerpt":{"rendered":"Par Laure Gentil Publi\u00e9 le 23 mai 2025 \u00e0 7h32 Il a \u00e9chang\u00e9 une vue de la Garonne&hellip;\n","protected":false},"author":2,"featured_media":121332,"comment_status":"","ping_status":"","sticky":false,"template":"","format":"standard","meta":{"footnotes":""},"categories":[2818],"tags":[1111,11,1777,674,1011,27,303,766,12,2636,9026,25,104,10206],"class_list":{"0":"post-121331","1":"post","2":"type-post","3":"status-publish","4":"format-standard","5":"has-post-thumbnail","7":"category-nantes","8":"tag-actu","9":"tag-actualites","10":"tag-eu","11":"tag-europe","12":"tag-fr","13":"tag-france","14":"tag-justice","15":"tag-nantes","16":"tag-news","17":"tag-pays-de-la-loire","18":"tag-portrait","19":"tag-republique-francaise","20":"tag-societe","21":"tag-tribunal-de-nantes"},"share_on_mastodon":{"url":"https:\/\/pubeurope.com\/@fr\/114555766917002145","error":""},"_links":{"self":[{"href":"https:\/\/www.europesays.com\/fr\/wp-json\/wp\/v2\/posts\/121331","targetHints":{"allow":["GET"]}}],"collection":[{"href":"https:\/\/www.europesays.com\/fr\/wp-json\/wp\/v2\/posts"}],"about":[{"href":"https:\/\/www.europesays.com\/fr\/wp-json\/wp\/v2\/types\/post"}],"author":[{"embeddable":true,"href":"https:\/\/www.europesays.com\/fr\/wp-json\/wp\/v2\/users\/2"}],"replies":[{"embeddable":true,"href":"https:\/\/www.europesays.com\/fr\/wp-json\/wp\/v2\/comments?post=121331"}],"version-history":[{"count":0,"href":"https:\/\/www.europesays.com\/fr\/wp-json\/wp\/v2\/posts\/121331\/revisions"}],"wp:featuredmedia":[{"embeddable":true,"href":"https:\/\/www.europesays.com\/fr\/wp-json\/wp\/v2\/media\/121332"}],"wp:attachment":[{"href":"https:\/\/www.europesays.com\/fr\/wp-json\/wp\/v2\/media?parent=121331"}],"wp:term":[{"taxonomy":"category","embeddable":true,"href":"https:\/\/www.europesays.com\/fr\/wp-json\/wp\/v2\/categories?post=121331"},{"taxonomy":"post_tag","embeddable":true,"href":"https:\/\/www.europesays.com\/fr\/wp-json\/wp\/v2\/tags?post=121331"}],"curies":[{"name":"wp","href":"https:\/\/api.w.org\/{rel}","templated":true}]}}