{"id":121333,"date":"2025-05-23T06:37:09","date_gmt":"2025-05-23T06:37:09","guid":{"rendered":"https:\/\/www.europesays.com\/fr\/121333\/"},"modified":"2025-05-23T06:37:09","modified_gmt":"2025-05-23T06:37:09","slug":"des-tensions-au-sein-des-services-de-la-ville-perturbent-lorganisation-des-kermesses-de-fin-dannee","status":"publish","type":"post","link":"https:\/\/www.europesays.com\/fr\/121333\/","title":{"rendered":"des tensions au sein des services de la ville perturbent l\u2019organisation des kermesses de fin d\u2019ann\u00e9e"},"content":{"rendered":"<p>La collectivit\u00e9 n\u2019est pas en mesure d\u2019assurer toutes les livraisons de mat\u00e9riel. La CGT d\u00e9nonce un probl\u00e8me de management, alors qu\u2019une partie des agents est en arr\u00eat maladie. Un pr\u00e9avis de gr\u00e8ve est \u00e9galement en cours.<\/p>\n<p class=\"fig-paragraph\">La mauvaise nouvelle est tomb\u00e9e mardi, par mail. \u00abSuite \u00e0 un mouvement social, le service f\u00eates, manifestations et logistique n\u2019est plus en capacit\u00e9 d\u2019assurer les livraisons et le montage des podiums et estrades\u00bb, ont appris avec d\u00e9ception des parents organisateurs de la kermesse de\u00a0<a href=\"http:\/\/www.lefigaro.fr\/actualite-france\/la-cour-des-comptes-epingle-la-gestion-defaillante-de-l-ecole-primaire-20250520\" target=\"_blank\" data-fig-type=\"Article\" rel=\"noopener\" data-gtm-custom-categorie=\"navigation\" data-gtm-custom-action=\"crossclick\" data-gtm-custom-label=\"Contextuel\" data-gtm-event=\"customEventSPE\" data-fig-domain=\"LEFIGARO\">la petite \u00e9cole<\/a>\u00a0publique de leurs enfants.<\/p>\n<p class=\"fig-paragraph\">Si les chaises sont bien livr\u00e9es, \u00able podium, c\u2019est le coup dur\u00bb, confie au Figaro\u00a0une maman d\u2019\u00e9l\u00e8ve. Habituellement, le service de la ville et de la m\u00e9tropole le leur pr\u00eate et l\u2019installe. L\u2019\u00e9v\u00e9nement festif pr\u00e9vu le 13 juin ne va pas \u00eatre annul\u00e9 mais ce d\u00e9sagr\u00e9ment risque de complexifier le bon d\u00e9roulement de la journ\u00e9e. Pour des raisons de d\u00e9lai et de finances, les organisateurs de la f\u00eate ne pr\u00e9voient pas de faire appel \u00e0 un loueur. Les familles devront se masser pour esp\u00e9rer apercevoir leur enfant jouer.<\/p>\n<p>Pr\u00e9avis de gr\u00e8ve\u00a0et arr\u00eats maladie<\/p>\n<p class=\"fig-paragraph\">\u00abOn ne comprend pas. On ne sait pas pourquoi un mouvement social s\u2019\u00e9tend dans le temps. On pourrait se battre si on connaissait les arguments, mais l\u00e0, on est mis devant le fait accompli, \u00e0 plus ou moins courte \u00e9ch\u00e9ance de l\u2019\u00e9v\u00e9nement\u00bb, constate la m\u00e8re de famille. Cette situation touche d\u2019autres \u00e9tablissements ou organisateurs de f\u00eates, nombreuses en cette fin d\u2019ann\u00e9e scolaire.<\/p>\n<p class=\"fig-paragraph\">La m\u00e9tropole et la municipalit\u00e9 de Nantes expliquent qu\u2019un mouvement social est en cours depuis d\u00e9but avril au sein du service logistique et \u00e9v\u00e9nementiel, mutualis\u00e9 entre les deux entit\u00e9s. Un pr\u00e9avis de gr\u00e8ve a \u00e9t\u00e9 d\u00e9pos\u00e9. \u00abLe fonctionnement du service est actuellement perturb\u00e9 en raison de l\u2019absence d\u2019un certain nombre d\u2019agents\u00bb, pr\u00e9cise la collectivit\u00e9, ajoutant que les \u00e9changes se poursuivent avec les agents et organisations syndicales \u00abafin de d\u00e9finir les contours d\u2019un retour \u00e0 un fonctionnement normal, dans l\u2019int\u00e9r\u00eat des agents et du service public\u00bb.<\/p>\n<p class=\"fig-paragraph\">\u00abSur les 17 agents, 10 sont plac\u00e9s en arr\u00eat maladie par leur m\u00e9decin traitant\u00bb, fait savoir Virginie Chabourine, secr\u00e9taire g\u00e9n\u00e9rale de la CGT Nantes m\u00e9tropole, sollicit\u00e9e par Le Figaro. \u00abLes agents sont confus. \u00c7a n\u2019\u00e9tait pas leur but de faire annuler les manifestations. Mais ils n\u2019y arrivent plus\u00bb, souligne-t-elle. En cause\u00a0: \u00abun management toxique et agressif\u00bb. Selon l\u2019organisation syndicale, des dysfonctionnements manag\u00e9riaux sont observ\u00e9s depuis 2022 au point que \u00abla m\u00e9decine pr\u00e9ventive du travail a conseill\u00e9 \u00e0 certains agents d\u2019aller voir leur m\u00e9decin traitant, tant la situation est devenue catastrophique\u00bb.<\/p>\n<p class=\"fig-paragraph\">Aujourd\u2019hui, la CGT maintient son pr\u00e9avis de gr\u00e8ve n\u2019ayant pas obtenu satisfaction dans les n\u00e9gociations. \u00abOn demande que la chef de service soit mise \u00e0 l\u2019\u00e9cart le temps de l\u2019enqu\u00eate administrative lanc\u00e9e par la collectivit\u00e9\u00bb, \u00e9nonce Virginie Chabourine, qui souhaite \u00e9galement qu\u2019\u00abon donne aux agents les moyens et le personnel suffisant pour remplir leurs missions\u00bb.<\/p>\n<p>D\u2019autres manifestations impact\u00e9es<\/p>\n<p class=\"fig-paragraph\">En attendant un retour \u00e0 la normale, \u00ables \u00e9coles ont \u00e9t\u00e9 inform\u00e9es que le mat\u00e9riel command\u00e9 pour les f\u00eates d\u2019\u00e9coles leur serait bien livr\u00e9, \u00e0 l\u2019exception des podiums\u00bb, informe la collectivit\u00e9 nantaise. Quant au Printemps des voisins, une manifestation locale qui a commenc\u00e9 le 12 mai, \u00abl\u2019ensemble des organisateurs ont \u00e9t\u00e9 inform\u00e9s de l\u2019absence de livraison et de la n\u00e9cessit\u00e9 de venir chercher le mat\u00e9riel au magasin du service logistique et \u00e9v\u00e9nementiel\u00bb.<\/p>\n<p class=\"fig-paragraph\">\u00abLa Ville de Nantes a bien conscience de la g\u00eane occasionn\u00e9e par la situation mais n\u2019a actuellement n\u2019a pas connaissance d\u2019annulation d\u2019\u00e9v\u00e9nement li\u00e9e \u00e0 ces adaptations\u00bb, termine le service presse municipal et m\u00e9tropolitain nantais. Dans le quartier familial de Saint-F\u00e9lix, la f\u00eate organis\u00e9e par l\u2019association des commer\u00e7ants du village le 14 juin est tout de m\u00eame report\u00e9e au mois de septembre, a remarqu\u00e9 Presse Oc\u00e9an.<\/p>\n","protected":false},"excerpt":{"rendered":"La collectivit\u00e9 n\u2019est pas en mesure d\u2019assurer toutes les livraisons de mat\u00e9riel. La CGT d\u00e9nonce un probl\u00e8me de&hellip;\n","protected":false},"author":2,"featured_media":121334,"comment_status":"","ping_status":"","sticky":false,"template":"","format":"standard","meta":{"footnotes":""},"categories":[2818],"tags":[1111,11,1271,1777,674,462,1011,27,6151,2640,2642,766,2638,2643,2637,2639,2646,2645,2641,2635,2644,2647,12,2636,25],"class_list":{"0":"post-121333","1":"post","2":"type-post","3":"status-publish","4":"format-standard","5":"has-post-thumbnail","7":"category-nantes","8":"tag-actu","9":"tag-actualites","10":"tag-cgt","11":"tag-eu","12":"tag-europe","13":"tag-fc-nantes","14":"tag-fr","15":"tag-france","16":"tag-greve","17":"tag-hauts-paves-saint-felix","18":"tag-ile-de-nantes","19":"tag-nantes","20":"tag-nantes-bellevue-chantenay-sainte-anne","21":"tag-nantes-breil-barberie","22":"tag-nantes-centre-ville","23":"tag-nantes-dervallieres-zola","24":"tag-nantes-doulon-bottiere","25":"tag-nantes-erdre","26":"tag-nantes-malakoff-saint-donatien","27":"tag-nantes-metropole","28":"tag-nantes-nord","29":"tag-nantes-sud","30":"tag-news","31":"tag-pays-de-la-loire","32":"tag-republique-francaise"},"share_on_mastodon":{"url":"https:\/\/pubeurope.com\/@fr\/114555770921621968","error":""},"_links":{"self":[{"href":"https:\/\/www.europesays.com\/fr\/wp-json\/wp\/v2\/posts\/121333","targetHints":{"allow":["GET"]}}],"collection":[{"href":"https:\/\/www.europesays.com\/fr\/wp-json\/wp\/v2\/posts"}],"about":[{"href":"https:\/\/www.europesays.com\/fr\/wp-json\/wp\/v2\/types\/post"}],"author":[{"embeddable":true,"href":"https:\/\/www.europesays.com\/fr\/wp-json\/wp\/v2\/users\/2"}],"replies":[{"embeddable":true,"href":"https:\/\/www.europesays.com\/fr\/wp-json\/wp\/v2\/comments?post=121333"}],"version-history":[{"count":0,"href":"https:\/\/www.europesays.com\/fr\/wp-json\/wp\/v2\/posts\/121333\/revisions"}],"wp:featuredmedia":[{"embeddable":true,"href":"https:\/\/www.europesays.com\/fr\/wp-json\/wp\/v2\/media\/121334"}],"wp:attachment":[{"href":"https:\/\/www.europesays.com\/fr\/wp-json\/wp\/v2\/media?parent=121333"}],"wp:term":[{"taxonomy":"category","embeddable":true,"href":"https:\/\/www.europesays.com\/fr\/wp-json\/wp\/v2\/categories?post=121333"},{"taxonomy":"post_tag","embeddable":true,"href":"https:\/\/www.europesays.com\/fr\/wp-json\/wp\/v2\/tags?post=121333"}],"curies":[{"name":"wp","href":"https:\/\/api.w.org\/{rel}","templated":true}]}}