{"id":121343,"date":"2025-05-23T06:42:12","date_gmt":"2025-05-23T06:42:12","guid":{"rendered":"https:\/\/www.europesays.com\/fr\/121343\/"},"modified":"2025-05-23T06:42:12","modified_gmt":"2025-05-23T06:42:12","slug":"nord-pourquoi-les-blagues-des-pompiers-sinvitent-elles-dans-les-emballages-carambar","status":"publish","type":"post","link":"https:\/\/www.europesays.com\/fr\/121343\/","title":{"rendered":"Nord. Pourquoi les blagues des pompiers s\u2019invitent-elles dans les emballages Carambar\u00a0?"},"content":{"rendered":"<p>            Par<br \/>\n        <strong><br \/>\n            <a href=\"https:\/\/actu.fr\/auteur\/amandine-vachez\" title=\"Consulter tous les articles de Amandine Vachez\" rel=\"nofollow noopener\" target=\"_blank\">Amandine Vachez<\/a><br \/>\n        <\/strong><\/p>\n<p>        Publi\u00e9 le<\/p>\n<p>            23 mai 2025 \u00e0 8h08        <\/p>\n<p>D\u00e8s le mardi 20\u00a0mai 2025, les <b>bonbons<\/b> <b>Carambar <\/b>d\u2019une <b>collection in\u00e9dite<\/b> ont fait leur arriv\u00e9e dans les rayons de ses distributeurs, partout en France. Il s\u2019agit d\u2019une <b>collaboration avec la FNSPF, F\u00e9d\u00e9ration nationale des sapeurs-pompiers de France<\/b>, entre humour et pr\u00e9vention.<\/p>\n<p>Sortir des sentiers battus pour toucher les (jeunes) citoyens<\/p>\n<p class=\" wall-content\">Dans les jours qui viennent, beaucoup de Fran\u00e7ais vont \u00eatre surpris de trouver dans les rayons un nouveau type de paquets Carambar. Les sucreries produites dans le Nord, dans <b>l\u2019usine de Bondues<\/b> de Carambar plus exactement, se font le relais de <b>messages de pr\u00e9vention.<\/b><\/p>\n<p class=\" wall-content\">Le partenaire de choix duquel s\u2019est entour\u00e9e l\u2019entreprise pour une telle op\u00e9ration cherchait \u00e0 aller encore plus loin. \u00ab\u2009Nous avons un peu fait le tour des moyens classiques de pr\u00e9vention. L\u2019id\u00e9e pour nous \u00e9tait de cr\u00e9er <b>quelque chose qui avait du sens, qui marque les esprits<\/b>. Et quoi de mieux, pour toucher le public, que de sortir des sentiers battus\u2009?\u2009\u00bb, pr\u00e9sente Eric Bocardi, porte-parole de la F\u00e9d\u00e9ration nationale des Sapeurs-pompiers.<\/p>\n<p class=\" wall-content\">Une rencontre entre un repr\u00e9sentant de Carambar et un membre de la FNSP a \u00e9t\u00e9 le d\u00e9clencheur de ce projet, qui s\u2019est transform\u00e9 en une<b> gigantesque campagne de<\/b>\u00a0<b>communication multicanale.<\/b><\/p>\n<p>    <img   decoding=\"async\" loading=\"lazy\" class=\"size-large\" src=\"https:\/\/www.europesays.com\/fr\/wp-content\/uploads\/2025\/05\/863c8f007c286da3c8f007c28ce3c8v-960x640.jpeg\" alt=\"Pour cette collaboration in\u00e9dite, une nouvelle saveur a \u00e9t\u00e9 cr\u00e9\u00e9e par les \u00e9quipes de Carambar : citron piment\u00e9.\" width=\"960\" height=\"640\"\/><br \/>\n    Pour cette collaboration in\u00e9dite, une nouvelle saveur a \u00e9t\u00e9 cr\u00e9\u00e9e par les \u00e9quipes de Carambar\u2009: citron piquant. \u00a9Amandine VachezDes blagues et conseils des pompiers dans les papillotes<\/p>\n<p class=\" wall-content\">On trouve dans les papillotes de cette <b>nouvelle collection (go\u00fbts caramel, cola et citron piquant, sp\u00e9cialement d\u00e9velopp\u00e9 pour l\u2019occasion) <\/b>des messages nouveaux. Chaque emballage renferme une blague et un message des pompiers.<b> <\/b>Le tout imagin\u00e9 par un groupe de travail au sein de l\u2019Amicale des pompiers, dans lequel ont \u0153uvr\u00e9 des sp\u00e9cialistes. \u00ab\u2009Nous avons la chance d\u2019avoir un grand r\u00e9seau de volontaires, qui ont un autre m\u00e9tier \u00e0 c\u00f4t\u00e9\u2009\u00bb, souligne Eric Bocardi. Parmi les cr\u00e9ateurs de ces contenus (une<b> centaine de blagues et de messages pr\u00e9ventifs <\/b>li\u00e9s), un dessinateur de BD ou un professeur des \u00e9coles.<\/p>\n<blockquote class=\"ac-article-quote wall-content\">\n<p>\u00ab\u2009Nous avons fait en sorte de trouver des messages qui parlent aux plus jeunes.\u2009\u00bb<\/p>\n<p>Eric Bocardi, de la F\u00e9d\u00e9ration nationale des sapeurs-pompiers.<\/p><\/blockquote>\n<p>    <img   decoding=\"async\" loading=\"lazy\" class=\"size-large\" src=\"https:\/\/www.europesays.com\/fr\/wp-content\/uploads\/2025\/05\/aa905f007c2869e905f007c2862a05v-960x640.jpeg\" alt=\"Des blagues et messages pr\u00e9ventifs des pompiers s'invitent dans les papillotes Carambar, d\u00e8s mai 2025.\" width=\"960\" height=\"640\"\/><br \/>\n    Des blagues et messages pr\u00e9ventifs des pompiers s\u2019invitent dans les papillotes Carambar, d\u00e8s mai\u00a02025. \u00a9Amandine Vachez<\/p>\n<p class=\" wall-content\">Un pr\u00e9texte \u00e0 la discussion entre parents et enfants, notamment. Ce qui a du sens, pour un produit interg\u00e9n\u00e9rationnel. \u00ab\u2009Les enfants sont prescripteurs, sur ce type de sujets\u2009\u00bb, souligne de son c\u00f4t\u00e9 Marc Auclair, pr\u00e9sident du groupe Carambar &amp; Co.<\/p>\n<p class=\" wall-content\">Pour lui, c\u2019est aussi bien s\u00fbr un argument de vente. Et il esp\u00e8re que la mayonnaise va prendre. \u00ab\u2009On souhaite que cette op\u00e9ration soit un succ\u00e8s\u2009: pour l\u2019entreprise, oui, mais aussi parce que chaque Carambar vendu fait passer un message de pr\u00e9vention.\u2009\u00bb Il insiste\u2009: ce dispositif vise \u00e0 se poursuivre sur la dur\u00e9e. \u00ab\u2009L\u2019op\u00e9ration se cl\u00f4ture en septembre. Mais les bonbons avec les \u2018bons tuyaux\u2019 des pompiers vont aussi se retrouver dans les autres emballages. Il y aura une petite \u00e9tiquette sur le paquet pour le sp\u00e9cifier.\u2009\u00bb<\/p>\n<p>Le h\u00e9ros \u00ab\u2009Carah\u00e9ros\u2009\u00bb sur les \u00e9tals<br \/>\n    <img   decoding=\"async\" loading=\"lazy\" class=\"size-large\" src=\"https:\/\/www.europesays.com\/fr\/wp-content\/uploads\/2025\/05\/5e3a7f007c286324a7f007c28064a7v-960x640.jpeg\" alt=\"\" carah=\"\" est=\"\" la=\"\" nouvelle=\"\" mascotte=\"\" de=\"\" carambar=\"\" l=\"\" des=\"\" sapeurs-pompiers.=\"\" width=\"960\" height=\"640\"\/><br \/>\n    \u00ab\u2009Carah\u00e9ros\u2009\u00bb est la nouvelle mascotte de Carambar, \u00e0 l\u2019effigie des sapeurs-pompiers. \u00a9Amandine Vachez<\/p>\n<p class=\" wall-content\">Parce que Carambar ne fait pas les choses \u00e0 moiti\u00e9, le projet a donn\u00e9 vie \u00e0 un <b>personnage\u2009: \u00ab\u2009Carah\u00e9ros\u2009\u00bb.<\/b> Il figure sur les outils de communication de Carambar, qui garde secret le co\u00fbt d\u2019une telle op\u00e9ration. \u00ab\u2009L\u2019important ici est de valoriser les messages des sapeurs-pompiers\u2009\u00bb, souligne Marc Auclair. \u00ab\u2009Cette collaboration a du sens chez nous, parce qu\u2019on est tr\u00e8s largement distribu\u00e9s en France\u2009\u00bb, ajoute le repr\u00e9sentant de l\u2019entreprise.<\/p>\n<blockquote class=\"ac-article-quote wall-content\">\n<p>\u00ab\u2009Nous sommes aussi chez les buralistes, qui ont aussi une mission de pr\u00e9vention pour les feux de for\u00eats, par exemple. Ils distribuent d\u00e9j\u00e0 des cendriers de poche\u2026\u2009\u00bb<\/p>\n<p>Marc Auclair, pr\u00e9sident du groupe Carambar &amp; Co.<\/p><\/blockquote>\n<p>Un bus rouge sur les routes de France pour former les h\u00e9ros de demain<br \/>\n    <img   decoding=\"async\" loading=\"lazy\" class=\"size-large\" src=\"https:\/\/www.europesays.com\/fr\/wp-content\/uploads\/2025\/05\/269c9f007c286c4ac9f007c28f8ac9v-960x640.jpeg\" alt=\"Un bus aux couleurs de la collaboration part sur les routes de France pour une tourn\u00e9e estivale, entre jeux, gourmandise et pr\u00e9vention.\" width=\"960\" height=\"640\"\/><br \/>\n    Un bus aux couleurs de la collaboration part sur les routes de France pour une tourn\u00e9e estivale, entre jeux, gourmandise et pr\u00e9vention. \u00a9Amandine Vachez<\/p>\n<p class=\" wall-content\">Les \u00ab\u2009bons tuyaux\u2009\u00bb des pompiers ne seront pas que dans les emballages des sucreries. Ils visent \u00e0 toucher le plus large public possible. Un<b> bus aux couleurs de cette \u00e9dition sp\u00e9ciale <\/b>va partir pour une tourn\u00e9e d\u2019\u00e9t\u00e9 dans des villes de France. Les sapeurs-pompiers y assureront des <b>formations de secourisme \u00e9l\u00e9mentaire<\/b> \u00e0 de jeunes participants, d\u2019une mani\u00e8re ludique. Ces derniers se verront remettre un dipl\u00f4me de \u00ab\u2009Carah\u00e9ros\u2009\u00bb, sign\u00e9 de la main d\u2019un secouriste.<\/p>\n<p class=\" wall-content\">Un bon moyen de<b> renforcer l\u2019engagement citoyen <\/b>d\u00e8s le plus jeune \u00e2ge, dans un pays o\u00f9 l\u2019on est pas tr\u00e8s au fait du comportement \u00e0 adopter en situation d\u2019urgence (environ 30\u2009%, cite la FNSP, contre 80\u2009% dans les pays scandinaves).<\/p>\n<p>*Selon le barom\u00e8tre de la Croix rouge.<\/p>\n<p class=\" wall-content\">Suivez toute l\u2019actualit\u00e9 de vos villes et m\u00e9dias favoris en vous inscrivant \u00e0 <a href=\"https:\/\/moncompte.actu.fr\" title=\"D\u00e9couvez Mon Actu\" rel=\"nofollow noopener\" data-trk=\"{&quot;cta&quot;:{&quot;action&quot;:&quot;https:\\\/\\\/moncompte.actu.fr&quot;,&quot;category&quot;:&quot;mon compte&quot;,&quot;from&quot;:&quot;article footer&quot;,&quot;name&quot;:&quot;Mon actu&quot;,&quot;type&quot;:&quot;cta&quot;}}\" target=\"_blank\">Mon Actu<\/a>.<\/p>\n","protected":false},"excerpt":{"rendered":"Par Amandine Vachez Publi\u00e9 le 23 mai 2025 \u00e0 8h08 D\u00e8s le mardi 20\u00a0mai 2025, les bonbons Carambar&hellip;\n","protected":false},"author":2,"featured_media":121344,"comment_status":"","ping_status":"","sticky":false,"template":"","format":"standard","meta":{"footnotes":""},"categories":[2815],"tags":[1111,11,1777,674,1011,27,811,708,1307,12,1311,25,104],"class_list":{"0":"post-121343","1":"post","2":"type-post","3":"status-publish","4":"format-standard","5":"has-post-thumbnail","7":"category-lille","8":"tag-actu","9":"tag-actualites","10":"tag-eu","11":"tag-europe","12":"tag-fr","13":"tag-france","14":"tag-hauts-de-france","15":"tag-humour","16":"tag-lille","17":"tag-news","18":"tag-pompiers","19":"tag-republique-francaise","20":"tag-societe"},"share_on_mastodon":{"url":"https:\/\/pubeurope.com\/@fr\/114555790719664430","error":""},"_links":{"self":[{"href":"https:\/\/www.europesays.com\/fr\/wp-json\/wp\/v2\/posts\/121343","targetHints":{"allow":["GET"]}}],"collection":[{"href":"https:\/\/www.europesays.com\/fr\/wp-json\/wp\/v2\/posts"}],"about":[{"href":"https:\/\/www.europesays.com\/fr\/wp-json\/wp\/v2\/types\/post"}],"author":[{"embeddable":true,"href":"https:\/\/www.europesays.com\/fr\/wp-json\/wp\/v2\/users\/2"}],"replies":[{"embeddable":true,"href":"https:\/\/www.europesays.com\/fr\/wp-json\/wp\/v2\/comments?post=121343"}],"version-history":[{"count":0,"href":"https:\/\/www.europesays.com\/fr\/wp-json\/wp\/v2\/posts\/121343\/revisions"}],"wp:featuredmedia":[{"embeddable":true,"href":"https:\/\/www.europesays.com\/fr\/wp-json\/wp\/v2\/media\/121344"}],"wp:attachment":[{"href":"https:\/\/www.europesays.com\/fr\/wp-json\/wp\/v2\/media?parent=121343"}],"wp:term":[{"taxonomy":"category","embeddable":true,"href":"https:\/\/www.europesays.com\/fr\/wp-json\/wp\/v2\/categories?post=121343"},{"taxonomy":"post_tag","embeddable":true,"href":"https:\/\/www.europesays.com\/fr\/wp-json\/wp\/v2\/tags?post=121343"}],"curies":[{"name":"wp","href":"https:\/\/api.w.org\/{rel}","templated":true}]}}